{"id":43401,"date":"2024-09-16T16:44:10","date_gmt":"2024-09-16T14:44:10","guid":{"rendered":"https:\/\/www.bakenews.it\/?p=43401"},"modified":"2024-09-16T16:44:12","modified_gmt":"2024-09-16T14:44:12","slug":"sfida-tra-candidati-finisce-in-rissa-con-sediate-in-testa-limbarazzante-diretta-tv","status":"publish","type":"post","link":"https:\/\/newsvirali.it\/de\/2024\/09\/16\/streit-zwischen-kandidaten-endet-in-peinlicher-live-tv-schlagerei-mit-stuhlen-auf-dem-kopf\/","title":{"rendered":"Streit zwischen Kandidaten endet in Schl\u00e4gerei mit St\u00fchlen auf dem Kopf: die peinliche Live-\u00dcbertragung im Fernsehen"},"content":{"rendered":"<p>Die TV-Debatte zwischen zwei B\u00fcrgermeisterkandidaten in Brasilien endet in einer Schl\u00e4gerei: Einer von ihnen wird mit einem Stuhl auf den Kopf geschlagen und anschlie\u00dfend ins Krankenhaus eingeliefert. Pablo Marcal wurde mit Verdacht auf gebrochene Rippen und Atembeschwerden ins Krankenhaus eingeliefert, nachdem sein Gegner ihn im Live-Fernsehen brutal mit einem Eisenstuhl geschlagen hatte. Das Filmmaterial zeigt, wie Jose Luiz Datena sich dem Opfer n\u00e4hert und den schweren Stuhl aus n\u00e4chster N\u00e4he auf Marcals Kopf schleudert, obwohl es ihm im letzten Moment gelingt, einen Arm zu heben und den Schlag leicht abzuwehren.<\/p>\n\n\n\n<p><strong>LESEN SIE AUCH<\/strong><\/p>\n\n\n\n<ul class=\"wp-block-list\">\n<li><a href=\"https:\/\/www.bakenews.it\/2024\/09\/14\/rissa-tra-cantante-e-chitarrista-dei-janes-addiction-ecco-il-motivo\/\">Schl\u00e4gerei zwischen S\u00e4ngerin und Gitarristin von Jane&#039;s Addiction: Hier ist der Grund<\/a><\/li>\n\n\n\n<li><a href=\"https:\/\/www.bakenews.it\/2024\/09\/10\/sposa-lancia-bouquet-e-il-matrimonio-finisce-in-rissa-video-delle-invitate-cosce-allaria\/\">Braut wirft Blumenstrau\u00df und die Hochzeit endet in einem Streit: Video der G\u00e4ste mit in die Luft gestreckten Schenkeln<\/a><\/li>\n\n\n\n<li><a href=\"https:\/\/www.bakenews.it\/2024\/07\/12\/rissa-a-tenerife-turisti-si-lanciano-pietre-tra-donne-e-bimbi-in-lacrime\/\">Schl\u00e4gerei auf Teneriffa, Touristen werfen Steine zwischen weinende Frauen und Kinder<\/a><\/li>\n<\/ul>\n\n\n\n<p>Beide M\u00e4nner kandidieren f\u00fcr das Amt des B\u00fcrgermeisters von S\u00e3o Paulo. Der rechtsextreme digitale Influencer und Lebensberater Marcal hatte Datena ver\u00e4rgert, indem er Vorw\u00fcrfe der sexuellen Bel\u00e4stigung gegen den Fernsehmoderator erw\u00e4hnte, die von der Staatsanwaltschaft zur\u00fcckgewiesen wurden. Es folgte ein Austausch von Beleidigungen, der mit k\u00f6rperlicher Aggression endete, nachdem Marcal seinem politischen Rivalen, der wie er nie ein politisches Amt innehatte, vorwarf, er habe ihn bei einer fr\u00fcheren Fernsehdebatte angreifen wollen, aber aufgegeben, weil \u201eer kein Mensch war\u201c. genug&quot;.<\/p>\n\n\n\n<figure class=\"wp-block-embed is-type-rich is-provider-twitter wp-block-embed-twitter\"><div class=\"wp-block-embed__wrapper\">\n<blockquote class=\"twitter-tweet\" data-width=\"500\" data-dnt=\"true\"><p lang=\"pt\" dir=\"ltr\">Datena verwirklichte den Traum eines ganzen Landes, den Kopf von Pablo Mar\u00e7al zu st\u00fcrzen <a href=\"https:\/\/t.co\/TQjaPZZGbo\">pic.twitter.com\/TQjaPZZGbo<\/a><\/p>\u2014 Matheus (@odontinho) <a href=\"https:\/\/twitter.com\/odontinho\/status\/1835510737982099901?ref_src=twsrc%5Etfw\">16. September 2024<\/a><\/blockquote><script async src=\"https:\/\/platform.twitter.com\/widgets.js\" charset=\"utf-8\"><\/script>\n<\/div><\/figure>\n\n\n\n<p>Die vom Fachfernsehsender TV Cultura organisierte Debatte wurde unterbrochen. Das Rennen wurde mit den verbleibenden Kandidaten fortgesetzt, nachdem Marcal ins Krankenhaus eingeliefert und Datena, Moderator der Polizei- und Kriminalit\u00e4tssendung Brasil Urgente, ausgeschlossen wurde. Der Angreifer wurde von einem Anwalt, der das Opfer des Angriffs vertrat, der Polizei gemeldet, es gab jedoch keine unmittelbaren Berichte \u00fcber seine Festnahme.<\/p>\n\n\n\n<h2 class=\"wp-block-heading\" id=\"h-rissa-tra-i-candidati-in-diretta-tv-ecco-cosa-l-ha-scatenata\">Schl\u00e4gerei zwischen den Kandidaten im Live-Fernsehen: Das war der Ausl\u00f6ser<\/h2>\n\n\n\n<p>Datena gab zu, dass sie in den Kommentaren, die sie beim Verlassen des Fernsehstudios abgegeben hatte, \u201eden Verstand verloren\u201c hatte, und verkn\u00fcpfte ihre Reaktion mit dem Stress, der durch den Tod ihrer Schwiegermutter verursacht wurde, die einen Schlaganfall erlitt, nachdem gegen sie Bel\u00e4stigungsvorw\u00fcrfe erhoben worden waren. Er sagte: \u201eIch w\u00e4hle keine emotionalen Momente. Ich bin ein richtiger Mann. Er sagte, er sei sicher, dass der Tod seines Verwandten auf die Vorw\u00fcrfe wegen Sexualverbrechen zur\u00fcckzuf\u00fchren sei, und f\u00fcgte hinzu: \u201eIch hatte das Gef\u00fchl, dass mir alles wieder einfiel, und ich konnte nichts dagegen tun.<\/p>\n\n\n\n<p>TV Cultura sagte in einer Erkl\u00e4rung: \u201eWir bedauern die Episode, die sich w\u00e4hrend der Debatte mit den Kandidaten der Gemeinde S\u00e3o Paulo am Sonntag ereignete, an der die Kandidaten Jos\u00e9 Luiz Datena und Pablo Marcal teilnahmen.\u201c Der Sender bekr\u00e4ftigt, dass nach dem Angriff alle notwendigen Ma\u00dfnahmen in \u00dcbereinstimmung mit den zuvor schriftlich zwischen TC Cultura und den Kampagnen aller anwesenden Kandidaten festgelegten Regeln ergriffen wurden, einschlie\u00dflich des Ausschlusses des Kandidaten Jos\u00e9 Luiz Datena. Die Debatte wurde nach R\u00fccksprache und Einigung mit den anderen Kandidaten fortgesetzt.\u201c<\/p>\n\n\n\n<p><strong>MEISTGELESENE ARTIKEL<\/strong><\/p>\n\n\n<p>[koko_analytics_most_viewed_posts number=5 days=8 post_type=\u201dpost\u201d show_date=\u201dfalse\u201d]<\/p>\n\n\n\n<p>In einer heute Abend ver\u00f6ffentlichten Erkl\u00e4rung der Berater von Pablo Marcal hei\u00dft es: \u201ePablo Marcal wurde feige von Jose Luiz Datena angegriffen, der ihn mit einem Eisenstuhl in die Rippen schlug.\u201c Leider musste Marcal die Debatte in einem Krankenwagen verlassen, um eine medizinische Notfallbehandlung zu erhalten. Es ist eine Schande, dass die Debatte ohne die Anwesenheit des angegriffenen Kandidaten fortgesetzt wurde. Wir hoffen, dass entsprechende gesetzliche Ma\u00dfnahmen ergriffen werden und z\u00e4hlen auf die Gebete der B\u00fcrger.\u201c<\/p>\n<br \/>Folgen Sie uns auch auf Google News: <b><a href=\"https:\/\/news.google.com\/publications\/CAAqBwgKMNqJiwswjMfqAg?hl=it&gl=IT&ceid=IT:it\" target=\"_blank\">klicken Sie hier<\/a><\/b>","protected":false},"excerpt":{"rendered":"<p>Die TV-Debatte zwischen zwei B\u00fcrgermeisterkandidaten in Brasilien endet in einer Schl\u00e4gerei: Einer der beiden wird mit einem Stuhl in [\u2026] geschlagen.<\/p>","protected":false},"author":4,"featured_media":43402,"comment_status":"closed","ping_status":"open","sticky":false,"template":"","format":"standard","meta":{"MSN_Categories":"Uncategorized","MSN_Publish_Option":false,"MSN_Is_Local_News":false,"MSN_Is_AIAC_Included":"Empty","MSN_Location":"[]","MSN_Add_Feature_Img_On_Top_Of_Post":false,"MSN_Has_Custom_Author":false,"MSN_Custom_Author":"","MSN_Has_Custom_Canonical_Url":false,"MSN_Custom_Canonical_Url":"","footnotes":""},"categories":[9],"tags":[],"class_list":["post-43401","post","type-post","status-publish","format-standard","has-post-thumbnail","hentry","category-mondo"],"acf":[],"yoast_head":"<!-- This site is optimized with the Yoast SEO Premium plugin v26.7 (Yoast SEO v26.7) - https:\/\/yoast.com\/wordpress\/plugins\/seo\/ -->\n<title>Sfida tra candidati finisce in rissa con sediate in testa: l&#039;imbarazzante diretta tv<\/title>\n<meta name=\"description\" content=\"Finisce in rissa il dibattito tv tra due candidati sindaco: uno viene preso a sediate in testa per poi essere trasportato in ospedale.\" \/>\n<meta name=\"robots\" content=\"index, follow, max-snippet:-1, max-image-preview:large, max-video-preview:-1\" \/>\n<link rel=\"canonical\" href=\"https:\/\/newsvirali.it\/de\/2024\/09\/16\/streit-zwischen-kandidaten-endet-in-peinlicher-live-tv-schlagerei-mit-stuhlen-auf-dem-kopf\/\" \/>\n<meta property=\"og:locale\" content=\"de_DE\" \/>\n<meta property=\"og:type\" content=\"article\" \/>\n<meta property=\"og:title\" content=\"Sfida tra candidati finisce in rissa con sediate in testa: l&#039;imbarazzante diretta tv\" \/>\n<meta property=\"og:description\" content=\"Finisce in rissa il dibattito tv tra due candidati sindaco: uno viene preso a sediate in testa per poi essere trasportato in ospedale.\" \/>\n<meta property=\"og:url\" content=\"https:\/\/newsvirali.it\/de\/2024\/09\/16\/streit-zwischen-kandidaten-endet-in-peinlicher-live-tv-schlagerei-mit-stuhlen-auf-dem-kopf\/\" \/>\n<meta property=\"og:site_name\" content=\"News virali\" \/>\n<meta property=\"article:published_time\" content=\"2024-09-16T14:44:10+00:00\" \/>\n<meta property=\"article:modified_time\" content=\"2024-09-16T14:44:12+00:00\" \/>\n<meta property=\"og:image\" content=\"https:\/\/newsvirali.it\/wp-content\/uploads\/2024\/09\/Sfida-tra-candidati-finisce-a-sediate-in-testa-0.jpg\" \/>\n\t<meta property=\"og:image:width\" content=\"600\" \/>\n\t<meta property=\"og:image:height\" content=\"400\" \/>\n\t<meta property=\"og:image:type\" content=\"image\/jpeg\" \/>\n<meta name=\"author\" content=\"Cecco Prestina\" \/>\n<meta name=\"twitter:card\" content=\"summary_large_image\" \/>\n<meta name=\"twitter:label1\" content=\"Verfasst von\" \/>\n\t<meta name=\"twitter:data1\" content=\"Cecco Prestina\" \/>\n\t<meta name=\"twitter:label2\" content=\"Gesch\u00e4tzte Lesezeit\" \/>\n\t<meta name=\"twitter:data2\" content=\"3\u00a0Minuten\" \/>\n<script type=\"application\/ld+json\" class=\"yoast-schema-graph\">{\"@context\":\"https:\/\/schema.org\",\"@graph\":[{\"@type\":\"NewsArticle\",\"@id\":\"https:\/\/newsvirali.it\/2024\/09\/16\/sfida-tra-candidati-finisce-in-rissa-con-sediate-in-testa-limbarazzante-diretta-tv\/#article\",\"isPartOf\":{\"@id\":\"https:\/\/newsvirali.it\/2024\/09\/16\/sfida-tra-candidati-finisce-in-rissa-con-sediate-in-testa-limbarazzante-diretta-tv\/\"},\"author\":{\"name\":\"Cecco Prestina\",\"@id\":\"https:\/\/newsvirali.it\/fr\/#\/schema\/person\/4c835f7b49c9adb58b33901ee816565d\"},\"headline\":\"Sfida tra candidati finisce in rissa con sediate in testa: l&#8217;imbarazzante diretta tv\",\"datePublished\":\"2024-09-16T14:44:10+00:00\",\"dateModified\":\"2024-09-16T14:44:12+00:00\",\"mainEntityOfPage\":{\"@id\":\"https:\/\/newsvirali.it\/2024\/09\/16\/sfida-tra-candidati-finisce-in-rissa-con-sediate-in-testa-limbarazzante-diretta-tv\/\"},\"wordCount\":578,\"image\":{\"@id\":\"https:\/\/newsvirali.it\/2024\/09\/16\/sfida-tra-candidati-finisce-in-rissa-con-sediate-in-testa-limbarazzante-diretta-tv\/#primaryimage\"},\"thumbnailUrl\":\"https:\/\/newsvirali.it\/wp-content\/uploads\/2024\/09\/Sfida-tra-candidati-finisce-a-sediate-in-testa-0.jpg\",\"articleSection\":[\"Mondo\"],\"inLanguage\":\"de\",\"copyrightYear\":\"2024\",\"copyrightHolder\":{\"@id\":\"https:\/\/newsvirali.it\/de\/#organization\"}},{\"@type\":\"WebPage\",\"@id\":\"https:\/\/newsvirali.it\/2024\/09\/16\/sfida-tra-candidati-finisce-in-rissa-con-sediate-in-testa-limbarazzante-diretta-tv\/\",\"url\":\"https:\/\/newsvirali.it\/2024\/09\/16\/sfida-tra-candidati-finisce-in-rissa-con-sediate-in-testa-limbarazzante-diretta-tv\/\",\"name\":\"Sfida tra candidati finisce in rissa con sediate in testa: l'imbarazzante diretta tv\",\"isPartOf\":{\"@id\":\"https:\/\/newsvirali.it\/fr\/#website\"},\"primaryImageOfPage\":{\"@id\":\"https:\/\/newsvirali.it\/2024\/09\/16\/sfida-tra-candidati-finisce-in-rissa-con-sediate-in-testa-limbarazzante-diretta-tv\/#primaryimage\"},\"image\":{\"@id\":\"https:\/\/newsvirali.it\/2024\/09\/16\/sfida-tra-candidati-finisce-in-rissa-con-sediate-in-testa-limbarazzante-diretta-tv\/#primaryimage\"},\"thumbnailUrl\":\"https:\/\/newsvirali.it\/wp-content\/uploads\/2024\/09\/Sfida-tra-candidati-finisce-a-sediate-in-testa-0.jpg\",\"datePublished\":\"2024-09-16T14:44:10+00:00\",\"dateModified\":\"2024-09-16T14:44:12+00:00\",\"author\":{\"@id\":\"https:\/\/newsvirali.it\/fr\/#\/schema\/person\/4c835f7b49c9adb58b33901ee816565d\"},\"description\":\"Finisce in rissa il dibattito tv tra due candidati sindaco: uno viene preso a sediate in testa per poi essere trasportato in ospedale.\",\"breadcrumb\":{\"@id\":\"https:\/\/newsvirali.it\/2024\/09\/16\/sfida-tra-candidati-finisce-in-rissa-con-sediate-in-testa-limbarazzante-diretta-tv\/#breadcrumb\"},\"inLanguage\":\"de\",\"potentialAction\":[{\"@type\":\"ReadAction\",\"target\":[\"https:\/\/newsvirali.it\/2024\/09\/16\/sfida-tra-candidati-finisce-in-rissa-con-sediate-in-testa-limbarazzante-diretta-tv\/\"]}]},{\"@type\":\"ImageObject\",\"inLanguage\":\"de\",\"@id\":\"https:\/\/newsvirali.it\/2024\/09\/16\/sfida-tra-candidati-finisce-in-rissa-con-sediate-in-testa-limbarazzante-diretta-tv\/#primaryimage\",\"url\":\"https:\/\/newsvirali.it\/wp-content\/uploads\/2024\/09\/Sfida-tra-candidati-finisce-a-sediate-in-testa-0.jpg\",\"contentUrl\":\"https:\/\/newsvirali.it\/wp-content\/uploads\/2024\/09\/Sfida-tra-candidati-finisce-a-sediate-in-testa-0.jpg\",\"width\":600,\"height\":400,\"caption\":\"Sfida tra candidati finisce a sediate in testa\"},{\"@type\":\"BreadcrumbList\",\"@id\":\"https:\/\/newsvirali.it\/2024\/09\/16\/sfida-tra-candidati-finisce-in-rissa-con-sediate-in-testa-limbarazzante-diretta-tv\/#breadcrumb\",\"itemListElement\":[{\"@type\":\"ListItem\",\"position\":1,\"name\":\"Home\",\"item\":\"https:\/\/newsvirali.it\/fr\/\"},{\"@type\":\"ListItem\",\"position\":2,\"name\":\"Sfida tra candidati finisce in rissa con sediate in testa: l&#8217;imbarazzante diretta tv\"}]},{\"@type\":\"WebSite\",\"@id\":\"https:\/\/newsvirali.it\/fr\/#website\",\"url\":\"https:\/\/newsvirali.it\/fr\/\",\"name\":\"Bake News\",\"description\":\"\",\"potentialAction\":[{\"@type\":\"SearchAction\",\"target\":{\"@type\":\"EntryPoint\",\"urlTemplate\":\"https:\/\/newsvirali.it\/fr\/?s={search_term_string}\"},\"query-input\":{\"@type\":\"PropertyValueSpecification\",\"valueRequired\":true,\"valueName\":\"search_term_string\"}}],\"inLanguage\":\"de\"},{\"@type\":\"Person\",\"@id\":\"https:\/\/newsvirali.it\/fr\/#\/schema\/person\/4c835f7b49c9adb58b33901ee816565d\",\"name\":\"Cecco Prestina\",\"description\":\"Perch\u00e9 nasconderlo? Cecco Prestina \u00e8 un alias, ma dietro di lui non si cela un algoritmo di intelligenza artificiale. C'\u00e8 un giornalista che ha oltre vent'anni di esperienza tutta sul web. Da quando il primo modem ha iniziato a gracchiare sul territorio italiano con Video on Line, Cecco ha capito che da quel doppino sarebbe passato il futuro. Ha dedidicato tutta la sua carriera a capire Internet e poi i social e ora l'Ai. Una carriera in costante aggiornamento. E questa esperienza la mette in campo ogni giorno. Per\u00f2 ogni tanto Cecco ha voglia anche di non scrivere \\\"pipponi\\\" sulla politica, sull'economia. Ha voglia anche di scrivere qualcosa di divertente. Le notizie che trovate su Bake News sono le stesse che Cecco porta all'aperitivo con gli amici. Quelle di cui discutere per farsi due risate. Notizie, vere (qualche volta si fa fatica a crederlo), strane, divertenti, ma anche serie. Bake News \u00e8 nato per questo, dare al pubblico notizie croccanti e calde come il pane che esce dal forno. E Cecco Prestina \u00e8 nato con Bake News.\",\"url\":\"https:\/\/newsvirali.it\/de\/autore\/cecco-prestina\/\"}]}<\/script>\n<!-- \/ Yoast SEO Premium plugin. -->","yoast_head_json":{"title":"Sfida tra candidati finisce in rissa con sediate in testa: l'imbarazzante diretta tv","description":"Finisce in rissa il dibattito tv tra due candidati sindaco: uno viene preso a sediate in testa per poi essere trasportato in ospedale.","robots":{"index":"index","follow":"follow","max-snippet":"max-snippet:-1","max-image-preview":"max-image-preview:large","max-video-preview":"max-video-preview:-1"},"canonical":"https:\/\/newsvirali.it\/de\/2024\/09\/16\/streit-zwischen-kandidaten-endet-in-peinlicher-live-tv-schlagerei-mit-stuhlen-auf-dem-kopf\/","og_locale":"de_DE","og_type":"article","og_title":"Sfida tra candidati finisce in rissa con sediate in testa: l'imbarazzante diretta tv","og_description":"Finisce in rissa il dibattito tv tra due candidati sindaco: uno viene preso a sediate in testa per poi essere trasportato in ospedale.","og_url":"https:\/\/newsvirali.it\/de\/2024\/09\/16\/streit-zwischen-kandidaten-endet-in-peinlicher-live-tv-schlagerei-mit-stuhlen-auf-dem-kopf\/","og_site_name":"News virali","article_published_time":"2024-09-16T14:44:10+00:00","article_modified_time":"2024-09-16T14:44:12+00:00","og_image":[{"width":600,"height":400,"url":"https:\/\/newsvirali.it\/wp-content\/uploads\/2024\/09\/Sfida-tra-candidati-finisce-a-sediate-in-testa-0.jpg","type":"image\/jpeg"}],"author":"Cecco Prestina","twitter_card":"summary_large_image","twitter_misc":{"Verfasst von":"Cecco Prestina","Gesch\u00e4tzte Lesezeit":"3\u00a0Minuten"},"schema":{"@context":"https:\/\/schema.org","@graph":[{"@type":"NewsArticle","@id":"https:\/\/newsvirali.it\/2024\/09\/16\/sfida-tra-candidati-finisce-in-rissa-con-sediate-in-testa-limbarazzante-diretta-tv\/#article","isPartOf":{"@id":"https:\/\/newsvirali.it\/2024\/09\/16\/sfida-tra-candidati-finisce-in-rissa-con-sediate-in-testa-limbarazzante-diretta-tv\/"},"author":{"name":"Cecco Prestina","@id":"https:\/\/newsvirali.it\/fr\/#\/schema\/person\/4c835f7b49c9adb58b33901ee816565d"},"headline":"Sfida tra candidati finisce in rissa con sediate in testa: l&#8217;imbarazzante diretta tv","datePublished":"2024-09-16T14:44:10+00:00","dateModified":"2024-09-16T14:44:12+00:00","mainEntityOfPage":{"@id":"https:\/\/newsvirali.it\/2024\/09\/16\/sfida-tra-candidati-finisce-in-rissa-con-sediate-in-testa-limbarazzante-diretta-tv\/"},"wordCount":578,"image":{"@id":"https:\/\/newsvirali.it\/2024\/09\/16\/sfida-tra-candidati-finisce-in-rissa-con-sediate-in-testa-limbarazzante-diretta-tv\/#primaryimage"},"thumbnailUrl":"https:\/\/newsvirali.it\/wp-content\/uploads\/2024\/09\/Sfida-tra-candidati-finisce-a-sediate-in-testa-0.jpg","articleSection":["Mondo"],"inLanguage":"de","copyrightYear":"2024","copyrightHolder":{"@id":"https:\/\/newsvirali.it\/de\/#organization"}},{"@type":"WebPage","@id":"https:\/\/newsvirali.it\/2024\/09\/16\/sfida-tra-candidati-finisce-in-rissa-con-sediate-in-testa-limbarazzante-diretta-tv\/","url":"https:\/\/newsvirali.it\/2024\/09\/16\/sfida-tra-candidati-finisce-in-rissa-con-sediate-in-testa-limbarazzante-diretta-tv\/","name":"Sfida tra candidati finisce in rissa con sediate in testa: l'imbarazzante diretta tv","isPartOf":{"@id":"https:\/\/newsvirali.it\/fr\/#website"},"primaryImageOfPage":{"@id":"https:\/\/newsvirali.it\/2024\/09\/16\/sfida-tra-candidati-finisce-in-rissa-con-sediate-in-testa-limbarazzante-diretta-tv\/#primaryimage"},"image":{"@id":"https:\/\/newsvirali.it\/2024\/09\/16\/sfida-tra-candidati-finisce-in-rissa-con-sediate-in-testa-limbarazzante-diretta-tv\/#primaryimage"},"thumbnailUrl":"https:\/\/newsvirali.it\/wp-content\/uploads\/2024\/09\/Sfida-tra-candidati-finisce-a-sediate-in-testa-0.jpg","datePublished":"2024-09-16T14:44:10+00:00","dateModified":"2024-09-16T14:44:12+00:00","author":{"@id":"https:\/\/newsvirali.it\/fr\/#\/schema\/person\/4c835f7b49c9adb58b33901ee816565d"},"description":"Finisce in rissa il dibattito tv tra due candidati sindaco: uno viene preso a sediate in testa per poi essere trasportato in ospedale.","breadcrumb":{"@id":"https:\/\/newsvirali.it\/2024\/09\/16\/sfida-tra-candidati-finisce-in-rissa-con-sediate-in-testa-limbarazzante-diretta-tv\/#breadcrumb"},"inLanguage":"de","potentialAction":[{"@type":"ReadAction","target":["https:\/\/newsvirali.it\/2024\/09\/16\/sfida-tra-candidati-finisce-in-rissa-con-sediate-in-testa-limbarazzante-diretta-tv\/"]}]},{"@type":"ImageObject","inLanguage":"de","@id":"https:\/\/newsvirali.it\/2024\/09\/16\/sfida-tra-candidati-finisce-in-rissa-con-sediate-in-testa-limbarazzante-diretta-tv\/#primaryimage","url":"https:\/\/newsvirali.it\/wp-content\/uploads\/2024\/09\/Sfida-tra-candidati-finisce-a-sediate-in-testa-0.jpg","contentUrl":"https:\/\/newsvirali.it\/wp-content\/uploads\/2024\/09\/Sfida-tra-candidati-finisce-a-sediate-in-testa-0.jpg","width":600,"height":400,"caption":"Sfida tra candidati finisce a sediate in testa"},{"@type":"BreadcrumbList","@id":"https:\/\/newsvirali.it\/2024\/09\/16\/sfida-tra-candidati-finisce-in-rissa-con-sediate-in-testa-limbarazzante-diretta-tv\/#breadcrumb","itemListElement":[{"@type":"ListItem","position":1,"name":"Home","item":"https:\/\/newsvirali.it\/fr\/"},{"@type":"ListItem","position":2,"name":"Sfida tra candidati finisce in rissa con sediate in testa: l&#8217;imbarazzante diretta tv"}]},{"@type":"WebSite","@id":"https:\/\/newsvirali.it\/fr\/#website","url":"https:\/\/newsvirali.it\/fr\/","name":"Bake News","description":"","potentialAction":[{"@type":"SearchAction","target":{"@type":"EntryPoint","urlTemplate":"https:\/\/newsvirali.it\/fr\/?s={search_term_string}"},"query-input":{"@type":"PropertyValueSpecification","valueRequired":true,"valueName":"search_term_string"}}],"inLanguage":"de"},{"@type":"Person","@id":"https:\/\/newsvirali.it\/fr\/#\/schema\/person\/4c835f7b49c9adb58b33901ee816565d","name":"Cecco Prestina","description":"Perch\u00e9 nasconderlo? Cecco Prestina \u00e8 un alias, ma dietro di lui non si cela un algoritmo di intelligenza artificiale. C'\u00e8 un giornalista che ha oltre vent'anni di esperienza tutta sul web. Da quando il primo modem ha iniziato a gracchiare sul territorio italiano con Video on Line, Cecco ha capito che da quel doppino sarebbe passato il futuro. Ha dedidicato tutta la sua carriera a capire Internet e poi i social e ora l'Ai. Una carriera in costante aggiornamento. E questa esperienza la mette in campo ogni giorno. Per\u00f2 ogni tanto Cecco ha voglia anche di non scrivere \"pipponi\" sulla politica, sull'economia. Ha voglia anche di scrivere qualcosa di divertente. Le notizie che trovate su Bake News sono le stesse che Cecco porta all'aperitivo con gli amici. Quelle di cui discutere per farsi due risate. Notizie, vere (qualche volta si fa fatica a crederlo), strane, divertenti, ma anche serie. Bake News \u00e8 nato per questo, dare al pubblico notizie croccanti e calde come il pane che esce dal forno. E Cecco Prestina \u00e8 nato con Bake News.","url":"https:\/\/newsvirali.it\/de\/autore\/cecco-prestina\/"}]}},"_links":{"self":[{"href":"https:\/\/newsvirali.it\/de\/wp-json\/wp\/v2\/posts\/43401","targetHints":{"allow":["GET"]}}],"collection":[{"href":"https:\/\/newsvirali.it\/de\/wp-json\/wp\/v2\/posts"}],"about":[{"href":"https:\/\/newsvirali.it\/de\/wp-json\/wp\/v2\/types\/post"}],"author":[{"embeddable":true,"href":"https:\/\/newsvirali.it\/de\/wp-json\/wp\/v2\/users\/4"}],"replies":[{"embeddable":true,"href":"https:\/\/newsvirali.it\/de\/wp-json\/wp\/v2\/comments?post=43401"}],"version-history":[{"count":3,"href":"https:\/\/newsvirali.it\/de\/wp-json\/wp\/v2\/posts\/43401\/revisions"}],"predecessor-version":[{"id":43437,"href":"https:\/\/newsvirali.it\/de\/wp-json\/wp\/v2\/posts\/43401\/revisions\/43437"}],"wp:featuredmedia":[{"embeddable":true,"href":"https:\/\/newsvirali.it\/de\/wp-json\/wp\/v2\/media\/43402"}],"wp:attachment":[{"href":"https:\/\/newsvirali.it\/de\/wp-json\/wp\/v2\/media?parent=43401"}],"wp:term":[{"taxonomy":"category","embeddable":true,"href":"https:\/\/newsvirali.it\/de\/wp-json\/wp\/v2\/categories?post=43401"},{"taxonomy":"post_tag","embeddable":true,"href":"https:\/\/newsvirali.it\/de\/wp-json\/wp\/v2\/tags?post=43401"}],"curies":[{"name":"wp","href":"https:\/\/api.w.org\/{rel}","templated":true}]}}