{"id":39828,"date":"2024-08-16T14:28:14","date_gmt":"2024-08-16T12:28:14","guid":{"rendered":"https:\/\/www.bakenews.it\/?p=39828"},"modified":"2024-08-16T14:28:16","modified_gmt":"2024-08-16T12:28:16","slug":"turista-stuprata-per-5-giorni-e-poi-lasciata-legata-mani-e-piedi-in-strada","status":"publish","type":"post","link":"https:\/\/newsvirali.it\/de\/2024\/08\/16\/tourist-wurde-funf-tage-lang-vergewaltigt-und-dann-an-handen-und-fusen-gefesselt-auf-der-strase-zuruckgelassen\/","title":{"rendered":"Touristin wurde f\u00fcnf Tage lang vergewaltigt und dann an H\u00e4nden und F\u00fc\u00dfen gefesselt auf der Stra\u00dfe zur\u00fcckgelassen"},"content":{"rendered":"<p>Eine Frau, die behauptete, eine belgische Touristin zu sein, wurde an H\u00e4nden und F\u00fc\u00dfen gefesselt auf einer Stra\u00dfe in Islamabad gefunden und Berichten zufolge fast eine Woche lang von einer Gruppe von f\u00fcnf M\u00e4nnern vergewaltigt. Lokalen Medienberichten zufolge warfen ihre Entf\u00fchrer sie im G-6-Sektor der pakistanischen Hauptstadt aus einem Fahrzeug. Sie wurde von Einheimischen gefunden, die die Polizei alarmierten, bevor sie zur medizinischen Untersuchung ins Krankenhaus gebracht wurde.<\/p>\n\n\n\n<p><strong>LESEN SIE AUCH<\/strong><\/p>\n\n\n\n<ul class=\"wp-block-list\">\n<li><a href=\"https:\/\/www.bakenews.it\/2024\/08\/09\/stuprata-e-uccisa-cugino-la-vendica-scrivendo-il-suo-nome-con-la-forbice-sulla-fronte-del-pedofilo\/\">Ihre Cousine wird vergewaltigt und get\u00f6tet und r\u00e4cht sie, indem sie dem P\u00e4dophilen ihren Namen mit einer Schere auf die Stirn schreibt<\/a><\/li>\n\n\n\n<li><a href=\"https:\/\/www.bakenews.it\/2024\/05\/13\/stupratore-del-bronx-e-stato-arrestato-lo-ha-denunciato-sua-madre\/\">Vergewaltiger aus der Bronx verhaftet: Seine Mutter hat ihn angezeigt<\/a><\/li>\n\n\n\n<li><a href=\"https:\/\/www.bakenews.it\/2023\/06\/21\/scopre-che-il-cadavere-della-madre-e-stato-stuprato-in-obitorio-20enne-si-suicida\/\">Er findet heraus, dass die Leiche seiner Mutter im Leichenschauhaus vergewaltigt wurde: 20-J\u00e4hriger begeht Selbstmord<\/a><\/li>\n<\/ul>\n\n\n\n<p>Ein verst\u00f6rendes Bild scheint die junge Frau zu zeigen, die mit gefesselten H\u00e4nden und F\u00fc\u00dfen auf dem Boden liegt. Die Frau gab an, eine belgische Touristin zu sein und von einer Gruppe von Menschen mehrere Tage lang entf\u00fchrt und vergewaltigt worden zu sein, bevor sie auf der Stra\u00dfe ausgesetzt wurde. Die den Fall untersuchende Polizei hat bereits einen Mann festgenommen, nachdem sie die Aussage des Opfers geh\u00f6rt hatte.<\/p>\n\n\n\n<p>Der Verd\u00e4chtige soll der Polizei mitgeteilt haben, dass die Frau psychisch krank sei und keine Reise- oder Ausweisdokumente bei sich habe. Ermittler sollen nun die Wohnung des Verd\u00e4chtigen nach weiteren pers\u00f6nlichen Gegenst\u00e4nden durchsuchen. Die 28-J\u00e4hrige sagte der Polizei, sie sei belgische Staatsb\u00fcrgerin und seit etwa sechs Monaten im Land. Nach Kontaktaufnahme mit der belgischen Botschaft erkl\u00e4rte die Polizei jedoch, sie habe keine Spur von seiner Anwesenheit in Pakistan.<\/p>\n\n\n\n<h2 class=\"wp-block-heading\" id=\"h-dubbi-sulla-nazionalita-della-vittima\">Zweifel an der Nationalit\u00e4t des Opfers<\/h2>\n\n\n\n<p>Die Beh\u00f6rden schickten die Polizei zur niederl\u00e4ndischen Botschaft, da seine Heimatstadt vermutlich nahe der Grenze zwischen den beiden L\u00e4ndern liegt. Sie wandten sich auch an die pakistanische Sicherheitsbeh\u00f6rde FIA, die erkl\u00e4rte, sie habe keine Aufzeichnungen \u00fcber die Einreise des Opfers in das Land.<\/p>\n\n\n\n<p>Trotz der Behauptungen der Frau sagte die Polizei von Islamabad, sie gehe davon aus, dass es sich bei der Frau nicht um eine Ausl\u00e4nderin handele, und untersuche den schockierenden Vorfall.<\/p>\n\n\n\n<p><strong>MEISTGELESENE ARTIKEL<\/strong><\/p>\n\n\n<p>[koko_analytics_most_viewed_posts number=5 days=8 post_type=\u201dpost\u201d show_date=\u201dfalse\u201d]<\/p>\n<br \/>Folgen Sie uns auch auf Google News: <b><a href=\"https:\/\/news.google.com\/publications\/CAAqBwgKMNqJiwswjMfqAg?hl=it&gl=IT&ceid=IT:it\" target=\"_blank\">klicken Sie hier<\/a><\/b>","protected":false},"excerpt":{"rendered":"<p>Eine Frau, die behauptete, eine belgische Touristin zu sein, wurde an H\u00e4nden und F\u00fc\u00dfen gefesselt auf einer Stra\u00dfe in [\u2026] gefunden.<\/p>","protected":false},"author":4,"featured_media":39829,"comment_status":"closed","ping_status":"open","sticky":false,"template":"","format":"standard","meta":{"MSN_Categories":"Uncategorized","MSN_Publish_Option":false,"MSN_Is_Local_News":false,"MSN_Is_AIAC_Included":"Empty","MSN_Location":"[]","MSN_Add_Feature_Img_On_Top_Of_Post":false,"MSN_Has_Custom_Author":false,"MSN_Custom_Author":"","MSN_Has_Custom_Canonical_Url":false,"MSN_Custom_Canonical_Url":"","footnotes":""},"categories":[9],"tags":[],"class_list":["post-39828","post","type-post","status-publish","format-standard","has-post-thumbnail","hentry","category-mondo"],"acf":[],"yoast_head":"<!-- This site is optimized with the Yoast SEO Premium plugin v26.7 (Yoast SEO v26.7) - https:\/\/yoast.com\/wordpress\/plugins\/seo\/ -->\n<title>Turista stuprata per 5 giorni e poi lasciata legata mani e piedi in strada<\/title>\n<meta name=\"description\" content=\"Una turista belga \u00e8 stata trovata legata mani e piedi in una strada e ha denunciato di essere stata violentata quasi una settimana.\" \/>\n<meta name=\"robots\" content=\"index, follow, max-snippet:-1, max-image-preview:large, max-video-preview:-1\" \/>\n<link rel=\"canonical\" href=\"https:\/\/newsvirali.it\/de\/2024\/08\/16\/tourist-wurde-funf-tage-lang-vergewaltigt-und-dann-an-handen-und-fusen-gefesselt-auf-der-strase-zuruckgelassen\/\" \/>\n<meta property=\"og:locale\" content=\"de_DE\" \/>\n<meta property=\"og:type\" content=\"article\" \/>\n<meta property=\"og:title\" content=\"Turista stuprata per 5 giorni e poi lasciata legata mani e piedi in strada\" \/>\n<meta property=\"og:description\" content=\"Una turista belga \u00e8 stata trovata legata mani e piedi in una strada e ha denunciato di essere stata violentata quasi una settimana.\" \/>\n<meta property=\"og:url\" content=\"https:\/\/newsvirali.it\/de\/2024\/08\/16\/tourist-wurde-funf-tage-lang-vergewaltigt-und-dann-an-handen-und-fusen-gefesselt-auf-der-strase-zuruckgelassen\/\" \/>\n<meta property=\"og:site_name\" content=\"News virali\" \/>\n<meta property=\"article:published_time\" content=\"2024-08-16T12:28:14+00:00\" \/>\n<meta property=\"article:modified_time\" content=\"2024-08-16T12:28:16+00:00\" \/>\n<meta property=\"og:image\" content=\"https:\/\/newsvirali.it\/wp-content\/uploads\/2024\/08\/Turista-stuprata-per-5-giorni-e-poi-lasciata-legata-mani-e-piedi-in-strada-1.jpg\" \/>\n\t<meta property=\"og:image:width\" content=\"2160\" \/>\n\t<meta property=\"og:image:height\" content=\"1440\" \/>\n\t<meta property=\"og:image:type\" content=\"image\/jpeg\" \/>\n<meta name=\"author\" content=\"Cecco Prestina\" \/>\n<meta name=\"twitter:card\" content=\"summary_large_image\" \/>\n<meta name=\"twitter:label1\" content=\"Verfasst von\" \/>\n\t<meta name=\"twitter:data1\" content=\"Cecco Prestina\" \/>\n\t<meta name=\"twitter:label2\" content=\"Gesch\u00e4tzte Lesezeit\" \/>\n\t<meta name=\"twitter:data2\" content=\"2\u00a0Minuten\" \/>\n<script type=\"application\/ld+json\" class=\"yoast-schema-graph\">{\"@context\":\"https:\/\/schema.org\",\"@graph\":[{\"@type\":\"NewsArticle\",\"@id\":\"https:\/\/newsvirali.it\/2024\/08\/16\/turista-stuprata-per-5-giorni-e-poi-lasciata-legata-mani-e-piedi-in-strada\/#article\",\"isPartOf\":{\"@id\":\"https:\/\/newsvirali.it\/2024\/08\/16\/turista-stuprata-per-5-giorni-e-poi-lasciata-legata-mani-e-piedi-in-strada\/\"},\"author\":{\"name\":\"Cecco Prestina\",\"@id\":\"https:\/\/newsvirali.it\/fr\/#\/schema\/person\/4c835f7b49c9adb58b33901ee816565d\"},\"headline\":\"Turista stuprata per 5 giorni e poi lasciata legata mani e piedi in strada\",\"datePublished\":\"2024-08-16T12:28:14+00:00\",\"dateModified\":\"2024-08-16T12:28:16+00:00\",\"mainEntityOfPage\":{\"@id\":\"https:\/\/newsvirali.it\/2024\/08\/16\/turista-stuprata-per-5-giorni-e-poi-lasciata-legata-mani-e-piedi-in-strada\/\"},\"wordCount\":365,\"image\":{\"@id\":\"https:\/\/newsvirali.it\/2024\/08\/16\/turista-stuprata-per-5-giorni-e-poi-lasciata-legata-mani-e-piedi-in-strada\/#primaryimage\"},\"thumbnailUrl\":\"https:\/\/newsvirali.it\/wp-content\/uploads\/2024\/08\/Turista-stuprata-per-5-giorni-e-poi-lasciata-legata-mani-e-piedi-in-strada-1.jpg\",\"articleSection\":[\"Mondo\"],\"inLanguage\":\"de\",\"copyrightYear\":\"2024\",\"copyrightHolder\":{\"@id\":\"https:\/\/newsvirali.it\/de\/#organization\"}},{\"@type\":\"WebPage\",\"@id\":\"https:\/\/newsvirali.it\/2024\/08\/16\/turista-stuprata-per-5-giorni-e-poi-lasciata-legata-mani-e-piedi-in-strada\/\",\"url\":\"https:\/\/newsvirali.it\/2024\/08\/16\/turista-stuprata-per-5-giorni-e-poi-lasciata-legata-mani-e-piedi-in-strada\/\",\"name\":\"Turista stuprata per 5 giorni e poi lasciata legata mani e piedi in strada\",\"isPartOf\":{\"@id\":\"https:\/\/newsvirali.it\/fr\/#website\"},\"primaryImageOfPage\":{\"@id\":\"https:\/\/newsvirali.it\/2024\/08\/16\/turista-stuprata-per-5-giorni-e-poi-lasciata-legata-mani-e-piedi-in-strada\/#primaryimage\"},\"image\":{\"@id\":\"https:\/\/newsvirali.it\/2024\/08\/16\/turista-stuprata-per-5-giorni-e-poi-lasciata-legata-mani-e-piedi-in-strada\/#primaryimage\"},\"thumbnailUrl\":\"https:\/\/newsvirali.it\/wp-content\/uploads\/2024\/08\/Turista-stuprata-per-5-giorni-e-poi-lasciata-legata-mani-e-piedi-in-strada-1.jpg\",\"datePublished\":\"2024-08-16T12:28:14+00:00\",\"dateModified\":\"2024-08-16T12:28:16+00:00\",\"author\":{\"@id\":\"https:\/\/newsvirali.it\/fr\/#\/schema\/person\/4c835f7b49c9adb58b33901ee816565d\"},\"description\":\"Una turista belga \u00e8 stata trovata legata mani e piedi in una strada e ha denunciato di essere stata violentata quasi una settimana.\",\"breadcrumb\":{\"@id\":\"https:\/\/newsvirali.it\/2024\/08\/16\/turista-stuprata-per-5-giorni-e-poi-lasciata-legata-mani-e-piedi-in-strada\/#breadcrumb\"},\"inLanguage\":\"de\",\"potentialAction\":[{\"@type\":\"ReadAction\",\"target\":[\"https:\/\/newsvirali.it\/2024\/08\/16\/turista-stuprata-per-5-giorni-e-poi-lasciata-legata-mani-e-piedi-in-strada\/\"]}]},{\"@type\":\"ImageObject\",\"inLanguage\":\"de\",\"@id\":\"https:\/\/newsvirali.it\/2024\/08\/16\/turista-stuprata-per-5-giorni-e-poi-lasciata-legata-mani-e-piedi-in-strada\/#primaryimage\",\"url\":\"https:\/\/newsvirali.it\/wp-content\/uploads\/2024\/08\/Turista-stuprata-per-5-giorni-e-poi-lasciata-legata-mani-e-piedi-in-strada-1.jpg\",\"contentUrl\":\"https:\/\/newsvirali.it\/wp-content\/uploads\/2024\/08\/Turista-stuprata-per-5-giorni-e-poi-lasciata-legata-mani-e-piedi-in-strada-1.jpg\",\"width\":2160,\"height\":1440,\"caption\":\"Turista stuprata per 5 giorni e poi lasciata legata mani e piedi in strada\"},{\"@type\":\"BreadcrumbList\",\"@id\":\"https:\/\/newsvirali.it\/2024\/08\/16\/turista-stuprata-per-5-giorni-e-poi-lasciata-legata-mani-e-piedi-in-strada\/#breadcrumb\",\"itemListElement\":[{\"@type\":\"ListItem\",\"position\":1,\"name\":\"Home\",\"item\":\"https:\/\/newsvirali.it\/fr\/\"},{\"@type\":\"ListItem\",\"position\":2,\"name\":\"Turista stuprata per 5 giorni e poi lasciata legata mani e piedi in strada\"}]},{\"@type\":\"WebSite\",\"@id\":\"https:\/\/newsvirali.it\/fr\/#website\",\"url\":\"https:\/\/newsvirali.it\/fr\/\",\"name\":\"Bake News\",\"description\":\"\",\"potentialAction\":[{\"@type\":\"SearchAction\",\"target\":{\"@type\":\"EntryPoint\",\"urlTemplate\":\"https:\/\/newsvirali.it\/fr\/?s={search_term_string}\"},\"query-input\":{\"@type\":\"PropertyValueSpecification\",\"valueRequired\":true,\"valueName\":\"search_term_string\"}}],\"inLanguage\":\"de\"},{\"@type\":\"Person\",\"@id\":\"https:\/\/newsvirali.it\/fr\/#\/schema\/person\/4c835f7b49c9adb58b33901ee816565d\",\"name\":\"Cecco Prestina\",\"description\":\"Perch\u00e9 nasconderlo? Cecco Prestina \u00e8 un alias, ma dietro di lui non si cela un algoritmo di intelligenza artificiale. C'\u00e8 un giornalista che ha oltre vent'anni di esperienza tutta sul web. Da quando il primo modem ha iniziato a gracchiare sul territorio italiano con Video on Line, Cecco ha capito che da quel doppino sarebbe passato il futuro. Ha dedidicato tutta la sua carriera a capire Internet e poi i social e ora l'Ai. Una carriera in costante aggiornamento. E questa esperienza la mette in campo ogni giorno. Per\u00f2 ogni tanto Cecco ha voglia anche di non scrivere \\\"pipponi\\\" sulla politica, sull'economia. Ha voglia anche di scrivere qualcosa di divertente. Le notizie che trovate su Bake News sono le stesse che Cecco porta all'aperitivo con gli amici. Quelle di cui discutere per farsi due risate. Notizie, vere (qualche volta si fa fatica a crederlo), strane, divertenti, ma anche serie. Bake News \u00e8 nato per questo, dare al pubblico notizie croccanti e calde come il pane che esce dal forno. E Cecco Prestina \u00e8 nato con Bake News.\",\"url\":\"https:\/\/newsvirali.it\/de\/autore\/cecco-prestina\/\"}]}<\/script>\n<!-- \/ Yoast SEO Premium plugin. -->","yoast_head_json":{"title":"Turista stuprata per 5 giorni e poi lasciata legata mani e piedi in strada","description":"Una turista belga \u00e8 stata trovata legata mani e piedi in una strada e ha denunciato di essere stata violentata quasi una settimana.","robots":{"index":"index","follow":"follow","max-snippet":"max-snippet:-1","max-image-preview":"max-image-preview:large","max-video-preview":"max-video-preview:-1"},"canonical":"https:\/\/newsvirali.it\/de\/2024\/08\/16\/tourist-wurde-funf-tage-lang-vergewaltigt-und-dann-an-handen-und-fusen-gefesselt-auf-der-strase-zuruckgelassen\/","og_locale":"de_DE","og_type":"article","og_title":"Turista stuprata per 5 giorni e poi lasciata legata mani e piedi in strada","og_description":"Una turista belga \u00e8 stata trovata legata mani e piedi in una strada e ha denunciato di essere stata violentata quasi una settimana.","og_url":"https:\/\/newsvirali.it\/de\/2024\/08\/16\/tourist-wurde-funf-tage-lang-vergewaltigt-und-dann-an-handen-und-fusen-gefesselt-auf-der-strase-zuruckgelassen\/","og_site_name":"News virali","article_published_time":"2024-08-16T12:28:14+00:00","article_modified_time":"2024-08-16T12:28:16+00:00","og_image":[{"width":2160,"height":1440,"url":"https:\/\/newsvirali.it\/wp-content\/uploads\/2024\/08\/Turista-stuprata-per-5-giorni-e-poi-lasciata-legata-mani-e-piedi-in-strada-1.jpg","type":"image\/jpeg"}],"author":"Cecco Prestina","twitter_card":"summary_large_image","twitter_misc":{"Verfasst von":"Cecco Prestina","Gesch\u00e4tzte Lesezeit":"2\u00a0Minuten"},"schema":{"@context":"https:\/\/schema.org","@graph":[{"@type":"NewsArticle","@id":"https:\/\/newsvirali.it\/2024\/08\/16\/turista-stuprata-per-5-giorni-e-poi-lasciata-legata-mani-e-piedi-in-strada\/#article","isPartOf":{"@id":"https:\/\/newsvirali.it\/2024\/08\/16\/turista-stuprata-per-5-giorni-e-poi-lasciata-legata-mani-e-piedi-in-strada\/"},"author":{"name":"Cecco Prestina","@id":"https:\/\/newsvirali.it\/fr\/#\/schema\/person\/4c835f7b49c9adb58b33901ee816565d"},"headline":"Turista stuprata per 5 giorni e poi lasciata legata mani e piedi in strada","datePublished":"2024-08-16T12:28:14+00:00","dateModified":"2024-08-16T12:28:16+00:00","mainEntityOfPage":{"@id":"https:\/\/newsvirali.it\/2024\/08\/16\/turista-stuprata-per-5-giorni-e-poi-lasciata-legata-mani-e-piedi-in-strada\/"},"wordCount":365,"image":{"@id":"https:\/\/newsvirali.it\/2024\/08\/16\/turista-stuprata-per-5-giorni-e-poi-lasciata-legata-mani-e-piedi-in-strada\/#primaryimage"},"thumbnailUrl":"https:\/\/newsvirali.it\/wp-content\/uploads\/2024\/08\/Turista-stuprata-per-5-giorni-e-poi-lasciata-legata-mani-e-piedi-in-strada-1.jpg","articleSection":["Mondo"],"inLanguage":"de","copyrightYear":"2024","copyrightHolder":{"@id":"https:\/\/newsvirali.it\/de\/#organization"}},{"@type":"WebPage","@id":"https:\/\/newsvirali.it\/2024\/08\/16\/turista-stuprata-per-5-giorni-e-poi-lasciata-legata-mani-e-piedi-in-strada\/","url":"https:\/\/newsvirali.it\/2024\/08\/16\/turista-stuprata-per-5-giorni-e-poi-lasciata-legata-mani-e-piedi-in-strada\/","name":"Turista stuprata per 5 giorni e poi lasciata legata mani e piedi in strada","isPartOf":{"@id":"https:\/\/newsvirali.it\/fr\/#website"},"primaryImageOfPage":{"@id":"https:\/\/newsvirali.it\/2024\/08\/16\/turista-stuprata-per-5-giorni-e-poi-lasciata-legata-mani-e-piedi-in-strada\/#primaryimage"},"image":{"@id":"https:\/\/newsvirali.it\/2024\/08\/16\/turista-stuprata-per-5-giorni-e-poi-lasciata-legata-mani-e-piedi-in-strada\/#primaryimage"},"thumbnailUrl":"https:\/\/newsvirali.it\/wp-content\/uploads\/2024\/08\/Turista-stuprata-per-5-giorni-e-poi-lasciata-legata-mani-e-piedi-in-strada-1.jpg","datePublished":"2024-08-16T12:28:14+00:00","dateModified":"2024-08-16T12:28:16+00:00","author":{"@id":"https:\/\/newsvirali.it\/fr\/#\/schema\/person\/4c835f7b49c9adb58b33901ee816565d"},"description":"Una turista belga \u00e8 stata trovata legata mani e piedi in una strada e ha denunciato di essere stata violentata quasi una settimana.","breadcrumb":{"@id":"https:\/\/newsvirali.it\/2024\/08\/16\/turista-stuprata-per-5-giorni-e-poi-lasciata-legata-mani-e-piedi-in-strada\/#breadcrumb"},"inLanguage":"de","potentialAction":[{"@type":"ReadAction","target":["https:\/\/newsvirali.it\/2024\/08\/16\/turista-stuprata-per-5-giorni-e-poi-lasciata-legata-mani-e-piedi-in-strada\/"]}]},{"@type":"ImageObject","inLanguage":"de","@id":"https:\/\/newsvirali.it\/2024\/08\/16\/turista-stuprata-per-5-giorni-e-poi-lasciata-legata-mani-e-piedi-in-strada\/#primaryimage","url":"https:\/\/newsvirali.it\/wp-content\/uploads\/2024\/08\/Turista-stuprata-per-5-giorni-e-poi-lasciata-legata-mani-e-piedi-in-strada-1.jpg","contentUrl":"https:\/\/newsvirali.it\/wp-content\/uploads\/2024\/08\/Turista-stuprata-per-5-giorni-e-poi-lasciata-legata-mani-e-piedi-in-strada-1.jpg","width":2160,"height":1440,"caption":"Turista stuprata per 5 giorni e poi lasciata legata mani e piedi in strada"},{"@type":"BreadcrumbList","@id":"https:\/\/newsvirali.it\/2024\/08\/16\/turista-stuprata-per-5-giorni-e-poi-lasciata-legata-mani-e-piedi-in-strada\/#breadcrumb","itemListElement":[{"@type":"ListItem","position":1,"name":"Home","item":"https:\/\/newsvirali.it\/fr\/"},{"@type":"ListItem","position":2,"name":"Turista stuprata per 5 giorni e poi lasciata legata mani e piedi in strada"}]},{"@type":"WebSite","@id":"https:\/\/newsvirali.it\/fr\/#website","url":"https:\/\/newsvirali.it\/fr\/","name":"Bake News","description":"","potentialAction":[{"@type":"SearchAction","target":{"@type":"EntryPoint","urlTemplate":"https:\/\/newsvirali.it\/fr\/?s={search_term_string}"},"query-input":{"@type":"PropertyValueSpecification","valueRequired":true,"valueName":"search_term_string"}}],"inLanguage":"de"},{"@type":"Person","@id":"https:\/\/newsvirali.it\/fr\/#\/schema\/person\/4c835f7b49c9adb58b33901ee816565d","name":"Cecco Prestina","description":"Perch\u00e9 nasconderlo? Cecco Prestina \u00e8 un alias, ma dietro di lui non si cela un algoritmo di intelligenza artificiale. C'\u00e8 un giornalista che ha oltre vent'anni di esperienza tutta sul web. Da quando il primo modem ha iniziato a gracchiare sul territorio italiano con Video on Line, Cecco ha capito che da quel doppino sarebbe passato il futuro. Ha dedidicato tutta la sua carriera a capire Internet e poi i social e ora l'Ai. Una carriera in costante aggiornamento. E questa esperienza la mette in campo ogni giorno. Per\u00f2 ogni tanto Cecco ha voglia anche di non scrivere \"pipponi\" sulla politica, sull'economia. Ha voglia anche di scrivere qualcosa di divertente. Le notizie che trovate su Bake News sono le stesse che Cecco porta all'aperitivo con gli amici. Quelle di cui discutere per farsi due risate. Notizie, vere (qualche volta si fa fatica a crederlo), strane, divertenti, ma anche serie. Bake News \u00e8 nato per questo, dare al pubblico notizie croccanti e calde come il pane che esce dal forno. E Cecco Prestina \u00e8 nato con Bake News.","url":"https:\/\/newsvirali.it\/de\/autore\/cecco-prestina\/"}]}},"_links":{"self":[{"href":"https:\/\/newsvirali.it\/de\/wp-json\/wp\/v2\/posts\/39828","targetHints":{"allow":["GET"]}}],"collection":[{"href":"https:\/\/newsvirali.it\/de\/wp-json\/wp\/v2\/posts"}],"about":[{"href":"https:\/\/newsvirali.it\/de\/wp-json\/wp\/v2\/types\/post"}],"author":[{"embeddable":true,"href":"https:\/\/newsvirali.it\/de\/wp-json\/wp\/v2\/users\/4"}],"replies":[{"embeddable":true,"href":"https:\/\/newsvirali.it\/de\/wp-json\/wp\/v2\/comments?post=39828"}],"version-history":[{"count":3,"href":"https:\/\/newsvirali.it\/de\/wp-json\/wp\/v2\/posts\/39828\/revisions"}],"predecessor-version":[{"id":39837,"href":"https:\/\/newsvirali.it\/de\/wp-json\/wp\/v2\/posts\/39828\/revisions\/39837"}],"wp:featuredmedia":[{"embeddable":true,"href":"https:\/\/newsvirali.it\/de\/wp-json\/wp\/v2\/media\/39829"}],"wp:attachment":[{"href":"https:\/\/newsvirali.it\/de\/wp-json\/wp\/v2\/media?parent=39828"}],"wp:term":[{"taxonomy":"category","embeddable":true,"href":"https:\/\/newsvirali.it\/de\/wp-json\/wp\/v2\/categories?post=39828"},{"taxonomy":"post_tag","embeddable":true,"href":"https:\/\/newsvirali.it\/de\/wp-json\/wp\/v2\/tags?post=39828"}],"curies":[{"name":"wp","href":"https:\/\/api.w.org\/{rel}","templated":true}]}}