{"id":39572,"date":"2024-08-15T23:46:55","date_gmt":"2024-08-15T21:46:55","guid":{"rendered":"https:\/\/www.bakenews.it\/?p=39572"},"modified":"2024-08-15T23:46:56","modified_gmt":"2024-08-15T21:46:56","slug":"imane-khelif-sui-social-mostra-il-suo-lato-femminile","status":"publish","type":"post","link":"https:\/\/newsvirali.it\/de\/2024\/08\/15\/imane-khelif-zeigt-ihre-weibliche-seite-in-den-sozialen-medien\/","title":{"rendered":"Imane Khelif zeigt in den sozialen Medien ihre weibliche Seite"},"content":{"rendered":"<p>In einem viral gegangenen Video f\u00fchrt uns Imane Khelif, die algerische Olympiasiegerin, hinter die Kulissen ihres Lebens. Wir sehen, wie sie von Boxhandschuhen, einem Symbol ihrer Entschlossenheit und St\u00e4rke, zu einem eleganten Kleid \u00fcbergeht, das ihre Weiblichkeit unterstreicht. Eine Erfahrung, die sie in einem ber\u00fchmten Sch\u00f6nheitszentrum in Algier gemacht hat, wo sie verw\u00f6hnt und geschminkt wurde. Ein Moment der Entspannung f\u00fcr die Championin, die diese intimste Seite ihrer Pers\u00f6nlichkeit mit ihren Fans teilen wollte.<\/p>\n\n\n\n<p><strong>LESEN SIE AUCH<\/strong><\/p>\n\n\n\n<ul class=\"wp-block-list\">\n<li><a href=\"https:\/\/www.bakenews.it\/2024\/08\/14\/imane-khelif-denuncia-per-cyberbullismo-elon-musk-e-jk-rowling\/\">Imane Khelif zeigt Elon Musk und JK Rowling wegen Cybermobbing an<\/a><\/li>\n\n\n\n<li><a href=\"https:\/\/www.bakenews.it\/2024\/08\/02\/sospetti-su-angela-carini-e-il-ritiro-con-imane-khelif-spunta-video-2022\/\">Verdacht auf Angela Carini und ihren Ruhestand mit Imane Khelif: Ein Video aus dem Jahr 2022 taucht auf, das sie in Schwierigkeiten bringt<\/a><\/li>\n\n\n\n<li><a href=\"https:\/\/www.bakenews.it\/2024\/08\/03\/olimpiadi-atleta-di-salto-con-lasta-eliminato-per-colpa-del-suo-pene\/\">Bei den Olympischen Spielen schied der Stabhochspringer wegen seines Penis aus<\/a><\/li>\n<\/ul>\n\n\n\n<h2 class=\"wp-block-heading\" id=\"h-imane-khelif-al-femminile-perche-lo-vuole-lei\">Imane Khelif ist feminin, weil sie es will<\/h2>\n\n\n\n<p>Der Beitrag, der viral ging, ist eigentlich eine Werbebotschaft. \u201eUm ihre Medaille zu bekommen, musste sie keine Zeit in Sch\u00f6nheitssalons oder beim Einkaufen verschwenden. Er hatte nie das Bed\u00fcrfnis, sich an diese Standards zu halten, um seine Existenz zu beweisen\u201c, lesen wir in den sozialen Medien von Imane Khelif. \u201eDurch die Ver\u00e4nderung ihres Aussehens hat Iman nicht versucht, ihr Aussehen so zu ver\u00e4ndern, dass es den Mustern entspricht, in denen die Welt uns gefangen halten will. Seine Botschaft ist viel tiefer: Kleidung macht keinen M\u00f6nch und das Aussehen verr\u00e4t nicht das Wesen einer Person. Sie kann feminin und elegant sein, wenn sie will, aber sie braucht keine Verzierungen oder High Heels am Ring. Man braucht nur Strategie, St\u00e4rke und Schlagkraft, die die Essenz seiner Pers\u00f6nlichkeit ausmachen.\u201c<\/p>\n\n\n\n<p>\u201eSo wie Schnurrb\u00e4rte keinen Mann ausmachen, sind es auch K\u00e4fer, und auch Kleidung, Haarverl\u00e4ngerungen und Make-up definieren keine Frau.\u201c Nicht jede Strecke ist ein Ort f\u00fcr echte, leidenschaftliche Sportler wie Iman Khalif. Der Italiener hat uns gezeigt, dass selbst diejenigen, die in Schulh\u00f6fen weinen, diejenigen, die L\u00fcgen erfinden, um anderen das Essen zu stehlen, sich im Ring wiederfinden k\u00f6nnen. \u201eIman ist sch\u00f6n, nicht weil sie heute gut gekleidet ist, sondern weil sie gut gepflegt wird\u201c, schlie\u00dft der Werbebeitrag f\u00fcr Make-up.<\/p>\n\n\n\n<p><strong>MEISTGELESENE ARTIKEL<\/strong><\/p>\n\n\n<p>[koko_analytics_most_viewed_posts number=5 days=8 post_type=\u201dpost\u201d show_date=\u201dfalse\u201d]<\/p>\n<br \/>Folgen Sie uns auch auf Google News: <b><a href=\"https:\/\/news.google.com\/publications\/CAAqBwgKMNqJiwswjMfqAg?hl=it&gl=IT&ceid=IT:it\" target=\"_blank\">klicken Sie hier<\/a><\/b>","protected":false},"excerpt":{"rendered":"<p>In einem viral gegangenen Video f\u00fchrt uns Imane Khelif, die algerische Olympiasiegerin, hinter die Kulissen ihres Lebens. [\u2026]<\/p>","protected":false},"author":4,"featured_media":39573,"comment_status":"closed","ping_status":"open","sticky":false,"template":"","format":"standard","meta":{"MSN_Categories":"Uncategorized","MSN_Publish_Option":false,"MSN_Is_Local_News":false,"MSN_Is_AIAC_Included":"Empty","MSN_Location":"[]","MSN_Add_Feature_Img_On_Top_Of_Post":false,"MSN_Has_Custom_Author":false,"MSN_Custom_Author":"","MSN_Has_Custom_Canonical_Url":false,"MSN_Custom_Canonical_Url":"","footnotes":""},"categories":[8],"tags":[],"class_list":["post-39572","post","type-post","status-publish","format-standard","has-post-thumbnail","hentry","category-sport"],"acf":[],"yoast_head":"<!-- This site is optimized with the Yoast SEO Premium plugin v26.7 (Yoast SEO v26.7) - https:\/\/yoast.com\/wordpress\/plugins\/seo\/ -->\n<title>Imane Khelif sui social mostra il suo lato femminile<\/title>\n<meta name=\"description\" content=\"In un video virale, Imane Khelif, medaglia d&#039;oro olimpica algerina, ci accompagna dietro le quinte della sua vita e si mostra al femminile.\" \/>\n<meta name=\"robots\" content=\"index, follow, max-snippet:-1, max-image-preview:large, max-video-preview:-1\" \/>\n<link rel=\"canonical\" href=\"https:\/\/newsvirali.it\/de\/2024\/08\/15\/imane-khelif-zeigt-ihre-weibliche-seite-in-den-sozialen-medien\/\" \/>\n<meta property=\"og:locale\" content=\"de_DE\" \/>\n<meta property=\"og:type\" content=\"article\" \/>\n<meta property=\"og:title\" content=\"Imane Khelif sui social mostra il suo lato femminile\" \/>\n<meta property=\"og:description\" content=\"In un video virale, Imane Khelif, medaglia d&#039;oro olimpica algerina, ci accompagna dietro le quinte della sua vita e si mostra al femminile.\" \/>\n<meta property=\"og:url\" content=\"https:\/\/newsvirali.it\/de\/2024\/08\/15\/imane-khelif-zeigt-ihre-weibliche-seite-in-den-sozialen-medien\/\" \/>\n<meta property=\"og:site_name\" content=\"News virali\" \/>\n<meta property=\"article:published_time\" content=\"2024-08-15T21:46:55+00:00\" \/>\n<meta property=\"article:modified_time\" content=\"2024-08-15T21:46:56+00:00\" \/>\n<meta property=\"og:image\" content=\"https:\/\/newsvirali.it\/wp-content\/uploads\/2024\/08\/Imane-Khelif-sui-social-mostra-il-suo-lato-femminile-1.jpg\" \/>\n\t<meta property=\"og:image:width\" content=\"2160\" \/>\n\t<meta property=\"og:image:height\" content=\"1440\" \/>\n\t<meta property=\"og:image:type\" content=\"image\/jpeg\" \/>\n<meta name=\"author\" content=\"Cecco Prestina\" \/>\n<meta name=\"twitter:card\" content=\"summary_large_image\" \/>\n<meta name=\"twitter:label1\" content=\"Verfasst von\" \/>\n\t<meta name=\"twitter:data1\" content=\"Cecco Prestina\" \/>\n\t<meta name=\"twitter:label2\" content=\"Gesch\u00e4tzte Lesezeit\" \/>\n\t<meta name=\"twitter:data2\" content=\"2\u00a0Minuten\" \/>\n<script type=\"application\/ld+json\" class=\"yoast-schema-graph\">{\"@context\":\"https:\/\/schema.org\",\"@graph\":[{\"@type\":\"NewsArticle\",\"@id\":\"https:\/\/newsvirali.it\/2024\/08\/15\/imane-khelif-sui-social-mostra-il-suo-lato-femminile\/#article\",\"isPartOf\":{\"@id\":\"https:\/\/newsvirali.it\/2024\/08\/15\/imane-khelif-sui-social-mostra-il-suo-lato-femminile\/\"},\"author\":{\"name\":\"Cecco Prestina\",\"@id\":\"https:\/\/newsvirali.it\/fr\/#\/schema\/person\/4c835f7b49c9adb58b33901ee816565d\"},\"headline\":\"Imane Khelif sui social mostra il suo lato femminile\",\"datePublished\":\"2024-08-15T21:46:55+00:00\",\"dateModified\":\"2024-08-15T21:46:56+00:00\",\"mainEntityOfPage\":{\"@id\":\"https:\/\/newsvirali.it\/2024\/08\/15\/imane-khelif-sui-social-mostra-il-suo-lato-femminile\/\"},\"wordCount\":347,\"image\":{\"@id\":\"https:\/\/newsvirali.it\/2024\/08\/15\/imane-khelif-sui-social-mostra-il-suo-lato-femminile\/#primaryimage\"},\"thumbnailUrl\":\"https:\/\/newsvirali.it\/wp-content\/uploads\/2024\/08\/Imane-Khelif-sui-social-mostra-il-suo-lato-femminile-1.jpg\",\"articleSection\":[\"Sport\"],\"inLanguage\":\"de\",\"copyrightYear\":\"2024\",\"copyrightHolder\":{\"@id\":\"https:\/\/newsvirali.it\/de\/#organization\"}},{\"@type\":\"WebPage\",\"@id\":\"https:\/\/newsvirali.it\/2024\/08\/15\/imane-khelif-sui-social-mostra-il-suo-lato-femminile\/\",\"url\":\"https:\/\/newsvirali.it\/2024\/08\/15\/imane-khelif-sui-social-mostra-il-suo-lato-femminile\/\",\"name\":\"Imane Khelif sui social mostra il suo lato femminile\",\"isPartOf\":{\"@id\":\"https:\/\/newsvirali.it\/fr\/#website\"},\"primaryImageOfPage\":{\"@id\":\"https:\/\/newsvirali.it\/2024\/08\/15\/imane-khelif-sui-social-mostra-il-suo-lato-femminile\/#primaryimage\"},\"image\":{\"@id\":\"https:\/\/newsvirali.it\/2024\/08\/15\/imane-khelif-sui-social-mostra-il-suo-lato-femminile\/#primaryimage\"},\"thumbnailUrl\":\"https:\/\/newsvirali.it\/wp-content\/uploads\/2024\/08\/Imane-Khelif-sui-social-mostra-il-suo-lato-femminile-1.jpg\",\"datePublished\":\"2024-08-15T21:46:55+00:00\",\"dateModified\":\"2024-08-15T21:46:56+00:00\",\"author\":{\"@id\":\"https:\/\/newsvirali.it\/fr\/#\/schema\/person\/4c835f7b49c9adb58b33901ee816565d\"},\"description\":\"In un video virale, Imane Khelif, medaglia d'oro olimpica algerina, ci accompagna dietro le quinte della sua vita e si mostra al femminile.\",\"breadcrumb\":{\"@id\":\"https:\/\/newsvirali.it\/2024\/08\/15\/imane-khelif-sui-social-mostra-il-suo-lato-femminile\/#breadcrumb\"},\"inLanguage\":\"de\",\"potentialAction\":[{\"@type\":\"ReadAction\",\"target\":[\"https:\/\/newsvirali.it\/2024\/08\/15\/imane-khelif-sui-social-mostra-il-suo-lato-femminile\/\"]}]},{\"@type\":\"ImageObject\",\"inLanguage\":\"de\",\"@id\":\"https:\/\/newsvirali.it\/2024\/08\/15\/imane-khelif-sui-social-mostra-il-suo-lato-femminile\/#primaryimage\",\"url\":\"https:\/\/newsvirali.it\/wp-content\/uploads\/2024\/08\/Imane-Khelif-sui-social-mostra-il-suo-lato-femminile-1.jpg\",\"contentUrl\":\"https:\/\/newsvirali.it\/wp-content\/uploads\/2024\/08\/Imane-Khelif-sui-social-mostra-il-suo-lato-femminile-1.jpg\",\"width\":2160,\"height\":1440,\"caption\":\"Imane Khelif sui social mostra il suo lato femminile\"},{\"@type\":\"BreadcrumbList\",\"@id\":\"https:\/\/newsvirali.it\/2024\/08\/15\/imane-khelif-sui-social-mostra-il-suo-lato-femminile\/#breadcrumb\",\"itemListElement\":[{\"@type\":\"ListItem\",\"position\":1,\"name\":\"Home\",\"item\":\"https:\/\/newsvirali.it\/fr\/\"},{\"@type\":\"ListItem\",\"position\":2,\"name\":\"Imane Khelif sui social mostra il suo lato femminile\"}]},{\"@type\":\"WebSite\",\"@id\":\"https:\/\/newsvirali.it\/fr\/#website\",\"url\":\"https:\/\/newsvirali.it\/fr\/\",\"name\":\"Bake News\",\"description\":\"\",\"potentialAction\":[{\"@type\":\"SearchAction\",\"target\":{\"@type\":\"EntryPoint\",\"urlTemplate\":\"https:\/\/newsvirali.it\/fr\/?s={search_term_string}\"},\"query-input\":{\"@type\":\"PropertyValueSpecification\",\"valueRequired\":true,\"valueName\":\"search_term_string\"}}],\"inLanguage\":\"de\"},{\"@type\":\"Person\",\"@id\":\"https:\/\/newsvirali.it\/fr\/#\/schema\/person\/4c835f7b49c9adb58b33901ee816565d\",\"name\":\"Cecco Prestina\",\"description\":\"Perch\u00e9 nasconderlo? Cecco Prestina \u00e8 un alias, ma dietro di lui non si cela un algoritmo di intelligenza artificiale. C'\u00e8 un giornalista che ha oltre vent'anni di esperienza tutta sul web. Da quando il primo modem ha iniziato a gracchiare sul territorio italiano con Video on Line, Cecco ha capito che da quel doppino sarebbe passato il futuro. Ha dedidicato tutta la sua carriera a capire Internet e poi i social e ora l'Ai. Una carriera in costante aggiornamento. E questa esperienza la mette in campo ogni giorno. Per\u00f2 ogni tanto Cecco ha voglia anche di non scrivere \\\"pipponi\\\" sulla politica, sull'economia. Ha voglia anche di scrivere qualcosa di divertente. Le notizie che trovate su Bake News sono le stesse che Cecco porta all'aperitivo con gli amici. Quelle di cui discutere per farsi due risate. Notizie, vere (qualche volta si fa fatica a crederlo), strane, divertenti, ma anche serie. Bake News \u00e8 nato per questo, dare al pubblico notizie croccanti e calde come il pane che esce dal forno. E Cecco Prestina \u00e8 nato con Bake News.\",\"url\":\"https:\/\/newsvirali.it\/de\/autore\/cecco-prestina\/\"}]}<\/script>\n<!-- \/ Yoast SEO Premium plugin. -->","yoast_head_json":{"title":"Imane Khelif sui social mostra il suo lato femminile","description":"In un video virale, Imane Khelif, medaglia d'oro olimpica algerina, ci accompagna dietro le quinte della sua vita e si mostra al femminile.","robots":{"index":"index","follow":"follow","max-snippet":"max-snippet:-1","max-image-preview":"max-image-preview:large","max-video-preview":"max-video-preview:-1"},"canonical":"https:\/\/newsvirali.it\/de\/2024\/08\/15\/imane-khelif-zeigt-ihre-weibliche-seite-in-den-sozialen-medien\/","og_locale":"de_DE","og_type":"article","og_title":"Imane Khelif sui social mostra il suo lato femminile","og_description":"In un video virale, Imane Khelif, medaglia d'oro olimpica algerina, ci accompagna dietro le quinte della sua vita e si mostra al femminile.","og_url":"https:\/\/newsvirali.it\/de\/2024\/08\/15\/imane-khelif-zeigt-ihre-weibliche-seite-in-den-sozialen-medien\/","og_site_name":"News virali","article_published_time":"2024-08-15T21:46:55+00:00","article_modified_time":"2024-08-15T21:46:56+00:00","og_image":[{"width":2160,"height":1440,"url":"https:\/\/newsvirali.it\/wp-content\/uploads\/2024\/08\/Imane-Khelif-sui-social-mostra-il-suo-lato-femminile-1.jpg","type":"image\/jpeg"}],"author":"Cecco Prestina","twitter_card":"summary_large_image","twitter_misc":{"Verfasst von":"Cecco Prestina","Gesch\u00e4tzte Lesezeit":"2\u00a0Minuten"},"schema":{"@context":"https:\/\/schema.org","@graph":[{"@type":"NewsArticle","@id":"https:\/\/newsvirali.it\/2024\/08\/15\/imane-khelif-sui-social-mostra-il-suo-lato-femminile\/#article","isPartOf":{"@id":"https:\/\/newsvirali.it\/2024\/08\/15\/imane-khelif-sui-social-mostra-il-suo-lato-femminile\/"},"author":{"name":"Cecco Prestina","@id":"https:\/\/newsvirali.it\/fr\/#\/schema\/person\/4c835f7b49c9adb58b33901ee816565d"},"headline":"Imane Khelif sui social mostra il suo lato femminile","datePublished":"2024-08-15T21:46:55+00:00","dateModified":"2024-08-15T21:46:56+00:00","mainEntityOfPage":{"@id":"https:\/\/newsvirali.it\/2024\/08\/15\/imane-khelif-sui-social-mostra-il-suo-lato-femminile\/"},"wordCount":347,"image":{"@id":"https:\/\/newsvirali.it\/2024\/08\/15\/imane-khelif-sui-social-mostra-il-suo-lato-femminile\/#primaryimage"},"thumbnailUrl":"https:\/\/newsvirali.it\/wp-content\/uploads\/2024\/08\/Imane-Khelif-sui-social-mostra-il-suo-lato-femminile-1.jpg","articleSection":["Sport"],"inLanguage":"de","copyrightYear":"2024","copyrightHolder":{"@id":"https:\/\/newsvirali.it\/de\/#organization"}},{"@type":"WebPage","@id":"https:\/\/newsvirali.it\/2024\/08\/15\/imane-khelif-sui-social-mostra-il-suo-lato-femminile\/","url":"https:\/\/newsvirali.it\/2024\/08\/15\/imane-khelif-sui-social-mostra-il-suo-lato-femminile\/","name":"Imane Khelif sui social mostra il suo lato femminile","isPartOf":{"@id":"https:\/\/newsvirali.it\/fr\/#website"},"primaryImageOfPage":{"@id":"https:\/\/newsvirali.it\/2024\/08\/15\/imane-khelif-sui-social-mostra-il-suo-lato-femminile\/#primaryimage"},"image":{"@id":"https:\/\/newsvirali.it\/2024\/08\/15\/imane-khelif-sui-social-mostra-il-suo-lato-femminile\/#primaryimage"},"thumbnailUrl":"https:\/\/newsvirali.it\/wp-content\/uploads\/2024\/08\/Imane-Khelif-sui-social-mostra-il-suo-lato-femminile-1.jpg","datePublished":"2024-08-15T21:46:55+00:00","dateModified":"2024-08-15T21:46:56+00:00","author":{"@id":"https:\/\/newsvirali.it\/fr\/#\/schema\/person\/4c835f7b49c9adb58b33901ee816565d"},"description":"In un video virale, Imane Khelif, medaglia d'oro olimpica algerina, ci accompagna dietro le quinte della sua vita e si mostra al femminile.","breadcrumb":{"@id":"https:\/\/newsvirali.it\/2024\/08\/15\/imane-khelif-sui-social-mostra-il-suo-lato-femminile\/#breadcrumb"},"inLanguage":"de","potentialAction":[{"@type":"ReadAction","target":["https:\/\/newsvirali.it\/2024\/08\/15\/imane-khelif-sui-social-mostra-il-suo-lato-femminile\/"]}]},{"@type":"ImageObject","inLanguage":"de","@id":"https:\/\/newsvirali.it\/2024\/08\/15\/imane-khelif-sui-social-mostra-il-suo-lato-femminile\/#primaryimage","url":"https:\/\/newsvirali.it\/wp-content\/uploads\/2024\/08\/Imane-Khelif-sui-social-mostra-il-suo-lato-femminile-1.jpg","contentUrl":"https:\/\/newsvirali.it\/wp-content\/uploads\/2024\/08\/Imane-Khelif-sui-social-mostra-il-suo-lato-femminile-1.jpg","width":2160,"height":1440,"caption":"Imane Khelif sui social mostra il suo lato femminile"},{"@type":"BreadcrumbList","@id":"https:\/\/newsvirali.it\/2024\/08\/15\/imane-khelif-sui-social-mostra-il-suo-lato-femminile\/#breadcrumb","itemListElement":[{"@type":"ListItem","position":1,"name":"Home","item":"https:\/\/newsvirali.it\/fr\/"},{"@type":"ListItem","position":2,"name":"Imane Khelif sui social mostra il suo lato femminile"}]},{"@type":"WebSite","@id":"https:\/\/newsvirali.it\/fr\/#website","url":"https:\/\/newsvirali.it\/fr\/","name":"Bake News","description":"","potentialAction":[{"@type":"SearchAction","target":{"@type":"EntryPoint","urlTemplate":"https:\/\/newsvirali.it\/fr\/?s={search_term_string}"},"query-input":{"@type":"PropertyValueSpecification","valueRequired":true,"valueName":"search_term_string"}}],"inLanguage":"de"},{"@type":"Person","@id":"https:\/\/newsvirali.it\/fr\/#\/schema\/person\/4c835f7b49c9adb58b33901ee816565d","name":"Cecco Prestina","description":"Perch\u00e9 nasconderlo? Cecco Prestina \u00e8 un alias, ma dietro di lui non si cela un algoritmo di intelligenza artificiale. C'\u00e8 un giornalista che ha oltre vent'anni di esperienza tutta sul web. Da quando il primo modem ha iniziato a gracchiare sul territorio italiano con Video on Line, Cecco ha capito che da quel doppino sarebbe passato il futuro. Ha dedidicato tutta la sua carriera a capire Internet e poi i social e ora l'Ai. Una carriera in costante aggiornamento. E questa esperienza la mette in campo ogni giorno. Per\u00f2 ogni tanto Cecco ha voglia anche di non scrivere \"pipponi\" sulla politica, sull'economia. Ha voglia anche di scrivere qualcosa di divertente. Le notizie che trovate su Bake News sono le stesse che Cecco porta all'aperitivo con gli amici. Quelle di cui discutere per farsi due risate. Notizie, vere (qualche volta si fa fatica a crederlo), strane, divertenti, ma anche serie. Bake News \u00e8 nato per questo, dare al pubblico notizie croccanti e calde come il pane che esce dal forno. E Cecco Prestina \u00e8 nato con Bake News.","url":"https:\/\/newsvirali.it\/de\/autore\/cecco-prestina\/"}]}},"_links":{"self":[{"href":"https:\/\/newsvirali.it\/de\/wp-json\/wp\/v2\/posts\/39572","targetHints":{"allow":["GET"]}}],"collection":[{"href":"https:\/\/newsvirali.it\/de\/wp-json\/wp\/v2\/posts"}],"about":[{"href":"https:\/\/newsvirali.it\/de\/wp-json\/wp\/v2\/types\/post"}],"author":[{"embeddable":true,"href":"https:\/\/newsvirali.it\/de\/wp-json\/wp\/v2\/users\/4"}],"replies":[{"embeddable":true,"href":"https:\/\/newsvirali.it\/de\/wp-json\/wp\/v2\/comments?post=39572"}],"version-history":[{"count":3,"href":"https:\/\/newsvirali.it\/de\/wp-json\/wp\/v2\/posts\/39572\/revisions"}],"predecessor-version":[{"id":39595,"href":"https:\/\/newsvirali.it\/de\/wp-json\/wp\/v2\/posts\/39572\/revisions\/39595"}],"wp:featuredmedia":[{"embeddable":true,"href":"https:\/\/newsvirali.it\/de\/wp-json\/wp\/v2\/media\/39573"}],"wp:attachment":[{"href":"https:\/\/newsvirali.it\/de\/wp-json\/wp\/v2\/media?parent=39572"}],"wp:term":[{"taxonomy":"category","embeddable":true,"href":"https:\/\/newsvirali.it\/de\/wp-json\/wp\/v2\/categories?post=39572"},{"taxonomy":"post_tag","embeddable":true,"href":"https:\/\/newsvirali.it\/de\/wp-json\/wp\/v2\/tags?post=39572"}],"curies":[{"name":"wp","href":"https:\/\/api.w.org\/{rel}","templated":true}]}}