{"id":38555,"date":"2024-08-05T12:09:53","date_gmt":"2024-08-05T10:09:53","guid":{"rendered":"https:\/\/www.bakenews.it\/?p=38555"},"modified":"2024-08-05T12:10:30","modified_gmt":"2024-08-05T10:10:30","slug":"ubriaco-decappottabile-figli-bordo-frontale-drammatico-video","status":"publish","type":"post","link":"https:\/\/newsvirali.it\/de\/2024\/08\/05\/dramatisches-video-mit-betrunkenen-cabrio-kindern-an-der-vorderkante\/","title":{"rendered":"Betrunkener Mann mit Cabrio und Kindern an Bord macht Frontalangriff: das dramatische Video"},"content":{"rendered":"<p>Die Polizei in Wiltshire (England) hat das Video eines dramatischen Frontalzusammensto\u00dfes ver\u00f6ffentlicht, den ein betrunkener Mann am Steuer eines Cabriolets mit seinen Kindern an Bord begangen hat. Gl\u00fccklicherweise hatte das \u201eUnfallopfer\u201c ausreichend gebremst, um die Aufprallgeschwindigkeit zu begrenzen, sodass niemand ernsthaft verletzt wurde. Nun wurde der betrunkene Fahrer verurteilt und ihm wurde neben 18 Monaten Haft (Bew\u00e4hrung) auch der F\u00fchrerschein f\u00fcr weitere zwei Jahre entzogen. Das Video wurde von der Polizei ver\u00f6ffentlicht, um die B\u00fcrger f\u00fcr sicheres Fahren zu sensibilisieren.<\/p>\n\n\n\n<p><strong>LESEN SIE AUCH<\/strong><\/p>\n\n\n\n<ul class=\"wp-block-list\">\n<li><a href=\"https:\/\/www.bakenews.it\/2024\/07\/22\/sposo-ubriaco-allaltare-la-sposa-in-imbarazzo-video-del-matrimonio-e-virale\/\">Betrunkener Br\u00e4utigam am Altar, verlegene Braut: Video der Hochzeit geht viral<\/a><\/li>\n\n\n\n<li><a href=\"https:\/\/www.bakenews.it\/2023\/11\/23\/beve-34-litri-di-birra-e-resta-ubriaco-per-un-mese-e-record\/\">Er trinkt 34 Liter Bier und bleibt einen Monat lang betrunken: Das ist ein Rekord<\/a><\/li>\n\n\n\n<li><a href=\"https:\/\/www.bakenews.it\/2023\/10\/13\/dorme-al-volante-furgone-avanti-finche-senza-benzina-ubriaco-svegliato-dalla-polizia\/\">Schl\u00e4ft am Steuer, Transporter f\u00e4hrt, bis kein Benzin mehr vorhanden ist: Betrunkener von Polizei geweckt<\/a><\/li>\n<\/ul>\n\n\n\n<h2 class=\"wp-block-heading\" id=\"h-ubriaco-fa-frontale-con-decapottabile-video-shock\">Betrunkener f\u00e4hrt frontal mit Cabrio: schockierendes Video<\/h2>\n\n\n\n<p>Der 43-j\u00e4hrige Simon Wright wurde zusammen mit seinem Beifahrer verletzt, nachdem sein Fahrzeug beim Verlassen eines Kreisverkehrs ins Schleudern geriet und verungl\u00fcckte. Am 25. M\u00e4rz waren Rettungskr\u00e4fte am Unfallort zwischen Malmesbury und Little Somerford in Wiltshire vor Ort und der Fahrer wurde positiv auf Alkohol getestet. An Bord des Wagens, eines Audi-Cabriolets, sa\u00dfen auch Wrights Kinder auf den R\u00fccksitzen. Sie erlitten keine Verletzungen, befanden sich jedoch in einem starken Schockzustand. Wright bekannte sich am 26. Juli vor dem Urteilsgericht des gef\u00e4hrlichen Fahrens und der Trunkenheit am Steuer schuldig.<\/p>\n\n\n\n<p>Ihm wurde ein zweij\u00e4hriger F\u00fchrerscheinentzug, eine 18-monatige Gef\u00e4ngnisstrafe auf Bew\u00e4hrung und die Ableistung von 200 Stunden unbezahlter gemeinn\u00fctziger Arbeit auferlegt. Au\u00dferdem muss der Fahrer eine Entsch\u00e4digung von \u00fcber 2.000 Euro und ein Bu\u00dfgeld von 300 Euro zahlen. Der Fahrer und der Beifahrer des von Wright angefahrenen Fahrzeugs wurden ins Krankenhaus eingeliefert, wurden jedoch nicht ernsthaft verletzt.<\/p>\n\n\n\n<iframe loading=\"lazy\" src=\"https:\/\/www.facebook.com\/plugins\/video.php?height=314&#038;href=https%3A%2F%2Fwww.facebook.com%2Fwiltshirepolice%2Fvideos%2F521536173556036%2F&#038;show_text=false&#038;width=560&#038;t=0\" width=\"560\" height=\"314\" style=\"border:none;overflow:hidden\" scrolling=\"no\" frameborder=\"0\" allowfullscreen=\"true\" allow=\"autoplay; clipboard-write; encrypted-media; picture-in-picture; web-share\"><\/iframe>\n\n\n\n<h2 class=\"wp-block-heading\" id=\"h-video-drammatico-diffuso-dalla-polizia\">Dramatisches Video von der Polizei ver\u00f6ffentlicht<\/h2>\n\n\n\n<p>PC Luke Hobbs von der Wiltshire Police sagte: \u201eDiese Art des Fahrens, insbesondere unter Alkoholeinfluss, ist auf unseren Stra\u00dfen v\u00f6llig inakzeptabel und stellt eine erhebliche Gefahr f\u00fcr andere Verkehrsteilnehmer dar.\u201c Dass sich zu diesem Zeitpunkt auch kleine Kinder im Fahrzeug befanden, ist undenkbar.<\/p>\n\n\n\n<p>Hobbs von der Roads Policing Unit f\u00fcgte hinzu: \u201eWir alle wissen, dass Alkohol ein falsches Sicherheitsgef\u00fchl vermitteln kann, und leider sehen wir zu oft Fahrer, die sich nach dem Alkoholkonsum ans Steuer eines Autos setzen und glauben, sie seien unbesiegbar.\u201c Wenn Sie zu diesen Menschen geh\u00f6ren, sollte es nicht eines so schwerwiegenden Vorfalls bed\u00fcrfen, um die schwerwiegenden Folgen Ihres Handelns zu verstehen. Ich freue mich, dass Wright aufgrund seines egoistischen und r\u00fccksichtslosen Handelns von unseren Stra\u00dfen verbannt wurde.\u201c<\/p>\n\n\n\n<p><strong>MEISTGELESENE ARTIKEL<\/strong><\/p>\n\n\n<p>[koko_analytics_most_viewed_posts number=5 days=8 post_type=\u201dpost\u201d show_date=\u201dfalse\u201d]<\/p>\n<br \/>Folgen Sie uns auch auf Google News: <b><a href=\"https:\/\/news.google.com\/publications\/CAAqBwgKMNqJiwswjMfqAg?hl=it&gl=IT&ceid=IT:it\" target=\"_blank\">klicken Sie hier<\/a><\/b>","protected":false},"excerpt":{"rendered":"<p>Die Polizei in Wiltshire (England) hat das Video eines dramatischen Frontalunfalls ver\u00f6ffentlicht, der von einem betrunkenen Mann begangen wurde, der [...]<\/p>","protected":false},"author":4,"featured_media":38556,"comment_status":"open","ping_status":"open","sticky":false,"template":"","format":"standard","meta":{"MSN_Categories":"Uncategorized","MSN_Publish_Option":false,"MSN_Is_Local_News":false,"MSN_Is_AIAC_Included":"Empty","MSN_Location":"[]","MSN_Add_Feature_Img_On_Top_Of_Post":false,"MSN_Has_Custom_Author":false,"MSN_Custom_Author":"","MSN_Has_Custom_Canonical_Url":false,"MSN_Custom_Canonical_Url":"","footnotes":""},"categories":[7],"tags":[],"class_list":["post-38555","post","type-post","status-publish","format-standard","has-post-thumbnail","hentry","category-cronaca"],"acf":[],"yoast_head":"<!-- This site is optimized with the Yoast SEO Premium plugin v26.7 (Yoast SEO v26.7) - https:\/\/yoast.com\/wordpress\/plugins\/seo\/ -->\n<title>Ubriaco con decappottabile e figli a bordo fa un frontale: il drammatico video<\/title>\n<meta name=\"description\" content=\"La polizia ha diffuso il video di un drammatico frontale compiuto da un uomo ubriaco alla guida di una decapottabile e coi suoi figli a bordo.\" \/>\n<meta name=\"robots\" content=\"index, follow, max-snippet:-1, max-image-preview:large, max-video-preview:-1\" \/>\n<link rel=\"canonical\" href=\"https:\/\/newsvirali.it\/de\/2024\/08\/05\/borrachos-convertibles-ninos-borde-frontal-dramatico-video\/\" \/>\n<meta property=\"og:locale\" content=\"de_DE\" \/>\n<meta property=\"og:type\" content=\"article\" \/>\n<meta property=\"og:title\" content=\"Ubriaco con decappottabile e figli a bordo fa un frontale: il drammatico video\" \/>\n<meta property=\"og:description\" content=\"La polizia ha diffuso il video di un drammatico frontale compiuto da un uomo ubriaco alla guida di una decapottabile e coi suoi figli a bordo.\" \/>\n<meta property=\"og:url\" content=\"https:\/\/newsvirali.it\/de\/2024\/08\/05\/borrachos-convertibles-ninos-borde-frontal-dramatico-video\/\" \/>\n<meta property=\"og:site_name\" content=\"News virali\" \/>\n<meta property=\"article:published_time\" content=\"2024-08-05T10:09:53+00:00\" \/>\n<meta property=\"article:modified_time\" content=\"2024-08-05T10:10:30+00:00\" \/>\n<meta property=\"og:image\" content=\"https:\/\/newsvirali.it\/wp-content\/uploads\/2024\/08\/Ubriaco-al-volante-di-una-decappottabile-e-coi-figli-a-bordo-fa-un-frontale-il-drammatico-video-1.jpg\" \/>\n\t<meta property=\"og:image:width\" content=\"600\" \/>\n\t<meta property=\"og:image:height\" content=\"400\" \/>\n\t<meta property=\"og:image:type\" content=\"image\/jpeg\" \/>\n<meta name=\"author\" content=\"Cecco Prestina\" \/>\n<meta name=\"twitter:card\" content=\"summary_large_image\" \/>\n<meta name=\"twitter:label1\" content=\"Verfasst von\" \/>\n\t<meta name=\"twitter:data1\" content=\"Cecco Prestina\" \/>\n\t<meta name=\"twitter:label2\" content=\"Gesch\u00e4tzte Lesezeit\" \/>\n\t<meta name=\"twitter:data2\" content=\"3\u00a0Minuten\" \/>\n<script type=\"application\/ld+json\" class=\"yoast-schema-graph\">{\"@context\":\"https:\/\/schema.org\",\"@graph\":[{\"@type\":\"NewsArticle\",\"@id\":\"https:\/\/newsvirali.it\/es\/2024\/08\/05\/borrachos-convertibles-ninos-borde-frontal-dramatico-video\/#article\",\"isPartOf\":{\"@id\":\"https:\/\/newsvirali.it\/es\/2024\/08\/05\/borrachos-convertibles-ninos-borde-frontal-dramatico-video\/\"},\"author\":{\"name\":\"Cecco Prestina\",\"@id\":\"https:\/\/newsvirali.it\/fr\/#\/schema\/person\/4c835f7b49c9adb58b33901ee816565d\"},\"headline\":\"Ubriaco con decappottabile e figli a bordo fa un frontale: il drammatico video\",\"datePublished\":\"2024-08-05T10:09:53+00:00\",\"dateModified\":\"2024-08-05T10:10:30+00:00\",\"mainEntityOfPage\":{\"@id\":\"https:\/\/newsvirali.it\/es\/2024\/08\/05\/borrachos-convertibles-ninos-borde-frontal-dramatico-video\/\"},\"wordCount\":455,\"commentCount\":0,\"image\":{\"@id\":\"https:\/\/newsvirali.it\/es\/2024\/08\/05\/borrachos-convertibles-ninos-borde-frontal-dramatico-video\/#primaryimage\"},\"thumbnailUrl\":\"https:\/\/newsvirali.it\/wp-content\/uploads\/2024\/08\/Ubriaco-al-volante-di-una-decappottabile-e-coi-figli-a-bordo-fa-un-frontale-il-drammatico-video-1.jpg\",\"articleSection\":[\"Cronaca\"],\"inLanguage\":\"de\",\"potentialAction\":[{\"@type\":\"CommentAction\",\"name\":\"Comment\",\"target\":[\"https:\/\/newsvirali.it\/es\/2024\/08\/05\/borrachos-convertibles-ninos-borde-frontal-dramatico-video\/#respond\"]}],\"copyrightYear\":\"2024\",\"copyrightHolder\":{\"@id\":\"https:\/\/newsvirali.it\/de\/#organization\"}},{\"@type\":\"WebPage\",\"@id\":\"https:\/\/newsvirali.it\/es\/2024\/08\/05\/borrachos-convertibles-ninos-borde-frontal-dramatico-video\/\",\"url\":\"https:\/\/newsvirali.it\/es\/2024\/08\/05\/borrachos-convertibles-ninos-borde-frontal-dramatico-video\/\",\"name\":\"Ubriaco con decappottabile e figli a bordo fa un frontale: il drammatico video\",\"isPartOf\":{\"@id\":\"https:\/\/newsvirali.it\/fr\/#website\"},\"primaryImageOfPage\":{\"@id\":\"https:\/\/newsvirali.it\/es\/2024\/08\/05\/borrachos-convertibles-ninos-borde-frontal-dramatico-video\/#primaryimage\"},\"image\":{\"@id\":\"https:\/\/newsvirali.it\/es\/2024\/08\/05\/borrachos-convertibles-ninos-borde-frontal-dramatico-video\/#primaryimage\"},\"thumbnailUrl\":\"https:\/\/newsvirali.it\/wp-content\/uploads\/2024\/08\/Ubriaco-al-volante-di-una-decappottabile-e-coi-figli-a-bordo-fa-un-frontale-il-drammatico-video-1.jpg\",\"datePublished\":\"2024-08-05T10:09:53+00:00\",\"dateModified\":\"2024-08-05T10:10:30+00:00\",\"author\":{\"@id\":\"https:\/\/newsvirali.it\/fr\/#\/schema\/person\/4c835f7b49c9adb58b33901ee816565d\"},\"description\":\"La polizia ha diffuso il video di un drammatico frontale compiuto da un uomo ubriaco alla guida di una decapottabile e coi suoi figli a bordo.\",\"breadcrumb\":{\"@id\":\"https:\/\/newsvirali.it\/es\/2024\/08\/05\/borrachos-convertibles-ninos-borde-frontal-dramatico-video\/#breadcrumb\"},\"inLanguage\":\"de\",\"potentialAction\":[{\"@type\":\"ReadAction\",\"target\":[\"https:\/\/newsvirali.it\/es\/2024\/08\/05\/borrachos-convertibles-ninos-borde-frontal-dramatico-video\/\"]}]},{\"@type\":\"ImageObject\",\"inLanguage\":\"de\",\"@id\":\"https:\/\/newsvirali.it\/es\/2024\/08\/05\/borrachos-convertibles-ninos-borde-frontal-dramatico-video\/#primaryimage\",\"url\":\"https:\/\/newsvirali.it\/wp-content\/uploads\/2024\/08\/Ubriaco-al-volante-di-una-decappottabile-e-coi-figli-a-bordo-fa-un-frontale-il-drammatico-video-1.jpg\",\"contentUrl\":\"https:\/\/newsvirali.it\/wp-content\/uploads\/2024\/08\/Ubriaco-al-volante-di-una-decappottabile-e-coi-figli-a-bordo-fa-un-frontale-il-drammatico-video-1.jpg\",\"width\":600,\"height\":400,\"caption\":\"Ubriaco al volante di una decappottabile e coi figli a bordo fa un frontale: il drammatico video\"},{\"@type\":\"BreadcrumbList\",\"@id\":\"https:\/\/newsvirali.it\/es\/2024\/08\/05\/borrachos-convertibles-ninos-borde-frontal-dramatico-video\/#breadcrumb\",\"itemListElement\":[{\"@type\":\"ListItem\",\"position\":1,\"name\":\"Home\",\"item\":\"https:\/\/newsvirali.it\/fr\/\"},{\"@type\":\"ListItem\",\"position\":2,\"name\":\"Ubriaco con decappottabile e figli a bordo fa un frontale: il drammatico video\"}]},{\"@type\":\"WebSite\",\"@id\":\"https:\/\/newsvirali.it\/fr\/#website\",\"url\":\"https:\/\/newsvirali.it\/fr\/\",\"name\":\"Bake News\",\"description\":\"\",\"potentialAction\":[{\"@type\":\"SearchAction\",\"target\":{\"@type\":\"EntryPoint\",\"urlTemplate\":\"https:\/\/newsvirali.it\/fr\/?s={search_term_string}\"},\"query-input\":{\"@type\":\"PropertyValueSpecification\",\"valueRequired\":true,\"valueName\":\"search_term_string\"}}],\"inLanguage\":\"de\"},{\"@type\":\"Person\",\"@id\":\"https:\/\/newsvirali.it\/fr\/#\/schema\/person\/4c835f7b49c9adb58b33901ee816565d\",\"name\":\"Cecco Prestina\",\"description\":\"Perch\u00e9 nasconderlo? Cecco Prestina \u00e8 un alias, ma dietro di lui non si cela un algoritmo di intelligenza artificiale. C'\u00e8 un giornalista che ha oltre vent'anni di esperienza tutta sul web. Da quando il primo modem ha iniziato a gracchiare sul territorio italiano con Video on Line, Cecco ha capito che da quel doppino sarebbe passato il futuro. Ha dedidicato tutta la sua carriera a capire Internet e poi i social e ora l'Ai. Una carriera in costante aggiornamento. E questa esperienza la mette in campo ogni giorno. Per\u00f2 ogni tanto Cecco ha voglia anche di non scrivere \\\"pipponi\\\" sulla politica, sull'economia. Ha voglia anche di scrivere qualcosa di divertente. Le notizie che trovate su Bake News sono le stesse che Cecco porta all'aperitivo con gli amici. Quelle di cui discutere per farsi due risate. Notizie, vere (qualche volta si fa fatica a crederlo), strane, divertenti, ma anche serie. Bake News \u00e8 nato per questo, dare al pubblico notizie croccanti e calde come il pane che esce dal forno. E Cecco Prestina \u00e8 nato con Bake News.\",\"url\":\"https:\/\/newsvirali.it\/de\/autore\/cecco-prestina\/\"}]}<\/script>\n<!-- \/ Yoast SEO Premium plugin. -->","yoast_head_json":{"title":"Ubriaco con decappottabile e figli a bordo fa un frontale: il drammatico video","description":"La polizia ha diffuso il video di un drammatico frontale compiuto da un uomo ubriaco alla guida di una decapottabile e coi suoi figli a bordo.","robots":{"index":"index","follow":"follow","max-snippet":"max-snippet:-1","max-image-preview":"max-image-preview:large","max-video-preview":"max-video-preview:-1"},"canonical":"https:\/\/newsvirali.it\/de\/2024\/08\/05\/borrachos-convertibles-ninos-borde-frontal-dramatico-video\/","og_locale":"de_DE","og_type":"article","og_title":"Ubriaco con decappottabile e figli a bordo fa un frontale: il drammatico video","og_description":"La polizia ha diffuso il video di un drammatico frontale compiuto da un uomo ubriaco alla guida di una decapottabile e coi suoi figli a bordo.","og_url":"https:\/\/newsvirali.it\/de\/2024\/08\/05\/borrachos-convertibles-ninos-borde-frontal-dramatico-video\/","og_site_name":"News virali","article_published_time":"2024-08-05T10:09:53+00:00","article_modified_time":"2024-08-05T10:10:30+00:00","og_image":[{"width":600,"height":400,"url":"https:\/\/newsvirali.it\/wp-content\/uploads\/2024\/08\/Ubriaco-al-volante-di-una-decappottabile-e-coi-figli-a-bordo-fa-un-frontale-il-drammatico-video-1.jpg","type":"image\/jpeg"}],"author":"Cecco Prestina","twitter_card":"summary_large_image","twitter_misc":{"Verfasst von":"Cecco Prestina","Gesch\u00e4tzte Lesezeit":"3\u00a0Minuten"},"schema":{"@context":"https:\/\/schema.org","@graph":[{"@type":"NewsArticle","@id":"https:\/\/newsvirali.it\/es\/2024\/08\/05\/borrachos-convertibles-ninos-borde-frontal-dramatico-video\/#article","isPartOf":{"@id":"https:\/\/newsvirali.it\/es\/2024\/08\/05\/borrachos-convertibles-ninos-borde-frontal-dramatico-video\/"},"author":{"name":"Cecco Prestina","@id":"https:\/\/newsvirali.it\/fr\/#\/schema\/person\/4c835f7b49c9adb58b33901ee816565d"},"headline":"Ubriaco con decappottabile e figli a bordo fa un frontale: il drammatico video","datePublished":"2024-08-05T10:09:53+00:00","dateModified":"2024-08-05T10:10:30+00:00","mainEntityOfPage":{"@id":"https:\/\/newsvirali.it\/es\/2024\/08\/05\/borrachos-convertibles-ninos-borde-frontal-dramatico-video\/"},"wordCount":455,"commentCount":0,"image":{"@id":"https:\/\/newsvirali.it\/es\/2024\/08\/05\/borrachos-convertibles-ninos-borde-frontal-dramatico-video\/#primaryimage"},"thumbnailUrl":"https:\/\/newsvirali.it\/wp-content\/uploads\/2024\/08\/Ubriaco-al-volante-di-una-decappottabile-e-coi-figli-a-bordo-fa-un-frontale-il-drammatico-video-1.jpg","articleSection":["Cronaca"],"inLanguage":"de","potentialAction":[{"@type":"CommentAction","name":"Comment","target":["https:\/\/newsvirali.it\/es\/2024\/08\/05\/borrachos-convertibles-ninos-borde-frontal-dramatico-video\/#respond"]}],"copyrightYear":"2024","copyrightHolder":{"@id":"https:\/\/newsvirali.it\/de\/#organization"}},{"@type":"WebPage","@id":"https:\/\/newsvirali.it\/es\/2024\/08\/05\/borrachos-convertibles-ninos-borde-frontal-dramatico-video\/","url":"https:\/\/newsvirali.it\/es\/2024\/08\/05\/borrachos-convertibles-ninos-borde-frontal-dramatico-video\/","name":"Ubriaco con decappottabile e figli a bordo fa un frontale: il drammatico video","isPartOf":{"@id":"https:\/\/newsvirali.it\/fr\/#website"},"primaryImageOfPage":{"@id":"https:\/\/newsvirali.it\/es\/2024\/08\/05\/borrachos-convertibles-ninos-borde-frontal-dramatico-video\/#primaryimage"},"image":{"@id":"https:\/\/newsvirali.it\/es\/2024\/08\/05\/borrachos-convertibles-ninos-borde-frontal-dramatico-video\/#primaryimage"},"thumbnailUrl":"https:\/\/newsvirali.it\/wp-content\/uploads\/2024\/08\/Ubriaco-al-volante-di-una-decappottabile-e-coi-figli-a-bordo-fa-un-frontale-il-drammatico-video-1.jpg","datePublished":"2024-08-05T10:09:53+00:00","dateModified":"2024-08-05T10:10:30+00:00","author":{"@id":"https:\/\/newsvirali.it\/fr\/#\/schema\/person\/4c835f7b49c9adb58b33901ee816565d"},"description":"La polizia ha diffuso il video di un drammatico frontale compiuto da un uomo ubriaco alla guida di una decapottabile e coi suoi figli a bordo.","breadcrumb":{"@id":"https:\/\/newsvirali.it\/es\/2024\/08\/05\/borrachos-convertibles-ninos-borde-frontal-dramatico-video\/#breadcrumb"},"inLanguage":"de","potentialAction":[{"@type":"ReadAction","target":["https:\/\/newsvirali.it\/es\/2024\/08\/05\/borrachos-convertibles-ninos-borde-frontal-dramatico-video\/"]}]},{"@type":"ImageObject","inLanguage":"de","@id":"https:\/\/newsvirali.it\/es\/2024\/08\/05\/borrachos-convertibles-ninos-borde-frontal-dramatico-video\/#primaryimage","url":"https:\/\/newsvirali.it\/wp-content\/uploads\/2024\/08\/Ubriaco-al-volante-di-una-decappottabile-e-coi-figli-a-bordo-fa-un-frontale-il-drammatico-video-1.jpg","contentUrl":"https:\/\/newsvirali.it\/wp-content\/uploads\/2024\/08\/Ubriaco-al-volante-di-una-decappottabile-e-coi-figli-a-bordo-fa-un-frontale-il-drammatico-video-1.jpg","width":600,"height":400,"caption":"Ubriaco al volante di una decappottabile e coi figli a bordo fa un frontale: il drammatico video"},{"@type":"BreadcrumbList","@id":"https:\/\/newsvirali.it\/es\/2024\/08\/05\/borrachos-convertibles-ninos-borde-frontal-dramatico-video\/#breadcrumb","itemListElement":[{"@type":"ListItem","position":1,"name":"Home","item":"https:\/\/newsvirali.it\/fr\/"},{"@type":"ListItem","position":2,"name":"Ubriaco con decappottabile e figli a bordo fa un frontale: il drammatico video"}]},{"@type":"WebSite","@id":"https:\/\/newsvirali.it\/fr\/#website","url":"https:\/\/newsvirali.it\/fr\/","name":"Bake News","description":"","potentialAction":[{"@type":"SearchAction","target":{"@type":"EntryPoint","urlTemplate":"https:\/\/newsvirali.it\/fr\/?s={search_term_string}"},"query-input":{"@type":"PropertyValueSpecification","valueRequired":true,"valueName":"search_term_string"}}],"inLanguage":"de"},{"@type":"Person","@id":"https:\/\/newsvirali.it\/fr\/#\/schema\/person\/4c835f7b49c9adb58b33901ee816565d","name":"Cecco Prestina","description":"Perch\u00e9 nasconderlo? Cecco Prestina \u00e8 un alias, ma dietro di lui non si cela un algoritmo di intelligenza artificiale. C'\u00e8 un giornalista che ha oltre vent'anni di esperienza tutta sul web. Da quando il primo modem ha iniziato a gracchiare sul territorio italiano con Video on Line, Cecco ha capito che da quel doppino sarebbe passato il futuro. Ha dedidicato tutta la sua carriera a capire Internet e poi i social e ora l'Ai. Una carriera in costante aggiornamento. E questa esperienza la mette in campo ogni giorno. Per\u00f2 ogni tanto Cecco ha voglia anche di non scrivere \"pipponi\" sulla politica, sull'economia. Ha voglia anche di scrivere qualcosa di divertente. Le notizie che trovate su Bake News sono le stesse che Cecco porta all'aperitivo con gli amici. Quelle di cui discutere per farsi due risate. Notizie, vere (qualche volta si fa fatica a crederlo), strane, divertenti, ma anche serie. Bake News \u00e8 nato per questo, dare al pubblico notizie croccanti e calde come il pane che esce dal forno. E Cecco Prestina \u00e8 nato con Bake News.","url":"https:\/\/newsvirali.it\/de\/autore\/cecco-prestina\/"}]}},"_links":{"self":[{"href":"https:\/\/newsvirali.it\/de\/wp-json\/wp\/v2\/posts\/38555","targetHints":{"allow":["GET"]}}],"collection":[{"href":"https:\/\/newsvirali.it\/de\/wp-json\/wp\/v2\/posts"}],"about":[{"href":"https:\/\/newsvirali.it\/de\/wp-json\/wp\/v2\/types\/post"}],"author":[{"embeddable":true,"href":"https:\/\/newsvirali.it\/de\/wp-json\/wp\/v2\/users\/4"}],"replies":[{"embeddable":true,"href":"https:\/\/newsvirali.it\/de\/wp-json\/wp\/v2\/comments?post=38555"}],"version-history":[{"count":5,"href":"https:\/\/newsvirali.it\/de\/wp-json\/wp\/v2\/posts\/38555\/revisions"}],"predecessor-version":[{"id":38594,"href":"https:\/\/newsvirali.it\/de\/wp-json\/wp\/v2\/posts\/38555\/revisions\/38594"}],"wp:featuredmedia":[{"embeddable":true,"href":"https:\/\/newsvirali.it\/de\/wp-json\/wp\/v2\/media\/38556"}],"wp:attachment":[{"href":"https:\/\/newsvirali.it\/de\/wp-json\/wp\/v2\/media?parent=38555"}],"wp:term":[{"taxonomy":"category","embeddable":true,"href":"https:\/\/newsvirali.it\/de\/wp-json\/wp\/v2\/categories?post=38555"},{"taxonomy":"post_tag","embeddable":true,"href":"https:\/\/newsvirali.it\/de\/wp-json\/wp\/v2\/tags?post=38555"}],"curies":[{"name":"wp","href":"https:\/\/api.w.org\/{rel}","templated":true}]}}