{"id":37397,"date":"2024-07-25T08:20:43","date_gmt":"2024-07-25T06:20:43","guid":{"rendered":"https:\/\/www.bakenews.it\/?p=37397"},"modified":"2024-07-25T10:11:54","modified_gmt":"2024-07-25T08:11:54","slug":"poliziotto-calci-faccia-sospetto-video-brutale-arresto-social","status":"publish","type":"post","link":"https:\/\/newsvirali.it\/de\/2024\/07\/25\/polizist-tritt-verdachtigen-ins-gesicht-brutale-videoverhaftung-in-sozialen-netzwerken\/","title":{"rendered":"Polizist tritt Verd\u00e4chtige ins Gesicht, Video der brutalen Festnahme in den sozialen Medien"},"content":{"rendered":"<p>Eine Polizeikontrolle am Flughafen Manchester (England) verlief und die Polizei schlug einige islamische B\u00fcrger: Ein Polizist trat einem Verd\u00e4chtigen ins Gesicht, eine grausame Szene, deren Video im Internet kursierte. Hunderte Demonstranten versammelten sich \u00fcber Nacht vor der Polizeistation Rochdale, wohin die Verd\u00e4chtigen nach den Festnahmen gebracht wurden. Das Video der festgenommenen M\u00e4nner ging viral, nachdem einer von ihnen von einem Polizisten ins Gesicht getreten und auf den Kopf getreten wurde, w\u00e4hrend andere zu Boden geworfen, mit Elektroschockern belegt und mit kr\u00e4ftezehrendem Spray getroffen wurden.<\/p>\n\n\n\n<p><strong>LESEN SIE AUCH<\/strong><\/p>\n\n\n\n<ul class=\"wp-block-list\">\n<li><a href=\"https:\/\/www.bakenews.it\/2024\/07\/24\/rissa-a-basket-tra-13enni-giocatore-spacca-a-calci-la-testa-ad-avversario\/\">Basketballschl\u00e4gerei zwischen 13-J\u00e4hrigen: Spieler tritt gegen den Kopf des Gegners<\/a><\/li>\n\n\n\n<li><a href=\"https:\/\/www.bakenews.it\/2024\/06\/14\/schiaffeggia-bambina-per-strada-e-viene-presa-a-calci-da-passante-video-shock\/\">Sie schl\u00e4gt ein kleines M\u00e4dchen auf der Stra\u00dfe und wird von einem Passanten getreten: schockierendes Video<\/a><\/li>\n\n\n\n<li><a href=\"https:\/\/www.bakenews.it\/2024\/05\/27\/turista-litiga-per-il-conto-buttafuori-con-un-calcio-in-testa-lo-manda-in-coma-video-shock\/\">Tourist streitet sich um die Rechnung, T\u00fcrsteher tritt ihn gegen den Kopf und schickt ihn ins Koma: schockierendes Video<\/a><\/li>\n\n\n\n<li><a href=\"https:\/\/www.bakenews.it\/2024\/07\/24\/scopre-ladro-in-spiaggia-turista-lo-massacra-a-colpi-di-ombrellone-video\/\">Dieb wird am Strand entdeckt, Tourist massakriert ihn mit Sonnenschirmen: Video<\/a><\/li>\n<\/ul>\n\n\n\n<h2 class=\"wp-block-heading\" id=\"h-la-polizia-hanno-spaccato-il-naso-ad-un-agente\">Die Polizei: \u201eSie haben einem Beamten die Nase gebrochen\u201c<\/h2>\n\n\n\n<p>Die Polizei von Greater Manchester (GMP) sagte, die M\u00e4nner seien festgenommen worden, nachdem Beamte am Dienstagabend auf Berichte \u00fcber einen Angriff auf das Terminal 2 des Flughafens reagiert hatten, und dass bei dem Vorfall mehrere Beamte angegriffen worden seien, darunter eine Polizistin, deren Nase gebrochen worden sei. Der Beamte, der den Ball getreten hat, wurde aus dem aktiven Dienst entfernt, aber nicht suspendiert, bis eine unabh\u00e4ngige Untersuchung zur Aufkl\u00e4rung der Situation vorliegt.<\/p>\n\n\n\n<p>Der in dem Video getretene Mann stammt aus Rochdale und am sp\u00e4ten Dienstagabend versammelten sich Hunderte Menschen vor der Hauptpolizeistation der Stadt, um gegen die Behandlung der Festgenommenen zu protestieren. Man sah, wie ein \u00f6rtlicher Imam versuchte, die Spannungen in der Menge zu beruhigen. W\u00fctende Menschenmengen versammelten sich, nachdem im Internet ein Video verbreitet wurde, das die Festnahme von vier M\u00e4nnern am Flughafen Manchester zeigt.<\/p>\n\n\n\n<figure class=\"wp-block-embed\"><div class=\"wp-block-embed__wrapper\">\nhttps:\/\/twitter.com\/DillyHussain88\/status\/1816112400497614941\n<\/div><\/figure>\n\n\n\n<h2 class=\"wp-block-heading\" id=\"h-video-virale-dell-arresto-calci-in-faccia-a-sospetto\">Virales Video der Festnahme: Verd\u00e4chtiger ins Gesicht getreten<\/h2>\n\n\n\n<p>Die Polizei verteidigte sich mit der Aussage, die M\u00e4nner seien wegen des Verdachts einer Reihe von Straftaten festgenommen worden, darunter K\u00f6rperverletzung, Angriff auf einen Notfallhelfer, Schl\u00e4gerei und Behinderung der Polizei. In dem Video ist ein Mann in blauen Shorts und einem blauen T-Shirt zu sehen, der mit den H\u00e4nden auf dem R\u00fccken auf dem Boden liegt, w\u00e4hrend eine \u00e4ltere Frau neben ihm kniet. Hinter dem Paar sitzt ein Mann in einem grauen T-Shirt und Shorts auf einem Stuhl, die H\u00e4nde \u00fcber dem Kopf. Ein m\u00e4nnlicher Polizist, der einen Taser in der Hand h\u00e4lt, schl\u00e4gt dem am Boden liegenden Mann ins Gesicht und stampft ihm dann auf den Hinterkopf, als er sich von dem Beamten entfernt.<\/p>\n\n\n\n<p>Dies l\u00f6st Emp\u00f6rung bei den Zuschauern aus, die die Szene beobachten und der Polizei zurufen: \u201eH\u00f6rt auf, Leute zu treten\u201c und \u201eIhr werdet von Kameras erwischt\u201c. Zu sehen ist eine Polizistin, die filmende Menschen von dem Mann wegst\u00f6\u00dft. Im Hintergrund ist ein Beamter zu sehen, der den Mann, der auf dem Stuhl sitzt, \u201erunter, runter\u201c schreit. Anschlie\u00dfend wird der Mann von zwei Beamten zu Boden gedr\u00fcckt und mit Handschellen gefesselt. Zu diesem Zeitpunkt wandert die Frau, die eine Dupatta mit blauem Schleier tr\u00e4gt, verwirrt zwischen den beiden M\u00e4nnern hin und her, von denen man annimmt, dass sie ihre Kinder sind. Anschlie\u00dfend wird sie von einer Beamtin weggesto\u00dfen.<\/p>\n\n\n\n<h2 class=\"wp-block-heading\" id=\"h-il-video-girato-all-aeroporto-di-manchester\">Das Video wurde am Flughafen Manchester gedreht<\/h2>\n\n\n\n<p>Anderes Filmmaterial, das offenbar gefilmt wurde, nachdem die beiden M\u00e4nner von Beamten abgef\u00fchrt worden waren, zeigt, wie die Polizei eine Gruppe von Menschen auf demselben Platz in die Enge treibt. Im Video sieht man einen Beamten mit einem Taser in der Hand, der auf einen Mann zeigt und sagt: \u201eSie werden dich verhaften.\u201c Zu diesem Zeitpunkt feuert einer der Beamten seine kampfunf\u00e4hig machende Kugel auf einen der M\u00e4nner, bevor er und ein anderer Polizist den Mann packen und zu Boden werfen.<\/p>\n\n\n\n<p>Anschlie\u00dfend werden die M\u00e4nner von Beamten aus dem Geb\u00e4ude zu einem wartenden Polizeifahrzeug gezerrt. Amar Rafiq, der einen Teil des Originalvideos drehte, war auf dem R\u00fcckweg von Katar nach Manchester, als er sah, wie sich der Vorfall vor seinen Augen abspielte. Er sagte gegen\u00fcber MailOnline: \u201eIch ging auf den Platz, wo sich der Unfall ereignete. Der Beamte hielt den Mann an die Wand und versuchte, ihn zu sto\u00dfen und anzusto\u00dfen. Wenige Augenblicke sp\u00e4ter schlug der andere Mann, der dort war, den Beamten, dann warfen sie beide zu Boden. Sie [die Polizei] sagten: \u201aSie sind verhaftet\u2018.\u201c Er sagte, zu diesem Zeitpunkt habe er mit den Dreharbeiten begonnen und den Moment festgehalten, in dem einer der M\u00e4nner offenbar gegen den Kopf getreten worden sei.<\/p>\n\n\n\n<p>Herr Rafiq sagte: \u201eIch war einfach fassungslos. Der Polizist hat dem Kerl einfach ins Gesicht getreten. Alle machten sich Sorgen um sich selbst, sie gerieten in Panik und rannten weg, sie hatten Angst, angegriffen zu werden.\u201c Er f\u00fcgte hinzu, dass er nicht gesehen habe, was mit den M\u00e4nnern oder der Frau, die sie begleiteten, passiert sei, weil die Beamten alle vom Tatort entfernt h\u00e4tten. Rafiq sagte, zu diesem Zeitpunkt seien mindestens zehn Beamte anwesend gewesen.<\/p>\n\n\n\n<figure class=\"wp-block-embed is-type-rich is-provider-twitter wp-block-embed-twitter\"><div class=\"wp-block-embed__wrapper\">\n<blockquote class=\"twitter-tweet\" data-width=\"500\" data-dnt=\"true\"><p lang=\"en\" dir=\"ltr\">Videoaufnahmen von dem, was VOR, w\u00e4hrend und NACH dem Polizeibrutalit\u00e4tsvorfall am Flughafen Manchester geschah. <br><br>Der betreffende Beamte wurde nun von seinen operativen Aufgaben entbunden. <a href=\"https:\/\/t.co\/4AswcesqtM\">https:\/\/t.co\/4AswcesqtM<\/a> <a href=\"https:\/\/t.co\/GdjlPWWfdq\">pic.twitter.com\/GdjlPWWfdq<\/a><\/p>\u2014 Dilly Hussain (@DillyHussain88) <a href=\"https:\/\/twitter.com\/DillyHussain88\/status\/1816226862848233607?ref_src=twsrc%5Etfw\">24. Juli 2024<\/a><\/blockquote><script async src=\"https:\/\/platform.twitter.com\/widgets.js\" charset=\"utf-8\"><\/script>\n<\/div><\/figure>\n\n\n\n<h2 class=\"wp-block-heading\" id=\"h-la-polizia-si-difende-aggressione-iniziata-da-loro\">Die Polizei verteidigt sich: \u201eDer Angriff wurde von ihnen gestartet\u201c<\/h2>\n\n\n\n<p>Ein Sprecher der Polizei von Greater Manchester sagte, der Anruf sei nach Berichten \u00fcber eine Schl\u00e4gerei zwischen Mitgliedern der \u00d6ffentlichkeit erfolgt. Der stellvertretende Polizeichef Wasim Chaudhry sagte, die Polizei habe verstanden, warum das Video der Festnahmen \u201eAlarm ausgel\u00f6st\u201c habe. Er sagte: \u201eWir wissen, dass die weit verbreiteten Aufnahmen eines Vorfalls am Flughafen Manchester ein Ereignis zeigen, das wirklich schockierend ist und \u00fcber das die Menschen zu Recht gro\u00dfe Sorge haben.\u201c Der Einsatz solcher Gewalt bei einer Festnahme ist ein ungew\u00f6hnliches Ereignis und l\u00f6st, wie wir wissen, Alarm aus. Wir wurden angerufen, nachdem am Dienstag, dem 23. Juli, um 20.25 Uhr ein Angriff im Terminal 2 des Flughafens Manchester gemeldet wurde. Der mutma\u00dfliche Verd\u00e4chtige wurde von \u00dcberwachungskameras in der N\u00e4he eines Fahrkartenautomaten auf dem Parkplatz gefilmt und Beamte gingen zum Tatort, um ihn festzunehmen.\u201c<\/p>\n\n\n\n<p>\u201eW\u00e4hrend unserer Reaktion wurden drei Beamte angegriffen. Eine Frau erlitt eine gebrochene Nase und die anderen Beamten wurden zu Boden gezwungen und erlitten Verletzungen, die eine Behandlung im Krankenhaus erforderten. Ein m\u00e4nnlicher Beamter wurde von seinen operativen Aufgaben entbunden und wir melden unsere polizeilichen Ma\u00dfnahmen freiwillig dem Independent Office of Police Conduct.\u201c<\/p>\n\n\n\n<p><strong>LESEN SIE ANDERE WELT-NEWS<\/strong><\/p>\n\n\n<ul class=\"wp-block-latest-posts__list wp-block-latest-posts\"><li><a class=\"wp-block-latest-posts__post-title\" href=\"https:\/\/newsvirali.it\/de\/2026\/02\/12\/emma-amit-tote-teufelskrabbe\/\">Vloggerin Emma Amit stirbt nach dem Verzehr einer giftigen Teufelskrabbe<\/a><\/li>\n<li><a class=\"wp-block-latest-posts__post-title\" href=\"https:\/\/newsvirali.it\/de\/2026\/02\/05\/drei-schwestern-begingen-selbstmord-in-indien\/\">Eltern konfiszieren Handys wegen exzessiven Spielens: Drei Schwestern begehen Selbstmord<\/a><\/li>\n<li><a class=\"wp-block-latest-posts__post-title\" href=\"https:\/\/newsvirali.it\/de\/2026\/01\/30\/festnahme-in-einem-ferienresort-in-florida-wegen-obszoner-handlungen\/\">Schockierende Szenen in einem Ferienresort in Florida: Mann wegen exhibitionistischer Handlungen mit einem Staubsauger verhaftet<\/a><\/li>\n<li><a class=\"wp-block-latest-posts__post-title\" href=\"https:\/\/newsvirali.it\/de\/2026\/01\/28\/betrunkener-vater-erhangt-sohn-in-schockierendem-video\/\">Betrunkener Vater h\u00e4ngt Sohn aus dem Fenster: Schockierendes Video<\/a><\/li>\n<li><a class=\"wp-block-latest-posts__post-title\" href=\"https:\/\/newsvirali.it\/de\/2026\/01\/27\/schwangere-lehrerin-und-13-jahrige-schulerin\/\">Lehrerin gibt zu, von 13-j\u00e4hrigem Sch\u00fcler schwanger geworden zu sein<\/a><\/li>\n<\/ul><br \/>Folgen Sie uns auch auf Google News: <b><a href=\"https:\/\/news.google.com\/publications\/CAAqBwgKMNqJiwswjMfqAg?hl=it&gl=IT&ceid=IT:it\" target=\"_blank\">klicken Sie hier<\/a><\/b>","protected":false},"excerpt":{"rendered":"<p>Eine Polizeikontrolle am Flughafen Manchester (England) scheiterte und die Polizei schlug einige islamische B\u00fcrger: Ein Polizist [\u2026]<\/p>","protected":false},"author":4,"featured_media":37470,"comment_status":"open","ping_status":"open","sticky":false,"template":"","format":"standard","meta":{"MSN_Categories":"Uncategorized","MSN_Publish_Option":false,"MSN_Is_Local_News":false,"MSN_Is_AIAC_Included":"Empty","MSN_Location":"[]","MSN_Add_Feature_Img_On_Top_Of_Post":false,"MSN_Has_Custom_Author":false,"MSN_Custom_Author":"","MSN_Has_Custom_Canonical_Url":false,"MSN_Custom_Canonical_Url":"","footnotes":""},"categories":[9],"tags":[],"class_list":["post-37397","post","type-post","status-publish","format-standard","has-post-thumbnail","hentry","category-mondo"],"acf":[],"yoast_head":"<!-- This site is optimized with the Yoast SEO Premium plugin v26.7 (Yoast SEO v26.7) - https:\/\/yoast.com\/wordpress\/plugins\/seo\/ -->\n<title>Poliziotto d\u00e0 calci in faccia a sospetto, video del brutale arresto sui social<\/title>\n<meta name=\"description\" content=\"Un poliziotto ha preso a calci in faccia un sospetto, una scena raccapricciante il cui video ha fatto il giro del web.\" \/>\n<meta name=\"robots\" content=\"index, follow, max-snippet:-1, max-image-preview:large, max-video-preview:-1\" \/>\n<link rel=\"canonical\" href=\"https:\/\/newsvirali.it\/de\/2024\/07\/25\/policia-patea-la-cara-del-sospechoso-brutal-video-arresto-social\/\" \/>\n<meta property=\"og:locale\" content=\"de_DE\" \/>\n<meta property=\"og:type\" content=\"article\" \/>\n<meta property=\"og:title\" content=\"Poliziotto d\u00e0 calci in faccia a sospetto, video del brutale arresto sui social\" \/>\n<meta property=\"og:description\" content=\"Un poliziotto ha preso a calci in faccia un sospetto, una scena raccapricciante il cui video ha fatto il giro del web.\" \/>\n<meta property=\"og:url\" content=\"https:\/\/newsvirali.it\/de\/2024\/07\/25\/policia-patea-la-cara-del-sospechoso-brutal-video-arresto-social\/\" \/>\n<meta property=\"og:site_name\" content=\"News virali\" \/>\n<meta property=\"article:published_time\" content=\"2024-07-25T06:20:43+00:00\" \/>\n<meta property=\"article:modified_time\" content=\"2024-07-25T08:11:54+00:00\" \/>\n<meta property=\"og:image\" content=\"https:\/\/newsvirali.it\/wp-content\/uploads\/2024\/07\/Poliziotto-da-calci-in-faccia-a-sospetto-video-del-brutale-arresto-sui-social-0bis.jpg\" \/>\n\t<meta property=\"og:image:width\" content=\"600\" \/>\n\t<meta property=\"og:image:height\" content=\"400\" \/>\n\t<meta property=\"og:image:type\" content=\"image\/jpeg\" \/>\n<meta name=\"author\" content=\"Cecco Prestina\" \/>\n<meta name=\"twitter:card\" content=\"summary_large_image\" \/>\n<meta name=\"twitter:label1\" content=\"Verfasst von\" \/>\n\t<meta name=\"twitter:data1\" content=\"Cecco Prestina\" \/>\n\t<meta name=\"twitter:label2\" content=\"Gesch\u00e4tzte Lesezeit\" \/>\n\t<meta name=\"twitter:data2\" content=\"6\u00a0Minuten\" \/>\n<script type=\"application\/ld+json\" class=\"yoast-schema-graph\">{\"@context\":\"https:\/\/schema.org\",\"@graph\":[{\"@type\":\"NewsArticle\",\"@id\":\"https:\/\/newsvirali.it\/es\/2024\/07\/25\/policia-patea-la-cara-del-sospechoso-brutal-video-arresto-social\/#article\",\"isPartOf\":{\"@id\":\"https:\/\/newsvirali.it\/es\/2024\/07\/25\/policia-patea-la-cara-del-sospechoso-brutal-video-arresto-social\/\"},\"author\":{\"name\":\"Cecco Prestina\",\"@id\":\"https:\/\/newsvirali.it\/fr\/#\/schema\/person\/4c835f7b49c9adb58b33901ee816565d\"},\"headline\":\"Poliziotto d\u00e0 calci in faccia a sospetto, video del brutale arresto sui social\",\"datePublished\":\"2024-07-25T06:20:43+00:00\",\"dateModified\":\"2024-07-25T08:11:54+00:00\",\"mainEntityOfPage\":{\"@id\":\"https:\/\/newsvirali.it\/es\/2024\/07\/25\/policia-patea-la-cara-del-sospechoso-brutal-video-arresto-social\/\"},\"wordCount\":1075,\"commentCount\":0,\"image\":{\"@id\":\"https:\/\/newsvirali.it\/es\/2024\/07\/25\/policia-patea-la-cara-del-sospechoso-brutal-video-arresto-social\/#primaryimage\"},\"thumbnailUrl\":\"https:\/\/newsvirali.it\/wp-content\/uploads\/2024\/07\/Poliziotto-da-calci-in-faccia-a-sospetto-video-del-brutale-arresto-sui-social-0bis.jpg\",\"articleSection\":[\"Mondo\"],\"inLanguage\":\"de\",\"potentialAction\":[{\"@type\":\"CommentAction\",\"name\":\"Comment\",\"target\":[\"https:\/\/newsvirali.it\/es\/2024\/07\/25\/policia-patea-la-cara-del-sospechoso-brutal-video-arresto-social\/#respond\"]}],\"copyrightYear\":\"2024\",\"copyrightHolder\":{\"@id\":\"https:\/\/newsvirali.it\/de\/#organization\"}},{\"@type\":\"WebPage\",\"@id\":\"https:\/\/newsvirali.it\/es\/2024\/07\/25\/policia-patea-la-cara-del-sospechoso-brutal-video-arresto-social\/\",\"url\":\"https:\/\/newsvirali.it\/es\/2024\/07\/25\/policia-patea-la-cara-del-sospechoso-brutal-video-arresto-social\/\",\"name\":\"Poliziotto d\u00e0 calci in faccia a sospetto, video del brutale arresto sui social\",\"isPartOf\":{\"@id\":\"https:\/\/newsvirali.it\/fr\/#website\"},\"primaryImageOfPage\":{\"@id\":\"https:\/\/newsvirali.it\/es\/2024\/07\/25\/policia-patea-la-cara-del-sospechoso-brutal-video-arresto-social\/#primaryimage\"},\"image\":{\"@id\":\"https:\/\/newsvirali.it\/es\/2024\/07\/25\/policia-patea-la-cara-del-sospechoso-brutal-video-arresto-social\/#primaryimage\"},\"thumbnailUrl\":\"https:\/\/newsvirali.it\/wp-content\/uploads\/2024\/07\/Poliziotto-da-calci-in-faccia-a-sospetto-video-del-brutale-arresto-sui-social-0bis.jpg\",\"datePublished\":\"2024-07-25T06:20:43+00:00\",\"dateModified\":\"2024-07-25T08:11:54+00:00\",\"author\":{\"@id\":\"https:\/\/newsvirali.it\/fr\/#\/schema\/person\/4c835f7b49c9adb58b33901ee816565d\"},\"description\":\"Un poliziotto ha preso a calci in faccia un sospetto, una scena raccapricciante il cui video ha fatto il giro del web.\",\"breadcrumb\":{\"@id\":\"https:\/\/newsvirali.it\/es\/2024\/07\/25\/policia-patea-la-cara-del-sospechoso-brutal-video-arresto-social\/#breadcrumb\"},\"inLanguage\":\"de\",\"potentialAction\":[{\"@type\":\"ReadAction\",\"target\":[\"https:\/\/newsvirali.it\/es\/2024\/07\/25\/policia-patea-la-cara-del-sospechoso-brutal-video-arresto-social\/\"]}]},{\"@type\":\"ImageObject\",\"inLanguage\":\"de\",\"@id\":\"https:\/\/newsvirali.it\/es\/2024\/07\/25\/policia-patea-la-cara-del-sospechoso-brutal-video-arresto-social\/#primaryimage\",\"url\":\"https:\/\/newsvirali.it\/wp-content\/uploads\/2024\/07\/Poliziotto-da-calci-in-faccia-a-sospetto-video-del-brutale-arresto-sui-social-0bis.jpg\",\"contentUrl\":\"https:\/\/newsvirali.it\/wp-content\/uploads\/2024\/07\/Poliziotto-da-calci-in-faccia-a-sospetto-video-del-brutale-arresto-sui-social-0bis.jpg\",\"width\":600,\"height\":400},{\"@type\":\"BreadcrumbList\",\"@id\":\"https:\/\/newsvirali.it\/es\/2024\/07\/25\/policia-patea-la-cara-del-sospechoso-brutal-video-arresto-social\/#breadcrumb\",\"itemListElement\":[{\"@type\":\"ListItem\",\"position\":1,\"name\":\"Home\",\"item\":\"https:\/\/newsvirali.it\/fr\/\"},{\"@type\":\"ListItem\",\"position\":2,\"name\":\"Poliziotto d\u00e0 calci in faccia a sospetto, video del brutale arresto sui social\"}]},{\"@type\":\"WebSite\",\"@id\":\"https:\/\/newsvirali.it\/fr\/#website\",\"url\":\"https:\/\/newsvirali.it\/fr\/\",\"name\":\"Bake News\",\"description\":\"\",\"potentialAction\":[{\"@type\":\"SearchAction\",\"target\":{\"@type\":\"EntryPoint\",\"urlTemplate\":\"https:\/\/newsvirali.it\/fr\/?s={search_term_string}\"},\"query-input\":{\"@type\":\"PropertyValueSpecification\",\"valueRequired\":true,\"valueName\":\"search_term_string\"}}],\"inLanguage\":\"de\"},{\"@type\":\"Person\",\"@id\":\"https:\/\/newsvirali.it\/fr\/#\/schema\/person\/4c835f7b49c9adb58b33901ee816565d\",\"name\":\"Cecco Prestina\",\"description\":\"Perch\u00e9 nasconderlo? Cecco Prestina \u00e8 un alias, ma dietro di lui non si cela un algoritmo di intelligenza artificiale. C'\u00e8 un giornalista che ha oltre vent'anni di esperienza tutta sul web. Da quando il primo modem ha iniziato a gracchiare sul territorio italiano con Video on Line, Cecco ha capito che da quel doppino sarebbe passato il futuro. Ha dedidicato tutta la sua carriera a capire Internet e poi i social e ora l'Ai. Una carriera in costante aggiornamento. E questa esperienza la mette in campo ogni giorno. Per\u00f2 ogni tanto Cecco ha voglia anche di non scrivere \\\"pipponi\\\" sulla politica, sull'economia. Ha voglia anche di scrivere qualcosa di divertente. Le notizie che trovate su Bake News sono le stesse che Cecco porta all'aperitivo con gli amici. Quelle di cui discutere per farsi due risate. Notizie, vere (qualche volta si fa fatica a crederlo), strane, divertenti, ma anche serie. Bake News \u00e8 nato per questo, dare al pubblico notizie croccanti e calde come il pane che esce dal forno. E Cecco Prestina \u00e8 nato con Bake News.\",\"url\":\"https:\/\/newsvirali.it\/de\/autore\/cecco-prestina\/\"}]}<\/script>\n<!-- \/ Yoast SEO Premium plugin. -->","yoast_head_json":{"title":"Poliziotto d\u00e0 calci in faccia a sospetto, video del brutale arresto sui social","description":"Un poliziotto ha preso a calci in faccia un sospetto, una scena raccapricciante il cui video ha fatto il giro del web.","robots":{"index":"index","follow":"follow","max-snippet":"max-snippet:-1","max-image-preview":"max-image-preview:large","max-video-preview":"max-video-preview:-1"},"canonical":"https:\/\/newsvirali.it\/de\/2024\/07\/25\/policia-patea-la-cara-del-sospechoso-brutal-video-arresto-social\/","og_locale":"de_DE","og_type":"article","og_title":"Poliziotto d\u00e0 calci in faccia a sospetto, video del brutale arresto sui social","og_description":"Un poliziotto ha preso a calci in faccia un sospetto, una scena raccapricciante il cui video ha fatto il giro del web.","og_url":"https:\/\/newsvirali.it\/de\/2024\/07\/25\/policia-patea-la-cara-del-sospechoso-brutal-video-arresto-social\/","og_site_name":"News virali","article_published_time":"2024-07-25T06:20:43+00:00","article_modified_time":"2024-07-25T08:11:54+00:00","og_image":[{"width":600,"height":400,"url":"https:\/\/newsvirali.it\/wp-content\/uploads\/2024\/07\/Poliziotto-da-calci-in-faccia-a-sospetto-video-del-brutale-arresto-sui-social-0bis.jpg","type":"image\/jpeg"}],"author":"Cecco Prestina","twitter_card":"summary_large_image","twitter_misc":{"Verfasst von":"Cecco Prestina","Gesch\u00e4tzte Lesezeit":"6\u00a0Minuten"},"schema":{"@context":"https:\/\/schema.org","@graph":[{"@type":"NewsArticle","@id":"https:\/\/newsvirali.it\/es\/2024\/07\/25\/policia-patea-la-cara-del-sospechoso-brutal-video-arresto-social\/#article","isPartOf":{"@id":"https:\/\/newsvirali.it\/es\/2024\/07\/25\/policia-patea-la-cara-del-sospechoso-brutal-video-arresto-social\/"},"author":{"name":"Cecco Prestina","@id":"https:\/\/newsvirali.it\/fr\/#\/schema\/person\/4c835f7b49c9adb58b33901ee816565d"},"headline":"Poliziotto d\u00e0 calci in faccia a sospetto, video del brutale arresto sui social","datePublished":"2024-07-25T06:20:43+00:00","dateModified":"2024-07-25T08:11:54+00:00","mainEntityOfPage":{"@id":"https:\/\/newsvirali.it\/es\/2024\/07\/25\/policia-patea-la-cara-del-sospechoso-brutal-video-arresto-social\/"},"wordCount":1075,"commentCount":0,"image":{"@id":"https:\/\/newsvirali.it\/es\/2024\/07\/25\/policia-patea-la-cara-del-sospechoso-brutal-video-arresto-social\/#primaryimage"},"thumbnailUrl":"https:\/\/newsvirali.it\/wp-content\/uploads\/2024\/07\/Poliziotto-da-calci-in-faccia-a-sospetto-video-del-brutale-arresto-sui-social-0bis.jpg","articleSection":["Mondo"],"inLanguage":"de","potentialAction":[{"@type":"CommentAction","name":"Comment","target":["https:\/\/newsvirali.it\/es\/2024\/07\/25\/policia-patea-la-cara-del-sospechoso-brutal-video-arresto-social\/#respond"]}],"copyrightYear":"2024","copyrightHolder":{"@id":"https:\/\/newsvirali.it\/de\/#organization"}},{"@type":"WebPage","@id":"https:\/\/newsvirali.it\/es\/2024\/07\/25\/policia-patea-la-cara-del-sospechoso-brutal-video-arresto-social\/","url":"https:\/\/newsvirali.it\/es\/2024\/07\/25\/policia-patea-la-cara-del-sospechoso-brutal-video-arresto-social\/","name":"Poliziotto d\u00e0 calci in faccia a sospetto, video del brutale arresto sui social","isPartOf":{"@id":"https:\/\/newsvirali.it\/fr\/#website"},"primaryImageOfPage":{"@id":"https:\/\/newsvirali.it\/es\/2024\/07\/25\/policia-patea-la-cara-del-sospechoso-brutal-video-arresto-social\/#primaryimage"},"image":{"@id":"https:\/\/newsvirali.it\/es\/2024\/07\/25\/policia-patea-la-cara-del-sospechoso-brutal-video-arresto-social\/#primaryimage"},"thumbnailUrl":"https:\/\/newsvirali.it\/wp-content\/uploads\/2024\/07\/Poliziotto-da-calci-in-faccia-a-sospetto-video-del-brutale-arresto-sui-social-0bis.jpg","datePublished":"2024-07-25T06:20:43+00:00","dateModified":"2024-07-25T08:11:54+00:00","author":{"@id":"https:\/\/newsvirali.it\/fr\/#\/schema\/person\/4c835f7b49c9adb58b33901ee816565d"},"description":"Un poliziotto ha preso a calci in faccia un sospetto, una scena raccapricciante il cui video ha fatto il giro del web.","breadcrumb":{"@id":"https:\/\/newsvirali.it\/es\/2024\/07\/25\/policia-patea-la-cara-del-sospechoso-brutal-video-arresto-social\/#breadcrumb"},"inLanguage":"de","potentialAction":[{"@type":"ReadAction","target":["https:\/\/newsvirali.it\/es\/2024\/07\/25\/policia-patea-la-cara-del-sospechoso-brutal-video-arresto-social\/"]}]},{"@type":"ImageObject","inLanguage":"de","@id":"https:\/\/newsvirali.it\/es\/2024\/07\/25\/policia-patea-la-cara-del-sospechoso-brutal-video-arresto-social\/#primaryimage","url":"https:\/\/newsvirali.it\/wp-content\/uploads\/2024\/07\/Poliziotto-da-calci-in-faccia-a-sospetto-video-del-brutale-arresto-sui-social-0bis.jpg","contentUrl":"https:\/\/newsvirali.it\/wp-content\/uploads\/2024\/07\/Poliziotto-da-calci-in-faccia-a-sospetto-video-del-brutale-arresto-sui-social-0bis.jpg","width":600,"height":400},{"@type":"BreadcrumbList","@id":"https:\/\/newsvirali.it\/es\/2024\/07\/25\/policia-patea-la-cara-del-sospechoso-brutal-video-arresto-social\/#breadcrumb","itemListElement":[{"@type":"ListItem","position":1,"name":"Home","item":"https:\/\/newsvirali.it\/fr\/"},{"@type":"ListItem","position":2,"name":"Poliziotto d\u00e0 calci in faccia a sospetto, video del brutale arresto sui social"}]},{"@type":"WebSite","@id":"https:\/\/newsvirali.it\/fr\/#website","url":"https:\/\/newsvirali.it\/fr\/","name":"Bake News","description":"","potentialAction":[{"@type":"SearchAction","target":{"@type":"EntryPoint","urlTemplate":"https:\/\/newsvirali.it\/fr\/?s={search_term_string}"},"query-input":{"@type":"PropertyValueSpecification","valueRequired":true,"valueName":"search_term_string"}}],"inLanguage":"de"},{"@type":"Person","@id":"https:\/\/newsvirali.it\/fr\/#\/schema\/person\/4c835f7b49c9adb58b33901ee816565d","name":"Cecco Prestina","description":"Perch\u00e9 nasconderlo? Cecco Prestina \u00e8 un alias, ma dietro di lui non si cela un algoritmo di intelligenza artificiale. C'\u00e8 un giornalista che ha oltre vent'anni di esperienza tutta sul web. Da quando il primo modem ha iniziato a gracchiare sul territorio italiano con Video on Line, Cecco ha capito che da quel doppino sarebbe passato il futuro. Ha dedidicato tutta la sua carriera a capire Internet e poi i social e ora l'Ai. Una carriera in costante aggiornamento. E questa esperienza la mette in campo ogni giorno. Per\u00f2 ogni tanto Cecco ha voglia anche di non scrivere \"pipponi\" sulla politica, sull'economia. Ha voglia anche di scrivere qualcosa di divertente. Le notizie che trovate su Bake News sono le stesse che Cecco porta all'aperitivo con gli amici. Quelle di cui discutere per farsi due risate. Notizie, vere (qualche volta si fa fatica a crederlo), strane, divertenti, ma anche serie. Bake News \u00e8 nato per questo, dare al pubblico notizie croccanti e calde come il pane che esce dal forno. E Cecco Prestina \u00e8 nato con Bake News.","url":"https:\/\/newsvirali.it\/de\/autore\/cecco-prestina\/"}]}},"_links":{"self":[{"href":"https:\/\/newsvirali.it\/de\/wp-json\/wp\/v2\/posts\/37397","targetHints":{"allow":["GET"]}}],"collection":[{"href":"https:\/\/newsvirali.it\/de\/wp-json\/wp\/v2\/posts"}],"about":[{"href":"https:\/\/newsvirali.it\/de\/wp-json\/wp\/v2\/types\/post"}],"author":[{"embeddable":true,"href":"https:\/\/newsvirali.it\/de\/wp-json\/wp\/v2\/users\/4"}],"replies":[{"embeddable":true,"href":"https:\/\/newsvirali.it\/de\/wp-json\/wp\/v2\/comments?post=37397"}],"version-history":[{"count":9,"href":"https:\/\/newsvirali.it\/de\/wp-json\/wp\/v2\/posts\/37397\/revisions"}],"predecessor-version":[{"id":37472,"href":"https:\/\/newsvirali.it\/de\/wp-json\/wp\/v2\/posts\/37397\/revisions\/37472"}],"wp:featuredmedia":[{"embeddable":true,"href":"https:\/\/newsvirali.it\/de\/wp-json\/wp\/v2\/media\/37470"}],"wp:attachment":[{"href":"https:\/\/newsvirali.it\/de\/wp-json\/wp\/v2\/media?parent=37397"}],"wp:term":[{"taxonomy":"category","embeddable":true,"href":"https:\/\/newsvirali.it\/de\/wp-json\/wp\/v2\/categories?post=37397"},{"taxonomy":"post_tag","embeddable":true,"href":"https:\/\/newsvirali.it\/de\/wp-json\/wp\/v2\/tags?post=37397"}],"curies":[{"name":"wp","href":"https:\/\/api.w.org\/{rel}","templated":true}]}}