{"id":26415,"date":"2024-05-07T11:24:40","date_gmt":"2024-05-07T09:24:40","guid":{"rendered":"https:\/\/www.bakenews.it\/?p=26415"},"modified":"2024-05-07T11:24:42","modified_gmt":"2024-05-07T09:24:42","slug":"corfu-tradizionale-lancio-del-vaso-finisce-male-fracassato-in-testa-a-una-donna","status":"publish","type":"post","link":"https:\/\/newsvirali.it\/de\/2024\/05\/07\/das-traditionelle-werfen-der-vase-auf-korfu-endet-schwer-mit-dem-kopf-einer-frau\/","title":{"rendered":"Korfu, traditionelles Vasenwerfen endet b\u00f6se: Zerschmettert auf dem Kopf einer Frau"},"content":{"rendered":"<p>Eine jahrhundertealte Tradition auf der griechischen Insel Korfu drohte zu einer Trag\u00f6die zu werden, als eine vom stellvertretenden B\u00fcrgermeister aus dem Fenster geworfene Vase auf dem Kopf einer Frau landete und in tausend St\u00fccke zersprang. Korfioten feiern den Karsamstag mit einem Brauch namens \u201eBotides\u201c, bei dem Menschen gro\u00dfe Tonkr\u00fcge voller Wasser von ihren Balkonen werfen.<\/p>\n\n\n\n<p><strong>LESEN SIE AUCH<\/strong><\/p>\n\n\n\n<ul class=\"wp-block-list\">\n<li><a href=\"https:\/\/www.bakenews.it\/festa-di-natale-allasilo-finisce-male-licenziata-perche-si-e-comportata-male\/\">Weihnachtsfeier im Kindergarten endet b\u00f6se: Sie wird entlassen, weil sie sich \u201eschlecht benommen\u201c hat<\/a><\/li>\n\n\n\n<li><a href=\"https:\/\/www.bakenews.it\/intervento-di-allungamento-pene-finisce-male-muore-32enne\/\">Penisvergr\u00f6\u00dferungs-OP endet schlimm: 32-J\u00e4hriger stirbt<\/a><\/li>\n\n\n\n<li><a href=\"https:\/\/www.bakenews.it\/pranzo-di-nozze-finisce-tra-diarrea-e-vomito-100-invitati-intossicati\/\">Hochzeitsessen endet mit Durchfall und Erbrechen, 100 alkoholisierte G\u00e4ste<\/a><\/li>\n\n\n\n<li><a href=\"https:\/\/www.bakenews.it\/follia-a-tenerife-turista-si-tuffa-in-grotta-e-finisce-sugli-scogli-video\/\">Wahnsinn auf Teneriffa, Tourist taucht in H\u00f6hle und landet auf Felsen: Video<\/a><\/li>\n<\/ul>\n\n\n\n<p>W\u00e4hrend die Kr\u00fcge auf der Stra\u00dfe zerplatzen, schauen Tausende von Inselbewohnern und Touristen zu, jubeln und werden nat\u00fcrlich vom Wasser bespritzt. Doch am Sonntag bekam eine Frau wider Willen starke Kopfschmerzen, nachdem eine der Schmerlen aus dem Rathausfenster geworfen wurde und auf sie fiel.<\/p>\n\n\n\n<h2 class=\"wp-block-heading\" id=\"h-donna-colpita-in-testa-dal-vaso-lanciato-dal-vicesindaco-di-corfu\">Frau wurde von der vom stellvertretenden B\u00fcrgermeister von Korfu geworfenen Vase am Kopf getroffen<\/h2>\n\n\n\n<p>Laut Corfu TV News war es tats\u00e4chlich nicht ein zuf\u00e4lliger Anwohner, der den riesigen Krug wegwarf, sondern der stellvertretende B\u00fcrgermeister Spyros Spyros Halikiopoulo. Das Video zeigt Halikiopoulo, wie er den gro\u00dfen Krug vom Balkon schiebt, ohne zu bemerken, dass gegen 11 Uhr zwei Menschen den B\u00fcrgersteig entlang gingen. W\u00e4hrend Teile des zerbrochenen Kruges \u00fcber den Boden verstreut sind, h\u00f6rt man die Menge schreien, w\u00e4hrend Schaulustige den beiden Frauen zu Hilfe eilen.<\/p>\n\n\n\n<p>Eine der Frauen wurde vorsorglich ins Krankenhaus gebracht, und Halikiopoulo war kurz darauf besorgt. Halikiopoulos sagte, traditionsbedingte Verletzungen seien selten.<\/p>\n\n\n\n<figure class=\"wp-block-embed is-type-video is-provider-youtube wp-block-embed-youtube wp-embed-aspect-4-3 wp-has-aspect-ratio\"><div class=\"wp-block-embed__wrapper\">\n<iframe loading=\"lazy\" title=\"\u039a\u03ad\u03c1\u03ba\u03c5\u03c1\u03b1: \u039a\u03b1\u03c4\u03ac \u03bb\u03ac\u03b8\u03bf\u03c2\u2026 \u03b1\u03bb\u03bb\u03ac \u03ad\u03b3\u03b9\u03bd\u03b5! \u0388\u03c0\u03b5\u03c3\u03b5 \u03bf \u039c\u03c0\u03cc\u03c4\u03b7\u03c2 \u03c3\u03c4\u03bf \u03ba\u03b5\u03c6\u03ac\u03bb\u03b9 \u03c4\u03b7\u03c2.\" width=\"500\" height=\"375\" src=\"https:\/\/www.youtube.com\/embed\/G87t869RuEg?feature=oembed\" frameborder=\"0\" allow=\"accelerometer; autoplay; clipboard-write; encrypted-media; gyroscope; picture-in-picture; web-share\" referrerpolicy=\"strict-origin-when-cross-origin\" allowfullscreen><\/iframe>\n<\/div><\/figure>\n\n\n\n<p>\u201eObwohl die stellvertretenden B\u00fcrgermeister alle notwendigen Vorsichtsma\u00dfnahmen getroffen und den Bereich vor dem Fenster, in dem sie sich befanden, \u00fcberpr\u00fcften, passierten zwei junge Frauen, als die Vase herunterfiel, mit hoher Geschwindigkeit, woraufhin eine von ihnen am Kopf getroffen wurde.\u201c und Schulter\u201c, sagte sein B\u00fcro in einer Erkl\u00e4rung.<\/p>\n\n\n\n<h2 class=\"wp-block-heading\" id=\"h-i-feriti-in-questa-festa-sono-eventi-rari\">Die Verletzungen dieser Partei seien \u201eseltene Ereignisse\u201c<\/h2>\n\n\n\n<p>In der Erkl\u00e4rung hei\u00dft es weiter: \u201eDies ist ein seltenes Ereignis, denn obwohl w\u00e4hrend des Brauchtums (und oft aus gro\u00dfer H\u00f6he) Tausende von Stiefeln herunterfallen, sind Verletzungen selten, da jeder genau aufpasst und diesen einzigartigen Moment daher genie\u00dft.\u201c<\/p>\n\n\n\n<p>\u201eAnl\u00e4sslich des Unfalls stellt der Stadtrat f\u00fcr nachhaltige Tourismusentwicklung in einer Ansprache an die \u00d6ffentlichkeit die Sicherheit der Kost\u00fcme sicher, ruft aber alle dazu auf, auch diese sehr seltenen Unf\u00e4lle zu vermeiden.\u201c<\/p>\n\n\n\n<h2 class=\"wp-block-heading\" id=\"h-la-tradizione-dei-botides-nata-dai-veneziani\">Die Tradition der Botiden, die von den Venezianern stammt?<\/h2>\n\n\n\n<p>Niemand wei\u00df genau, wo die Botides-Tradition ihren Ursprung hat. Es ist jedoch allgemein anerkannt, dass die Venezianer, die Korfu zwischen dem 14. und 18. Jahrhundert regierten, eine wichtige Rolle spielten. Die Venezianer w\u00fcrden das Sprichwort \u201eNeues Jahr, neues Ich\u201c w\u00f6rtlich nehmen und das neue Jahr feiern, indem sie ihre alten Sachen aus dem Fenster werfen.<\/p>\n\n\n\n<p><strong>LESEN SIE ANDERE WELT-NEWS<\/strong><\/p>\n\n\n<ul class=\"wp-block-latest-posts__list wp-block-latest-posts\"><li><a class=\"wp-block-latest-posts__post-title\" href=\"https:\/\/newsvirali.it\/de\/2026\/02\/12\/emma-amit-tote-teufelskrabbe\/\">Vloggerin Emma Amit stirbt nach dem Verzehr einer giftigen Teufelskrabbe<\/a><\/li>\n<li><a class=\"wp-block-latest-posts__post-title\" href=\"https:\/\/newsvirali.it\/de\/2026\/02\/05\/drei-schwestern-begingen-selbstmord-in-indien\/\">Eltern konfiszieren Handys wegen exzessiven Spielens: Drei Schwestern begehen Selbstmord<\/a><\/li>\n<li><a class=\"wp-block-latest-posts__post-title\" href=\"https:\/\/newsvirali.it\/de\/2026\/01\/30\/festnahme-in-einem-ferienresort-in-florida-wegen-obszoner-handlungen\/\">Schockierende Szenen in einem Ferienresort in Florida: Mann wegen exhibitionistischer Handlungen mit einem Staubsauger verhaftet<\/a><\/li>\n<li><a class=\"wp-block-latest-posts__post-title\" href=\"https:\/\/newsvirali.it\/de\/2026\/01\/28\/betrunkener-vater-erhangt-sohn-in-schockierendem-video\/\">Betrunkener Vater h\u00e4ngt Sohn aus dem Fenster: Schockierendes Video<\/a><\/li>\n<li><a class=\"wp-block-latest-posts__post-title\" href=\"https:\/\/newsvirali.it\/de\/2026\/01\/27\/schwangere-lehrerin-und-13-jahrige-schulerin\/\">Lehrerin gibt zu, von 13-j\u00e4hrigem Sch\u00fcler schwanger geworden zu sein<\/a><\/li>\n<\/ul><br \/>Folgen Sie uns auch auf Google News: <b><a href=\"https:\/\/news.google.com\/publications\/CAAqBwgKMNqJiwswjMfqAg?hl=it&gl=IT&ceid=IT:it\" target=\"_blank\">klicken Sie hier<\/a><\/b>","protected":false},"excerpt":{"rendered":"<p>Eine jahrhundertealte Tradition auf der griechischen Insel Korfu drohte in eine Trag\u00f6die zu m\u00fcnden, als eine von [\u2026]<\/p>","protected":false},"author":4,"featured_media":26436,"comment_status":"open","ping_status":"open","sticky":false,"template":"","format":"standard","meta":{"MSN_Categories":"Uncategorized","MSN_Publish_Option":false,"MSN_Is_Local_News":false,"MSN_Is_AIAC_Included":"Empty","MSN_Location":"[]","MSN_Add_Feature_Img_On_Top_Of_Post":false,"MSN_Has_Custom_Author":false,"MSN_Custom_Author":"","MSN_Has_Custom_Canonical_Url":false,"MSN_Custom_Canonical_Url":"","footnotes":""},"categories":[9],"tags":[],"class_list":["post-26415","post","type-post","status-publish","format-standard","has-post-thumbnail","hentry","category-mondo"],"acf":[],"yoast_head":"<!-- This site is optimized with the Yoast SEO Premium plugin v26.7 (Yoast SEO v26.7) - https:\/\/yoast.com\/wordpress\/plugins\/seo\/ -->\n<title>Corf\u00f9, tradizionale lancio del vaso va male: in testa a una donna<\/title>\n<meta name=\"description\" content=\"Una tradizione di Corf\u00f9 ha rischiato di diventare tragedia quando un vaso lanciato dal vicesindaco \u00e8 finito in testa ad una donna.\" \/>\n<meta name=\"robots\" content=\"index, follow, max-snippet:-1, max-image-preview:large, max-video-preview:-1\" \/>\n<link rel=\"canonical\" href=\"https:\/\/newsvirali.it\/de\/2024\/05\/07\/das-traditionelle-werfen-der-vase-auf-korfu-endet-schwer-mit-dem-kopf-einer-frau\/\" \/>\n<meta property=\"og:locale\" content=\"de_DE\" \/>\n<meta property=\"og:type\" content=\"article\" \/>\n<meta property=\"og:title\" content=\"Corf\u00f9, tradizionale lancio del vaso finisce male: fracassato in testa a una donna\" \/>\n<meta property=\"og:description\" content=\"Una tradizione di Corf\u00f9 ha rischiato di diventare tragedia quando un vaso lanciato dal vicesindaco \u00e8 finito in testa ad una donna.\" \/>\n<meta property=\"og:url\" content=\"https:\/\/newsvirali.it\/de\/2024\/05\/07\/das-traditionelle-werfen-der-vase-auf-korfu-endet-schwer-mit-dem-kopf-einer-frau\/\" \/>\n<meta property=\"og:site_name\" content=\"News virali\" \/>\n<meta property=\"article:published_time\" content=\"2024-05-07T09:24:40+00:00\" \/>\n<meta property=\"article:modified_time\" content=\"2024-05-07T09:24:42+00:00\" \/>\n<meta property=\"og:image\" content=\"https:\/\/newsvirali.it\/wp-content\/uploads\/2024\/05\/Corfu-tradizionale-lancio-del-vaso-finisce-male-fracassato-in-testa-a-una-donna.jpg\" \/>\n\t<meta property=\"og:image:width\" content=\"600\" \/>\n\t<meta property=\"og:image:height\" content=\"400\" \/>\n\t<meta property=\"og:image:type\" content=\"image\/jpeg\" \/>\n<meta name=\"author\" content=\"Cecco Prestina\" \/>\n<meta name=\"twitter:card\" content=\"summary_large_image\" \/>\n<meta name=\"twitter:label1\" content=\"Verfasst von\" \/>\n\t<meta name=\"twitter:data1\" content=\"Cecco Prestina\" \/>\n\t<meta name=\"twitter:label2\" content=\"Gesch\u00e4tzte Lesezeit\" \/>\n\t<meta name=\"twitter:data2\" content=\"3\u00a0Minuten\" \/>\n<script type=\"application\/ld+json\" class=\"yoast-schema-graph\">{\"@context\":\"https:\/\/schema.org\",\"@graph\":[{\"@type\":\"NewsArticle\",\"@id\":\"https:\/\/newsvirali.it\/de\/2024\/05\/07\/das-traditionelle-werfen-der-vase-auf-korfu-endet-schwer-mit-dem-kopf-einer-frau\/#article\",\"isPartOf\":{\"@id\":\"https:\/\/newsvirali.it\/de\/2024\/05\/07\/das-traditionelle-werfen-der-vase-auf-korfu-endet-schwer-mit-dem-kopf-einer-frau\/\"},\"author\":{\"name\":\"Cecco Prestina\",\"@id\":\"https:\/\/newsvirali.it\/fr\/#\/schema\/person\/4c835f7b49c9adb58b33901ee816565d\"},\"headline\":\"Corf\u00f9, tradizionale lancio del vaso finisce male: fracassato in testa a una donna\",\"datePublished\":\"2024-05-07T09:24:40+00:00\",\"dateModified\":\"2024-05-07T09:24:42+00:00\",\"mainEntityOfPage\":{\"@id\":\"https:\/\/newsvirali.it\/de\/2024\/05\/07\/das-traditionelle-werfen-der-vase-auf-korfu-endet-schwer-mit-dem-kopf-einer-frau\/\"},\"wordCount\":489,\"commentCount\":0,\"image\":{\"@id\":\"https:\/\/newsvirali.it\/de\/2024\/05\/07\/das-traditionelle-werfen-der-vase-auf-korfu-endet-schwer-mit-dem-kopf-einer-frau\/#primaryimage\"},\"thumbnailUrl\":\"https:\/\/newsvirali.it\/wp-content\/uploads\/2024\/05\/Corfu-tradizionale-lancio-del-vaso-finisce-male-fracassato-in-testa-a-una-donna.jpg\",\"articleSection\":[\"Mondo\"],\"inLanguage\":\"de\",\"potentialAction\":[{\"@type\":\"CommentAction\",\"name\":\"Comment\",\"target\":[\"https:\/\/newsvirali.it\/de\/2024\/05\/07\/das-traditionelle-werfen-der-vase-auf-korfu-endet-schwer-mit-dem-kopf-einer-frau\/#respond\"]}],\"copyrightYear\":\"2024\",\"copyrightHolder\":{\"@id\":\"https:\/\/newsvirali.it\/de\/#organization\"}},{\"@type\":\"WebPage\",\"@id\":\"https:\/\/newsvirali.it\/de\/2024\/05\/07\/das-traditionelle-werfen-der-vase-auf-korfu-endet-schwer-mit-dem-kopf-einer-frau\/\",\"url\":\"https:\/\/newsvirali.it\/de\/2024\/05\/07\/das-traditionelle-werfen-der-vase-auf-korfu-endet-schwer-mit-dem-kopf-einer-frau\/\",\"name\":\"Corf\u00f9, tradizionale lancio del vaso va male: in testa a una donna\",\"isPartOf\":{\"@id\":\"https:\/\/newsvirali.it\/fr\/#website\"},\"primaryImageOfPage\":{\"@id\":\"https:\/\/newsvirali.it\/de\/2024\/05\/07\/das-traditionelle-werfen-der-vase-auf-korfu-endet-schwer-mit-dem-kopf-einer-frau\/#primaryimage\"},\"image\":{\"@id\":\"https:\/\/newsvirali.it\/de\/2024\/05\/07\/das-traditionelle-werfen-der-vase-auf-korfu-endet-schwer-mit-dem-kopf-einer-frau\/#primaryimage\"},\"thumbnailUrl\":\"https:\/\/newsvirali.it\/wp-content\/uploads\/2024\/05\/Corfu-tradizionale-lancio-del-vaso-finisce-male-fracassato-in-testa-a-una-donna.jpg\",\"datePublished\":\"2024-05-07T09:24:40+00:00\",\"dateModified\":\"2024-05-07T09:24:42+00:00\",\"author\":{\"@id\":\"https:\/\/newsvirali.it\/fr\/#\/schema\/person\/4c835f7b49c9adb58b33901ee816565d\"},\"description\":\"Una tradizione di Corf\u00f9 ha rischiato di diventare tragedia quando un vaso lanciato dal vicesindaco \u00e8 finito in testa ad una donna.\",\"breadcrumb\":{\"@id\":\"https:\/\/newsvirali.it\/de\/2024\/05\/07\/das-traditionelle-werfen-der-vase-auf-korfu-endet-schwer-mit-dem-kopf-einer-frau\/#breadcrumb\"},\"inLanguage\":\"de\",\"potentialAction\":[{\"@type\":\"ReadAction\",\"target\":[\"https:\/\/newsvirali.it\/de\/2024\/05\/07\/das-traditionelle-werfen-der-vase-auf-korfu-endet-schwer-mit-dem-kopf-einer-frau\/\"]}]},{\"@type\":\"ImageObject\",\"inLanguage\":\"de\",\"@id\":\"https:\/\/newsvirali.it\/de\/2024\/05\/07\/das-traditionelle-werfen-der-vase-auf-korfu-endet-schwer-mit-dem-kopf-einer-frau\/#primaryimage\",\"url\":\"https:\/\/newsvirali.it\/wp-content\/uploads\/2024\/05\/Corfu-tradizionale-lancio-del-vaso-finisce-male-fracassato-in-testa-a-una-donna.jpg\",\"contentUrl\":\"https:\/\/newsvirali.it\/wp-content\/uploads\/2024\/05\/Corfu-tradizionale-lancio-del-vaso-finisce-male-fracassato-in-testa-a-una-donna.jpg\",\"width\":600,\"height\":400,\"caption\":\"Corf\u00f9, tradizionale lancio del vaso finisce male fracassato in testa a una donna\"},{\"@type\":\"BreadcrumbList\",\"@id\":\"https:\/\/newsvirali.it\/de\/2024\/05\/07\/das-traditionelle-werfen-der-vase-auf-korfu-endet-schwer-mit-dem-kopf-einer-frau\/#breadcrumb\",\"itemListElement\":[{\"@type\":\"ListItem\",\"position\":1,\"name\":\"Home\",\"item\":\"https:\/\/newsvirali.it\/fr\/\"},{\"@type\":\"ListItem\",\"position\":2,\"name\":\"Corf\u00f9, tradizionale lancio del vaso finisce male: fracassato in testa a una donna\"}]},{\"@type\":\"WebSite\",\"@id\":\"https:\/\/newsvirali.it\/fr\/#website\",\"url\":\"https:\/\/newsvirali.it\/fr\/\",\"name\":\"Bake News\",\"description\":\"\",\"potentialAction\":[{\"@type\":\"SearchAction\",\"target\":{\"@type\":\"EntryPoint\",\"urlTemplate\":\"https:\/\/newsvirali.it\/fr\/?s={search_term_string}\"},\"query-input\":{\"@type\":\"PropertyValueSpecification\",\"valueRequired\":true,\"valueName\":\"search_term_string\"}}],\"inLanguage\":\"de\"},{\"@type\":\"Person\",\"@id\":\"https:\/\/newsvirali.it\/fr\/#\/schema\/person\/4c835f7b49c9adb58b33901ee816565d\",\"name\":\"Cecco Prestina\",\"description\":\"Perch\u00e9 nasconderlo? Cecco Prestina \u00e8 un alias, ma dietro di lui non si cela un algoritmo di intelligenza artificiale. C'\u00e8 un giornalista che ha oltre vent'anni di esperienza tutta sul web. Da quando il primo modem ha iniziato a gracchiare sul territorio italiano con Video on Line, Cecco ha capito che da quel doppino sarebbe passato il futuro. Ha dedidicato tutta la sua carriera a capire Internet e poi i social e ora l'Ai. Una carriera in costante aggiornamento. E questa esperienza la mette in campo ogni giorno. Per\u00f2 ogni tanto Cecco ha voglia anche di non scrivere \\\"pipponi\\\" sulla politica, sull'economia. Ha voglia anche di scrivere qualcosa di divertente. Le notizie che trovate su Bake News sono le stesse che Cecco porta all'aperitivo con gli amici. Quelle di cui discutere per farsi due risate. Notizie, vere (qualche volta si fa fatica a crederlo), strane, divertenti, ma anche serie. Bake News \u00e8 nato per questo, dare al pubblico notizie croccanti e calde come il pane che esce dal forno. E Cecco Prestina \u00e8 nato con Bake News.\",\"url\":\"https:\/\/newsvirali.it\/de\/autore\/cecco-prestina\/\"}]}<\/script>\n<!-- \/ Yoast SEO Premium plugin. -->","yoast_head_json":{"title":"Corf\u00f9, tradizionale lancio del vaso va male: in testa a una donna","description":"Una tradizione di Corf\u00f9 ha rischiato di diventare tragedia quando un vaso lanciato dal vicesindaco \u00e8 finito in testa ad una donna.","robots":{"index":"index","follow":"follow","max-snippet":"max-snippet:-1","max-image-preview":"max-image-preview:large","max-video-preview":"max-video-preview:-1"},"canonical":"https:\/\/newsvirali.it\/de\/2024\/05\/07\/das-traditionelle-werfen-der-vase-auf-korfu-endet-schwer-mit-dem-kopf-einer-frau\/","og_locale":"de_DE","og_type":"article","og_title":"Corf\u00f9, tradizionale lancio del vaso finisce male: fracassato in testa a una donna","og_description":"Una tradizione di Corf\u00f9 ha rischiato di diventare tragedia quando un vaso lanciato dal vicesindaco \u00e8 finito in testa ad una donna.","og_url":"https:\/\/newsvirali.it\/de\/2024\/05\/07\/das-traditionelle-werfen-der-vase-auf-korfu-endet-schwer-mit-dem-kopf-einer-frau\/","og_site_name":"News virali","article_published_time":"2024-05-07T09:24:40+00:00","article_modified_time":"2024-05-07T09:24:42+00:00","og_image":[{"width":600,"height":400,"url":"https:\/\/newsvirali.it\/wp-content\/uploads\/2024\/05\/Corfu-tradizionale-lancio-del-vaso-finisce-male-fracassato-in-testa-a-una-donna.jpg","type":"image\/jpeg"}],"author":"Cecco Prestina","twitter_card":"summary_large_image","twitter_misc":{"Verfasst von":"Cecco Prestina","Gesch\u00e4tzte Lesezeit":"3\u00a0Minuten"},"schema":{"@context":"https:\/\/schema.org","@graph":[{"@type":"NewsArticle","@id":"https:\/\/newsvirali.it\/de\/2024\/05\/07\/das-traditionelle-werfen-der-vase-auf-korfu-endet-schwer-mit-dem-kopf-einer-frau\/#article","isPartOf":{"@id":"https:\/\/newsvirali.it\/de\/2024\/05\/07\/das-traditionelle-werfen-der-vase-auf-korfu-endet-schwer-mit-dem-kopf-einer-frau\/"},"author":{"name":"Cecco Prestina","@id":"https:\/\/newsvirali.it\/fr\/#\/schema\/person\/4c835f7b49c9adb58b33901ee816565d"},"headline":"Corf\u00f9, tradizionale lancio del vaso finisce male: fracassato in testa a una donna","datePublished":"2024-05-07T09:24:40+00:00","dateModified":"2024-05-07T09:24:42+00:00","mainEntityOfPage":{"@id":"https:\/\/newsvirali.it\/de\/2024\/05\/07\/das-traditionelle-werfen-der-vase-auf-korfu-endet-schwer-mit-dem-kopf-einer-frau\/"},"wordCount":489,"commentCount":0,"image":{"@id":"https:\/\/newsvirali.it\/de\/2024\/05\/07\/das-traditionelle-werfen-der-vase-auf-korfu-endet-schwer-mit-dem-kopf-einer-frau\/#primaryimage"},"thumbnailUrl":"https:\/\/newsvirali.it\/wp-content\/uploads\/2024\/05\/Corfu-tradizionale-lancio-del-vaso-finisce-male-fracassato-in-testa-a-una-donna.jpg","articleSection":["Mondo"],"inLanguage":"de","potentialAction":[{"@type":"CommentAction","name":"Comment","target":["https:\/\/newsvirali.it\/de\/2024\/05\/07\/das-traditionelle-werfen-der-vase-auf-korfu-endet-schwer-mit-dem-kopf-einer-frau\/#respond"]}],"copyrightYear":"2024","copyrightHolder":{"@id":"https:\/\/newsvirali.it\/de\/#organization"}},{"@type":"WebPage","@id":"https:\/\/newsvirali.it\/de\/2024\/05\/07\/das-traditionelle-werfen-der-vase-auf-korfu-endet-schwer-mit-dem-kopf-einer-frau\/","url":"https:\/\/newsvirali.it\/de\/2024\/05\/07\/das-traditionelle-werfen-der-vase-auf-korfu-endet-schwer-mit-dem-kopf-einer-frau\/","name":"Corf\u00f9, tradizionale lancio del vaso va male: in testa a una donna","isPartOf":{"@id":"https:\/\/newsvirali.it\/fr\/#website"},"primaryImageOfPage":{"@id":"https:\/\/newsvirali.it\/de\/2024\/05\/07\/das-traditionelle-werfen-der-vase-auf-korfu-endet-schwer-mit-dem-kopf-einer-frau\/#primaryimage"},"image":{"@id":"https:\/\/newsvirali.it\/de\/2024\/05\/07\/das-traditionelle-werfen-der-vase-auf-korfu-endet-schwer-mit-dem-kopf-einer-frau\/#primaryimage"},"thumbnailUrl":"https:\/\/newsvirali.it\/wp-content\/uploads\/2024\/05\/Corfu-tradizionale-lancio-del-vaso-finisce-male-fracassato-in-testa-a-una-donna.jpg","datePublished":"2024-05-07T09:24:40+00:00","dateModified":"2024-05-07T09:24:42+00:00","author":{"@id":"https:\/\/newsvirali.it\/fr\/#\/schema\/person\/4c835f7b49c9adb58b33901ee816565d"},"description":"Una tradizione di Corf\u00f9 ha rischiato di diventare tragedia quando un vaso lanciato dal vicesindaco \u00e8 finito in testa ad una donna.","breadcrumb":{"@id":"https:\/\/newsvirali.it\/de\/2024\/05\/07\/das-traditionelle-werfen-der-vase-auf-korfu-endet-schwer-mit-dem-kopf-einer-frau\/#breadcrumb"},"inLanguage":"de","potentialAction":[{"@type":"ReadAction","target":["https:\/\/newsvirali.it\/de\/2024\/05\/07\/das-traditionelle-werfen-der-vase-auf-korfu-endet-schwer-mit-dem-kopf-einer-frau\/"]}]},{"@type":"ImageObject","inLanguage":"de","@id":"https:\/\/newsvirali.it\/de\/2024\/05\/07\/das-traditionelle-werfen-der-vase-auf-korfu-endet-schwer-mit-dem-kopf-einer-frau\/#primaryimage","url":"https:\/\/newsvirali.it\/wp-content\/uploads\/2024\/05\/Corfu-tradizionale-lancio-del-vaso-finisce-male-fracassato-in-testa-a-una-donna.jpg","contentUrl":"https:\/\/newsvirali.it\/wp-content\/uploads\/2024\/05\/Corfu-tradizionale-lancio-del-vaso-finisce-male-fracassato-in-testa-a-una-donna.jpg","width":600,"height":400,"caption":"Corf\u00f9, tradizionale lancio del vaso finisce male fracassato in testa a una donna"},{"@type":"BreadcrumbList","@id":"https:\/\/newsvirali.it\/de\/2024\/05\/07\/das-traditionelle-werfen-der-vase-auf-korfu-endet-schwer-mit-dem-kopf-einer-frau\/#breadcrumb","itemListElement":[{"@type":"ListItem","position":1,"name":"Home","item":"https:\/\/newsvirali.it\/fr\/"},{"@type":"ListItem","position":2,"name":"Corf\u00f9, tradizionale lancio del vaso finisce male: fracassato in testa a una donna"}]},{"@type":"WebSite","@id":"https:\/\/newsvirali.it\/fr\/#website","url":"https:\/\/newsvirali.it\/fr\/","name":"Bake News","description":"","potentialAction":[{"@type":"SearchAction","target":{"@type":"EntryPoint","urlTemplate":"https:\/\/newsvirali.it\/fr\/?s={search_term_string}"},"query-input":{"@type":"PropertyValueSpecification","valueRequired":true,"valueName":"search_term_string"}}],"inLanguage":"de"},{"@type":"Person","@id":"https:\/\/newsvirali.it\/fr\/#\/schema\/person\/4c835f7b49c9adb58b33901ee816565d","name":"Cecco Prestina","description":"Perch\u00e9 nasconderlo? Cecco Prestina \u00e8 un alias, ma dietro di lui non si cela un algoritmo di intelligenza artificiale. C'\u00e8 un giornalista che ha oltre vent'anni di esperienza tutta sul web. Da quando il primo modem ha iniziato a gracchiare sul territorio italiano con Video on Line, Cecco ha capito che da quel doppino sarebbe passato il futuro. Ha dedidicato tutta la sua carriera a capire Internet e poi i social e ora l'Ai. Una carriera in costante aggiornamento. E questa esperienza la mette in campo ogni giorno. Per\u00f2 ogni tanto Cecco ha voglia anche di non scrivere \"pipponi\" sulla politica, sull'economia. Ha voglia anche di scrivere qualcosa di divertente. Le notizie che trovate su Bake News sono le stesse che Cecco porta all'aperitivo con gli amici. Quelle di cui discutere per farsi due risate. Notizie, vere (qualche volta si fa fatica a crederlo), strane, divertenti, ma anche serie. Bake News \u00e8 nato per questo, dare al pubblico notizie croccanti e calde come il pane che esce dal forno. E Cecco Prestina \u00e8 nato con Bake News.","url":"https:\/\/newsvirali.it\/de\/autore\/cecco-prestina\/"}]}},"_links":{"self":[{"href":"https:\/\/newsvirali.it\/de\/wp-json\/wp\/v2\/posts\/26415","targetHints":{"allow":["GET"]}}],"collection":[{"href":"https:\/\/newsvirali.it\/de\/wp-json\/wp\/v2\/posts"}],"about":[{"href":"https:\/\/newsvirali.it\/de\/wp-json\/wp\/v2\/types\/post"}],"author":[{"embeddable":true,"href":"https:\/\/newsvirali.it\/de\/wp-json\/wp\/v2\/users\/4"}],"replies":[{"embeddable":true,"href":"https:\/\/newsvirali.it\/de\/wp-json\/wp\/v2\/comments?post=26415"}],"version-history":[{"count":3,"href":"https:\/\/newsvirali.it\/de\/wp-json\/wp\/v2\/posts\/26415\/revisions"}],"predecessor-version":[{"id":26502,"href":"https:\/\/newsvirali.it\/de\/wp-json\/wp\/v2\/posts\/26415\/revisions\/26502"}],"wp:featuredmedia":[{"embeddable":true,"href":"https:\/\/newsvirali.it\/de\/wp-json\/wp\/v2\/media\/26436"}],"wp:attachment":[{"href":"https:\/\/newsvirali.it\/de\/wp-json\/wp\/v2\/media?parent=26415"}],"wp:term":[{"taxonomy":"category","embeddable":true,"href":"https:\/\/newsvirali.it\/de\/wp-json\/wp\/v2\/categories?post=26415"},{"taxonomy":"post_tag","embeddable":true,"href":"https:\/\/newsvirali.it\/de\/wp-json\/wp\/v2\/tags?post=26415"}],"curies":[{"name":"wp","href":"https:\/\/api.w.org\/{rel}","templated":true}]}}