{"id":25540,"date":"2024-04-30T16:33:21","date_gmt":"2024-04-30T14:33:21","guid":{"rendered":"https:\/\/www.bakenews.it\/?p=25540"},"modified":"2024-04-30T16:33:39","modified_gmt":"2024-04-30T14:33:39","slug":"presunta-foto-fake-dei-reali-di-danimarca-riaccende-il-gossip-sulla-loro-separazione","status":"publish","type":"post","link":"https:\/\/newsvirali.it\/de\/2024\/04\/30\/ein-angeblich-gefalschtes-foto-der-danischen-royals-entfacht-erneut-geruchte-uber-ihre-trennung\/","title":{"rendered":"Angeblich gef\u00e4lschtes Foto der d\u00e4nischen Royals entfacht erneut Ger\u00fcchte \u00fcber ihre Trennung"},"content":{"rendered":"<p>Wir reden wieder \u00fcber die k\u00f6nigliche Familie D\u00e4nemarks, K\u00f6nigin Maria und K\u00f6nig Friedrich, die offenbar zu Hause getrennt leben und der Klatsch wird durch ihr erstes offizielles Foto, das von Beobachtern als gef\u00e4lscht eingestuft wird, neu entfacht. Es ist ein weiterer Photoshop-Skandal, an dem ein k\u00f6nigliches Haus beteiligt ist, nach dem, bei dem leider Prinzessin Kate Middleton die Protagonistin war. Das offizielle Foto des d\u00e4nischen K\u00f6nigspaares wurde am Freitag ver\u00f6ffentlicht und zeigt die in Australien geborene K\u00f6nigin neben dem K\u00f6nig stehend.<\/p>\n\n\n\n<p><strong>LESEN SIE AUCH<\/strong><\/p>\n\n\n\n<ul class=\"wp-block-list\">\n<li><a href=\"https:\/\/www.bakenews.it\/sofia-goggia-e-la-foto-fake-in-copertina-ecco-la-sua-risposta\/\">Sofia Goggia und das gef\u00e4lschte Foto auf dem Cover: Hier ist ihre Antwort<\/a><\/li>\n\n\n\n<li><a href=\"https:\/\/www.bakenews.it\/la-foto-dei-genitali-di-michael-jackson-rischia-di-diventare-pubblica-scatta-causa\/\">Foto von Michael Jacksons Genitalien droht \u00f6ffentlich zu werden: Klage eingereicht<\/a><\/li>\n\n\n\n<li><a href=\"https:\/\/www.bakenews.it\/non-e-kate-quella-che-cammina-con-william-foto-confronto-riaccende-tesi-complotto\/\">\u201eEs ist nicht Kate, die mit William geht\u201c, Fotovergleich l\u00e4sst Verschw\u00f6rungsthese neu aufleben<\/a><\/li>\n\n\n\n<li><a href=\"https:\/\/www.bakenews.it\/kate-middleton-si-assume-la-colpa-per-la-foto-ritoccata-tragico-retroscena\/\">Kate Middleton \u00fcbernimmt die Schuld f\u00fcr das \u201eretuschierte\u201c Foto: tragische Hintergrundgeschichte?<\/a><\/li>\n<\/ul>\n\n\n\n<p>K\u00f6nigin Mary trug ein tiefgr\u00fcnes Samt- und Spitzenkleid sowie das \u201evollst\u00e4ndigste\u201c Familienschmuckset der Krone mit passenden Smaragden. Viele lobten die \u201eSch\u00f6nheit\u201c des Fotos, stellten aber auch die Frage, ob es manipuliert worden sei. Einige sagten, das Paar habe ihre Portr\u00e4ts \u201eoffensichtlich\u201c selbst aufgenommen und sie dann \u201ezusammengeklebt\u201c.<\/p>\n\n\n\n<h2 class=\"wp-block-heading\" id=\"h-foto-fake-dei-reali-di-danimarca-i-commenti-implacabili\">Fake-Foto der d\u00e4nischen Royals? Die unerbittlichen Kommentare<\/h2>\n\n\n\n<p>Viele haben tats\u00e4chlich die angebliche Gleichg\u00fcltigkeit des Paares hervorgehoben, ohne sich dazu zu \u00e4u\u00dfern, ob das Foto gef\u00e4lscht sein k\u00f6nnte. \u201eEr sieht kalt aus, Mary. Ich glaube nicht, dass sie so verr\u00fcckt danach ist, Freddy so nahe sein zu m\u00fcssen!\u201c Auf Anfrage der Medien \u00e4u\u00dferten sich Quellen aus dem K\u00f6nigspalast nicht zu der angeblichen digitalen Retusche. Es ist nicht das erste Mal, dass k\u00f6nigliche Beobachter ein vom d\u00e4nischen Palast ver\u00f6ffentlichtes Foto in Frage stellen.<\/p>\n\n\n\n<p>Am 8. Januar machten sie zu ihrem 13. Geburtstag ein Foto von Prinz Vincent und Prinzessin Josephine. Fans der Familie sagten jedoch, die Kinder h\u00e4tten genauso posiert wie auf einem Gruppenfoto, das offenbar am selben Tag aufgenommen worden war. Dies f\u00fchrte dazu, dass sich die Leute fragten, ob die Zwillinge f\u00fcr die Geburtstags-Hommage zusammengeschnitten wurden.<\/p>\n\n\n\n<h2 class=\"wp-block-heading\" id=\"h-le-voci-di-tradimento-di-re-federico-di-danimarca\">Ger\u00fcchte \u00fcber einen Verrat K\u00f6nig Friedrichs von D\u00e4nemark<\/h2>\n\n\n\n<p>Gegen Ende des Jahres 2023 ver\u00f6ffentlichten Boulevardzeitschriften Fotos des damaligen Kronprinzen Federico, wie er gemeinsam mit einer bekannten VIP-Lounge-Besucherin, der Mexikanerin Geneveva Casanova, durch die Stra\u00dfen Madrids spazierte. Es gab gro\u00dfe Verlegenheit f\u00fcr das K\u00f6nigshaus und auch Interviews von Casanova, in denen die angebliche Beziehung geleugnet wurde. Doch die Zweifel blieben. Am Ende des Jahres kam es zu einem \u00dcberraschungsschlag: K\u00f6nigin Margrethe II. dankte zugunsten ihres Sohnes ab. Und die d\u00e4nische Presse sagte, es sei eine Geste gewesen, um das Paar zu retten. Er \u00fcbertrug ihnen die Verantwortung der Krone und vermied eine m\u00f6gliche Trennung. Am 14. Mai feiern der K\u00f6nig und die K\u00f6nigin ihr 20-j\u00e4hriges Ehejubil\u00e4um. Wir warten auf das offizielle Foto, um den Status des Paares zu erfahren.<\/p>\n\n\n\n<p><strong>LESEN SIE ANDERE WELT-NEWS<\/strong><\/p>\n\n\n<ul class=\"wp-block-latest-posts__list wp-block-latest-posts\"><li><a class=\"wp-block-latest-posts__post-title\" href=\"https:\/\/newsvirali.it\/de\/2026\/02\/12\/emma-amit-tote-teufelskrabbe\/\">Vloggerin Emma Amit stirbt nach dem Verzehr einer giftigen Teufelskrabbe<\/a><\/li>\n<li><a class=\"wp-block-latest-posts__post-title\" href=\"https:\/\/newsvirali.it\/de\/2026\/02\/05\/drei-schwestern-begingen-selbstmord-in-indien\/\">Eltern konfiszieren Handys wegen exzessiven Spielens: Drei Schwestern begehen Selbstmord<\/a><\/li>\n<li><a class=\"wp-block-latest-posts__post-title\" href=\"https:\/\/newsvirali.it\/de\/2026\/01\/30\/festnahme-in-einem-ferienresort-in-florida-wegen-obszoner-handlungen\/\">Schockierende Szenen in einem Ferienresort in Florida: Mann wegen exhibitionistischer Handlungen mit einem Staubsauger verhaftet<\/a><\/li>\n<li><a class=\"wp-block-latest-posts__post-title\" href=\"https:\/\/newsvirali.it\/de\/2026\/01\/28\/betrunkener-vater-erhangt-sohn-in-schockierendem-video\/\">Betrunkener Vater h\u00e4ngt Sohn aus dem Fenster: Schockierendes Video<\/a><\/li>\n<li><a class=\"wp-block-latest-posts__post-title\" href=\"https:\/\/newsvirali.it\/de\/2026\/01\/27\/schwangere-lehrerin-und-13-jahrige-schulerin\/\">Lehrerin gibt zu, von 13-j\u00e4hrigem Sch\u00fcler schwanger geworden zu sein<\/a><\/li>\n<\/ul><br \/>Folgen Sie uns auch auf Google News: <b><a href=\"https:\/\/news.google.com\/publications\/CAAqBwgKMNqJiwswjMfqAg?hl=it&gl=IT&ceid=IT:it\" target=\"_blank\">klicken Sie hier<\/a><\/b>","protected":false},"excerpt":{"rendered":"<p>Wir reden wieder \u00fcber die k\u00f6nigliche Familie D\u00e4nemarks, K\u00f6nigin Maria und K\u00f6nig Friedrich, die zu Hause getrennt leben w\u00fcrden, [...]<\/p>","protected":false},"author":4,"featured_media":25541,"comment_status":"open","ping_status":"open","sticky":false,"template":"","format":"standard","meta":{"MSN_Categories":"Uncategorized","MSN_Publish_Option":false,"MSN_Is_Local_News":false,"MSN_Is_AIAC_Included":"Empty","MSN_Location":"[]","MSN_Add_Feature_Img_On_Top_Of_Post":false,"MSN_Has_Custom_Author":false,"MSN_Custom_Author":"","MSN_Has_Custom_Canonical_Url":false,"MSN_Custom_Canonical_Url":"","footnotes":""},"categories":[463,5],"tags":[],"class_list":["post-25540","post","type-post","status-publish","format-standard","has-post-thumbnail","hentry","category-_spagnolo","category-gossip"],"acf":[],"yoast_head":"<!-- This site is optimized with the Yoast SEO Premium plugin v26.7 (Yoast SEO v26.7) - https:\/\/yoast.com\/wordpress\/plugins\/seo\/ -->\n<title>Danimarca, foto fake dei Reali riaccende gossip sulla separazione<\/title>\n<meta name=\"description\" content=\"Bufera sulla regina Mary e il re Federico di Danimarca, a riaccendere il gossip sulla loro separazione \u00e8 la prima foto ufficiale: \u00e8 fake?\" \/>\n<meta name=\"robots\" content=\"index, follow, max-snippet:-1, max-image-preview:large, max-video-preview:-1\" \/>\n<link rel=\"canonical\" href=\"https:\/\/newsvirali.it\/de\/2024\/04\/30\/ein-angeblich-gefalschtes-foto-der-danischen-royals-entfacht-erneut-geruchte-uber-ihre-trennung\/\" \/>\n<meta property=\"og:locale\" content=\"de_DE\" \/>\n<meta property=\"og:type\" content=\"article\" \/>\n<meta property=\"og:title\" content=\"Presunta foto fake dei Reali di Danimarca riaccende il gossip sulla loro separazione\" \/>\n<meta property=\"og:description\" content=\"Bufera sulla regina Mary e il re Federico di Danimarca, a riaccendere il gossip sulla loro separazione \u00e8 la prima foto ufficiale: \u00e8 fake?\" \/>\n<meta property=\"og:url\" content=\"https:\/\/newsvirali.it\/de\/2024\/04\/30\/ein-angeblich-gefalschtes-foto-der-danischen-royals-entfacht-erneut-geruchte-uber-ihre-trennung\/\" \/>\n<meta property=\"og:site_name\" content=\"News virali\" \/>\n<meta property=\"article:published_time\" content=\"2024-04-30T14:33:21+00:00\" \/>\n<meta property=\"article:modified_time\" content=\"2024-04-30T14:33:39+00:00\" \/>\n<meta property=\"og:image\" content=\"https:\/\/newsvirali.it\/wp-content\/uploads\/2024\/04\/La-presunta-foto-fake-dei-Reali-di-Danimarca-riaccende-il-gossip-sulla-loro-separazione-1.jpg\" \/>\n\t<meta property=\"og:image:width\" content=\"2160\" \/>\n\t<meta property=\"og:image:height\" content=\"1440\" \/>\n\t<meta property=\"og:image:type\" content=\"image\/jpeg\" \/>\n<meta name=\"author\" content=\"Cecco Prestina\" \/>\n<meta name=\"twitter:card\" content=\"summary_large_image\" \/>\n<meta name=\"twitter:label1\" content=\"Verfasst von\" \/>\n\t<meta name=\"twitter:data1\" content=\"Cecco Prestina\" \/>\n\t<meta name=\"twitter:label2\" content=\"Gesch\u00e4tzte Lesezeit\" \/>\n\t<meta name=\"twitter:data2\" content=\"3\u00a0Minuten\" \/>\n<script type=\"application\/ld+json\" class=\"yoast-schema-graph\">{\"@context\":\"https:\/\/schema.org\",\"@graph\":[{\"@type\":\"NewsArticle\",\"@id\":\"https:\/\/newsvirali.it\/de\/2024\/04\/30\/ein-angeblich-gefalschtes-foto-der-danischen-royals-entfacht-erneut-geruchte-uber-ihre-trennung\/#article\",\"isPartOf\":{\"@id\":\"https:\/\/newsvirali.it\/de\/2024\/04\/30\/ein-angeblich-gefalschtes-foto-der-danischen-royals-entfacht-erneut-geruchte-uber-ihre-trennung\/\"},\"author\":{\"name\":\"Cecco Prestina\",\"@id\":\"https:\/\/newsvirali.it\/fr\/#\/schema\/person\/4c835f7b49c9adb58b33901ee816565d\"},\"headline\":\"Presunta foto fake dei Reali di Danimarca riaccende il gossip sulla loro separazione\",\"datePublished\":\"2024-04-30T14:33:21+00:00\",\"dateModified\":\"2024-04-30T14:33:39+00:00\",\"mainEntityOfPage\":{\"@id\":\"https:\/\/newsvirali.it\/de\/2024\/04\/30\/ein-angeblich-gefalschtes-foto-der-danischen-royals-entfacht-erneut-geruchte-uber-ihre-trennung\/\"},\"wordCount\":481,\"commentCount\":0,\"image\":{\"@id\":\"https:\/\/newsvirali.it\/de\/2024\/04\/30\/ein-angeblich-gefalschtes-foto-der-danischen-royals-entfacht-erneut-geruchte-uber-ihre-trennung\/#primaryimage\"},\"thumbnailUrl\":\"https:\/\/newsvirali.it\/wp-content\/uploads\/2024\/04\/La-presunta-foto-fake-dei-Reali-di-Danimarca-riaccende-il-gossip-sulla-loro-separazione-1.jpg\",\"articleSection\":[\"_spagnolo\",\"Gossip\"],\"inLanguage\":\"de\",\"potentialAction\":[{\"@type\":\"CommentAction\",\"name\":\"Comment\",\"target\":[\"https:\/\/newsvirali.it\/de\/2024\/04\/30\/ein-angeblich-gefalschtes-foto-der-danischen-royals-entfacht-erneut-geruchte-uber-ihre-trennung\/#respond\"]}],\"copyrightYear\":\"2024\",\"copyrightHolder\":{\"@id\":\"https:\/\/newsvirali.it\/de\/#organization\"}},{\"@type\":\"WebPage\",\"@id\":\"https:\/\/newsvirali.it\/de\/2024\/04\/30\/ein-angeblich-gefalschtes-foto-der-danischen-royals-entfacht-erneut-geruchte-uber-ihre-trennung\/\",\"url\":\"https:\/\/newsvirali.it\/de\/2024\/04\/30\/ein-angeblich-gefalschtes-foto-der-danischen-royals-entfacht-erneut-geruchte-uber-ihre-trennung\/\",\"name\":\"Danimarca, foto fake dei Reali riaccende gossip sulla separazione\",\"isPartOf\":{\"@id\":\"https:\/\/newsvirali.it\/fr\/#website\"},\"primaryImageOfPage\":{\"@id\":\"https:\/\/newsvirali.it\/de\/2024\/04\/30\/ein-angeblich-gefalschtes-foto-der-danischen-royals-entfacht-erneut-geruchte-uber-ihre-trennung\/#primaryimage\"},\"image\":{\"@id\":\"https:\/\/newsvirali.it\/de\/2024\/04\/30\/ein-angeblich-gefalschtes-foto-der-danischen-royals-entfacht-erneut-geruchte-uber-ihre-trennung\/#primaryimage\"},\"thumbnailUrl\":\"https:\/\/newsvirali.it\/wp-content\/uploads\/2024\/04\/La-presunta-foto-fake-dei-Reali-di-Danimarca-riaccende-il-gossip-sulla-loro-separazione-1.jpg\",\"datePublished\":\"2024-04-30T14:33:21+00:00\",\"dateModified\":\"2024-04-30T14:33:39+00:00\",\"author\":{\"@id\":\"https:\/\/newsvirali.it\/fr\/#\/schema\/person\/4c835f7b49c9adb58b33901ee816565d\"},\"description\":\"Bufera sulla regina Mary e il re Federico di Danimarca, a riaccendere il gossip sulla loro separazione \u00e8 la prima foto ufficiale: \u00e8 fake?\",\"breadcrumb\":{\"@id\":\"https:\/\/newsvirali.it\/de\/2024\/04\/30\/ein-angeblich-gefalschtes-foto-der-danischen-royals-entfacht-erneut-geruchte-uber-ihre-trennung\/#breadcrumb\"},\"inLanguage\":\"de\",\"potentialAction\":[{\"@type\":\"ReadAction\",\"target\":[\"https:\/\/newsvirali.it\/de\/2024\/04\/30\/ein-angeblich-gefalschtes-foto-der-danischen-royals-entfacht-erneut-geruchte-uber-ihre-trennung\/\"]}]},{\"@type\":\"ImageObject\",\"inLanguage\":\"de\",\"@id\":\"https:\/\/newsvirali.it\/de\/2024\/04\/30\/ein-angeblich-gefalschtes-foto-der-danischen-royals-entfacht-erneut-geruchte-uber-ihre-trennung\/#primaryimage\",\"url\":\"https:\/\/newsvirali.it\/wp-content\/uploads\/2024\/04\/La-presunta-foto-fake-dei-Reali-di-Danimarca-riaccende-il-gossip-sulla-loro-separazione-1.jpg\",\"contentUrl\":\"https:\/\/newsvirali.it\/wp-content\/uploads\/2024\/04\/La-presunta-foto-fake-dei-Reali-di-Danimarca-riaccende-il-gossip-sulla-loro-separazione-1.jpg\",\"width\":2160,\"height\":1440,\"caption\":\"La presunta foto fake dei Reali di Danimarca riaccende il gossip sulla loro separazione\"},{\"@type\":\"BreadcrumbList\",\"@id\":\"https:\/\/newsvirali.it\/de\/2024\/04\/30\/ein-angeblich-gefalschtes-foto-der-danischen-royals-entfacht-erneut-geruchte-uber-ihre-trennung\/#breadcrumb\",\"itemListElement\":[{\"@type\":\"ListItem\",\"position\":1,\"name\":\"Home\",\"item\":\"https:\/\/newsvirali.it\/fr\/\"},{\"@type\":\"ListItem\",\"position\":2,\"name\":\"Presunta foto fake dei Reali di Danimarca riaccende il gossip sulla loro separazione\"}]},{\"@type\":\"WebSite\",\"@id\":\"https:\/\/newsvirali.it\/fr\/#website\",\"url\":\"https:\/\/newsvirali.it\/fr\/\",\"name\":\"Bake News\",\"description\":\"\",\"potentialAction\":[{\"@type\":\"SearchAction\",\"target\":{\"@type\":\"EntryPoint\",\"urlTemplate\":\"https:\/\/newsvirali.it\/fr\/?s={search_term_string}\"},\"query-input\":{\"@type\":\"PropertyValueSpecification\",\"valueRequired\":true,\"valueName\":\"search_term_string\"}}],\"inLanguage\":\"de\"},{\"@type\":\"Person\",\"@id\":\"https:\/\/newsvirali.it\/fr\/#\/schema\/person\/4c835f7b49c9adb58b33901ee816565d\",\"name\":\"Cecco Prestina\",\"description\":\"Perch\u00e9 nasconderlo? Cecco Prestina \u00e8 un alias, ma dietro di lui non si cela un algoritmo di intelligenza artificiale. C'\u00e8 un giornalista che ha oltre vent'anni di esperienza tutta sul web. Da quando il primo modem ha iniziato a gracchiare sul territorio italiano con Video on Line, Cecco ha capito che da quel doppino sarebbe passato il futuro. Ha dedidicato tutta la sua carriera a capire Internet e poi i social e ora l'Ai. Una carriera in costante aggiornamento. E questa esperienza la mette in campo ogni giorno. Per\u00f2 ogni tanto Cecco ha voglia anche di non scrivere \\\"pipponi\\\" sulla politica, sull'economia. Ha voglia anche di scrivere qualcosa di divertente. Le notizie che trovate su Bake News sono le stesse che Cecco porta all'aperitivo con gli amici. Quelle di cui discutere per farsi due risate. Notizie, vere (qualche volta si fa fatica a crederlo), strane, divertenti, ma anche serie. Bake News \u00e8 nato per questo, dare al pubblico notizie croccanti e calde come il pane che esce dal forno. E Cecco Prestina \u00e8 nato con Bake News.\",\"url\":\"https:\/\/newsvirali.it\/de\/autore\/cecco-prestina\/\"}]}<\/script>\n<!-- \/ Yoast SEO Premium plugin. -->","yoast_head_json":{"title":"Danimarca, foto fake dei Reali riaccende gossip sulla separazione","description":"Bufera sulla regina Mary e il re Federico di Danimarca, a riaccendere il gossip sulla loro separazione \u00e8 la prima foto ufficiale: \u00e8 fake?","robots":{"index":"index","follow":"follow","max-snippet":"max-snippet:-1","max-image-preview":"max-image-preview:large","max-video-preview":"max-video-preview:-1"},"canonical":"https:\/\/newsvirali.it\/de\/2024\/04\/30\/ein-angeblich-gefalschtes-foto-der-danischen-royals-entfacht-erneut-geruchte-uber-ihre-trennung\/","og_locale":"de_DE","og_type":"article","og_title":"Presunta foto fake dei Reali di Danimarca riaccende il gossip sulla loro separazione","og_description":"Bufera sulla regina Mary e il re Federico di Danimarca, a riaccendere il gossip sulla loro separazione \u00e8 la prima foto ufficiale: \u00e8 fake?","og_url":"https:\/\/newsvirali.it\/de\/2024\/04\/30\/ein-angeblich-gefalschtes-foto-der-danischen-royals-entfacht-erneut-geruchte-uber-ihre-trennung\/","og_site_name":"News virali","article_published_time":"2024-04-30T14:33:21+00:00","article_modified_time":"2024-04-30T14:33:39+00:00","og_image":[{"width":2160,"height":1440,"url":"https:\/\/newsvirali.it\/wp-content\/uploads\/2024\/04\/La-presunta-foto-fake-dei-Reali-di-Danimarca-riaccende-il-gossip-sulla-loro-separazione-1.jpg","type":"image\/jpeg"}],"author":"Cecco Prestina","twitter_card":"summary_large_image","twitter_misc":{"Verfasst von":"Cecco Prestina","Gesch\u00e4tzte Lesezeit":"3\u00a0Minuten"},"schema":{"@context":"https:\/\/schema.org","@graph":[{"@type":"NewsArticle","@id":"https:\/\/newsvirali.it\/de\/2024\/04\/30\/ein-angeblich-gefalschtes-foto-der-danischen-royals-entfacht-erneut-geruchte-uber-ihre-trennung\/#article","isPartOf":{"@id":"https:\/\/newsvirali.it\/de\/2024\/04\/30\/ein-angeblich-gefalschtes-foto-der-danischen-royals-entfacht-erneut-geruchte-uber-ihre-trennung\/"},"author":{"name":"Cecco Prestina","@id":"https:\/\/newsvirali.it\/fr\/#\/schema\/person\/4c835f7b49c9adb58b33901ee816565d"},"headline":"Presunta foto fake dei Reali di Danimarca riaccende il gossip sulla loro separazione","datePublished":"2024-04-30T14:33:21+00:00","dateModified":"2024-04-30T14:33:39+00:00","mainEntityOfPage":{"@id":"https:\/\/newsvirali.it\/de\/2024\/04\/30\/ein-angeblich-gefalschtes-foto-der-danischen-royals-entfacht-erneut-geruchte-uber-ihre-trennung\/"},"wordCount":481,"commentCount":0,"image":{"@id":"https:\/\/newsvirali.it\/de\/2024\/04\/30\/ein-angeblich-gefalschtes-foto-der-danischen-royals-entfacht-erneut-geruchte-uber-ihre-trennung\/#primaryimage"},"thumbnailUrl":"https:\/\/newsvirali.it\/wp-content\/uploads\/2024\/04\/La-presunta-foto-fake-dei-Reali-di-Danimarca-riaccende-il-gossip-sulla-loro-separazione-1.jpg","articleSection":["_spagnolo","Gossip"],"inLanguage":"de","potentialAction":[{"@type":"CommentAction","name":"Comment","target":["https:\/\/newsvirali.it\/de\/2024\/04\/30\/ein-angeblich-gefalschtes-foto-der-danischen-royals-entfacht-erneut-geruchte-uber-ihre-trennung\/#respond"]}],"copyrightYear":"2024","copyrightHolder":{"@id":"https:\/\/newsvirali.it\/de\/#organization"}},{"@type":"WebPage","@id":"https:\/\/newsvirali.it\/de\/2024\/04\/30\/ein-angeblich-gefalschtes-foto-der-danischen-royals-entfacht-erneut-geruchte-uber-ihre-trennung\/","url":"https:\/\/newsvirali.it\/de\/2024\/04\/30\/ein-angeblich-gefalschtes-foto-der-danischen-royals-entfacht-erneut-geruchte-uber-ihre-trennung\/","name":"Danimarca, foto fake dei Reali riaccende gossip sulla separazione","isPartOf":{"@id":"https:\/\/newsvirali.it\/fr\/#website"},"primaryImageOfPage":{"@id":"https:\/\/newsvirali.it\/de\/2024\/04\/30\/ein-angeblich-gefalschtes-foto-der-danischen-royals-entfacht-erneut-geruchte-uber-ihre-trennung\/#primaryimage"},"image":{"@id":"https:\/\/newsvirali.it\/de\/2024\/04\/30\/ein-angeblich-gefalschtes-foto-der-danischen-royals-entfacht-erneut-geruchte-uber-ihre-trennung\/#primaryimage"},"thumbnailUrl":"https:\/\/newsvirali.it\/wp-content\/uploads\/2024\/04\/La-presunta-foto-fake-dei-Reali-di-Danimarca-riaccende-il-gossip-sulla-loro-separazione-1.jpg","datePublished":"2024-04-30T14:33:21+00:00","dateModified":"2024-04-30T14:33:39+00:00","author":{"@id":"https:\/\/newsvirali.it\/fr\/#\/schema\/person\/4c835f7b49c9adb58b33901ee816565d"},"description":"Bufera sulla regina Mary e il re Federico di Danimarca, a riaccendere il gossip sulla loro separazione \u00e8 la prima foto ufficiale: \u00e8 fake?","breadcrumb":{"@id":"https:\/\/newsvirali.it\/de\/2024\/04\/30\/ein-angeblich-gefalschtes-foto-der-danischen-royals-entfacht-erneut-geruchte-uber-ihre-trennung\/#breadcrumb"},"inLanguage":"de","potentialAction":[{"@type":"ReadAction","target":["https:\/\/newsvirali.it\/de\/2024\/04\/30\/ein-angeblich-gefalschtes-foto-der-danischen-royals-entfacht-erneut-geruchte-uber-ihre-trennung\/"]}]},{"@type":"ImageObject","inLanguage":"de","@id":"https:\/\/newsvirali.it\/de\/2024\/04\/30\/ein-angeblich-gefalschtes-foto-der-danischen-royals-entfacht-erneut-geruchte-uber-ihre-trennung\/#primaryimage","url":"https:\/\/newsvirali.it\/wp-content\/uploads\/2024\/04\/La-presunta-foto-fake-dei-Reali-di-Danimarca-riaccende-il-gossip-sulla-loro-separazione-1.jpg","contentUrl":"https:\/\/newsvirali.it\/wp-content\/uploads\/2024\/04\/La-presunta-foto-fake-dei-Reali-di-Danimarca-riaccende-il-gossip-sulla-loro-separazione-1.jpg","width":2160,"height":1440,"caption":"La presunta foto fake dei Reali di Danimarca riaccende il gossip sulla loro separazione"},{"@type":"BreadcrumbList","@id":"https:\/\/newsvirali.it\/de\/2024\/04\/30\/ein-angeblich-gefalschtes-foto-der-danischen-royals-entfacht-erneut-geruchte-uber-ihre-trennung\/#breadcrumb","itemListElement":[{"@type":"ListItem","position":1,"name":"Home","item":"https:\/\/newsvirali.it\/fr\/"},{"@type":"ListItem","position":2,"name":"Presunta foto fake dei Reali di Danimarca riaccende il gossip sulla loro separazione"}]},{"@type":"WebSite","@id":"https:\/\/newsvirali.it\/fr\/#website","url":"https:\/\/newsvirali.it\/fr\/","name":"Bake News","description":"","potentialAction":[{"@type":"SearchAction","target":{"@type":"EntryPoint","urlTemplate":"https:\/\/newsvirali.it\/fr\/?s={search_term_string}"},"query-input":{"@type":"PropertyValueSpecification","valueRequired":true,"valueName":"search_term_string"}}],"inLanguage":"de"},{"@type":"Person","@id":"https:\/\/newsvirali.it\/fr\/#\/schema\/person\/4c835f7b49c9adb58b33901ee816565d","name":"Cecco Prestina","description":"Perch\u00e9 nasconderlo? Cecco Prestina \u00e8 un alias, ma dietro di lui non si cela un algoritmo di intelligenza artificiale. C'\u00e8 un giornalista che ha oltre vent'anni di esperienza tutta sul web. Da quando il primo modem ha iniziato a gracchiare sul territorio italiano con Video on Line, Cecco ha capito che da quel doppino sarebbe passato il futuro. Ha dedidicato tutta la sua carriera a capire Internet e poi i social e ora l'Ai. Una carriera in costante aggiornamento. E questa esperienza la mette in campo ogni giorno. Per\u00f2 ogni tanto Cecco ha voglia anche di non scrivere \"pipponi\" sulla politica, sull'economia. Ha voglia anche di scrivere qualcosa di divertente. Le notizie che trovate su Bake News sono le stesse che Cecco porta all'aperitivo con gli amici. Quelle di cui discutere per farsi due risate. Notizie, vere (qualche volta si fa fatica a crederlo), strane, divertenti, ma anche serie. Bake News \u00e8 nato per questo, dare al pubblico notizie croccanti e calde come il pane che esce dal forno. E Cecco Prestina \u00e8 nato con Bake News.","url":"https:\/\/newsvirali.it\/de\/autore\/cecco-prestina\/"}]}},"_links":{"self":[{"href":"https:\/\/newsvirali.it\/de\/wp-json\/wp\/v2\/posts\/25540","targetHints":{"allow":["GET"]}}],"collection":[{"href":"https:\/\/newsvirali.it\/de\/wp-json\/wp\/v2\/posts"}],"about":[{"href":"https:\/\/newsvirali.it\/de\/wp-json\/wp\/v2\/types\/post"}],"author":[{"embeddable":true,"href":"https:\/\/newsvirali.it\/de\/wp-json\/wp\/v2\/users\/4"}],"replies":[{"embeddable":true,"href":"https:\/\/newsvirali.it\/de\/wp-json\/wp\/v2\/comments?post=25540"}],"version-history":[{"count":4,"href":"https:\/\/newsvirali.it\/de\/wp-json\/wp\/v2\/posts\/25540\/revisions"}],"predecessor-version":[{"id":25551,"href":"https:\/\/newsvirali.it\/de\/wp-json\/wp\/v2\/posts\/25540\/revisions\/25551"}],"wp:featuredmedia":[{"embeddable":true,"href":"https:\/\/newsvirali.it\/de\/wp-json\/wp\/v2\/media\/25541"}],"wp:attachment":[{"href":"https:\/\/newsvirali.it\/de\/wp-json\/wp\/v2\/media?parent=25540"}],"wp:term":[{"taxonomy":"category","embeddable":true,"href":"https:\/\/newsvirali.it\/de\/wp-json\/wp\/v2\/categories?post=25540"},{"taxonomy":"post_tag","embeddable":true,"href":"https:\/\/newsvirali.it\/de\/wp-json\/wp\/v2\/tags?post=25540"}],"curies":[{"name":"wp","href":"https:\/\/api.w.org\/{rel}","templated":true}]}}