{"id":22398,"date":"2024-04-10T12:47:20","date_gmt":"2024-04-10T10:47:20","guid":{"rendered":"https:\/\/www.bakenews.it\/?p=22398"},"modified":"2024-04-10T12:47:21","modified_gmt":"2024-04-10T10:47:21","slug":"le-diagnosticano-cancro-terminale-dice-addio-ai-figli-e-fa-chemio-aggressiva-era-sana","status":"publish","type":"post","link":"https:\/\/newsvirali.it\/de\/2024\/04\/10\/bei-ihr-wurde-krebs-im-endstadium-diagnostiziert-sie-verabschiedete-sich-von-ihren-kindern-unterzog-sich-einer-aggressiven-chemotherapie-und-war-gesund\/","title":{"rendered":"Bei ihr wurde Krebs im Endstadium diagnostiziert, sie verabschiedete sich von ihren Kindern und unterzog sich einer aggressiven Chemotherapie: Sie war gesund"},"content":{"rendered":"<p>Eine Mutter unterzog sich einer \u201eaggressiven\u201c Chemotherapie und verabschiedete sich sogar von ihrer Familie, nachdem sie nur 15 Monate mit Krebs zu leben hatte, nur um sp\u00e4ter festzustellen, dass sie gesund war. Lisa Monk aus College Station, Texas, erz\u00e4hlt den Medien ihre Geschichte eines \u00e4rztlichen Kunstfehlers. Sie war Ende 2022 f\u00fcr eine CT-Untersuchung ins Krankenhaus gegangen, nachdem sie Magenschmerzen versp\u00fcrt hatte, bei denen sie vermutete, dass es sich um Nierensteine handelte. Die Untersuchung ergab, dass er zwei Steine hatte, berichtete aber auch von einer Raumforderung in seiner Milz, die im Januar 2023 entfernt wurde.<\/p>\n\n\n\n<p><strong>MEISTGELESENE ARTIKEL<\/strong><\/p>\n\n\n<p>[koko_analytics_most_viewed_posts number=5 days=8 post_type=\u201dpost\u201d show_date=\u201dfalse\u201d]<\/p>\n\n\n\n<h2 class=\"wp-block-heading\" id=\"h-cancro-terminale-ma-era-sana-il-dramma-di-lisa\">Krebs im Endstadium, aber sie war gesund: Lisas Drama<\/h2>\n\n\n\n<p>Die Mutter von zwei Kindern sagte, das Organ sei an drei verschiedene Pathologielabore geschickt worden, bevor es in einem vierten Labor getestet wurde, das positiv auf eine aggressive Form von Blutgef\u00e4\u00dfkrebs getestet wurde. Die 39-J\u00e4hrige sagte, bei einem Nachsorgetermin nach ihrer Milzoperation sei bei ihr Krebs im Endstadium diagnostiziert worden. Lisa Monk sagt, ihr sei \u201eoptimistisch\u201c eine Lebenserwartung von 15 Monaten gegeben worden.<\/p>\n\n\n\n<p>Sie, eine Gymnasiallehrerin, wurde im M\u00e4rz 2023 in ein onkologisches Krankenhaus eingeliefert, um mit ihrer ersten Chemotherapie zu beginnen. Nachdem sie alle Haare verloren hatte, unterzog sich Lisa einer weiteren Runde einer \u201esehr aggressiven\u201c Chemotherapie, die bei ihr zu \u201esilberner Haut\u201c und Erbrechen f\u00fchrte. Doch bei einem Routinebesuch im Krankenhaus im April kommt die \u00dcberraschung: Er hatte nie Krebs gehabt, die Untersuchung der ersten Biopsie war falsch.<\/p>\n\n\n\n<figure class=\"wp-block-embed is-type-video is-provider-tiktok wp-block-embed-tiktok\"><div class=\"wp-block-embed__wrapper\">\n<blockquote class=\"tiktok-embed\" cite=\"https:\/\/www.tiktok.com\/@lisam77717\/video\/7349301997931171104\" data-video-id=\"7349301997931171104\" data-embed-from=\"oembed\" style=\"max-width:605px; min-width:325px;\"> <section> <a target=\"_blank\" title=\"@lisam77717\" href=\"https:\/\/www.tiktok.com\/@lisam77717?refer=embed\">@lisam77717<\/a> <p><a title=\"capcut\" target=\"_blank\" href=\"https:\/\/www.tiktok.com\/tag\/capcut?refer=embed\">#CapCut<\/a> <a title=\"gef\u00e4lschter Krebs\" target=\"_blank\" href=\"https:\/\/www.tiktok.com\/tag\/fakecancer?refer=embed\">#fakecancer<\/a> <a title=\"fehldiagnostiziert\" target=\"_blank\" href=\"https:\/\/www.tiktok.com\/tag\/misdiagnosed?refer=embed\">#fehldiagnostiziert<\/a> <a title=\"Chemotherapie\" target=\"_blank\" href=\"https:\/\/www.tiktok.com\/tag\/chemotherapy?refer=embed\">#Chemotherapie<\/a> <a title=\"Trauma\" target=\"_blank\" href=\"https:\/\/www.tiktok.com\/tag\/trauma?refer=embed\">#rauma<\/a> <a title=\"w\u00fctend\" target=\"_blank\" href=\"https:\/\/www.tiktok.com\/tag\/angry?refer=embed\">#angry<\/a> <\/p> <a target=\"_blank\" title=\"\u266c Klaviersolo mit vertr\u00e4umter und ruhiger Atmosph\u00e4re (1495565) \u2013 Yuguen\" href=\"https:\/\/www.tiktok.com\/music\/Piano-solo-with-a-dreamy-and-calm-atmosphere-1495565-7314371439632287746?refer=embed\">\u266c Klaviersolo mit vertr\u00e4umter und ruhiger Atmosph\u00e4re (1495565) \u2013 Yuguen<\/a> <\/section> <\/blockquote> <script async src=\"https:\/\/www.tiktok.com\/embed.js\"><\/script>\n<\/div><\/figure>\n\n\n\n<p>Lisa geriet in Wut, weil die \u00c4rzte ihr gratulierten, anstatt sich f\u00fcr den Fehler zu entschuldigen. Er sagte den Medien: \u201eBei ihm wurde eine \u00e4u\u00dferst seltene und t\u00f6dliche Krebsart namens klarzelliges Angiosarkom diagnostiziert. Ich war nach meiner Operation zu meinem Arzt gegangen. Ich war bei meiner Mutter und sie fragte mich, ob ich vor ihr schlechte Nachrichten \u00fcberbringen k\u00f6nne. Da sagte er mir, es sei Krebs. Ich war geschockt. Die Diagnose war schrecklich und sie sagten mir, es sei unheilbar.<\/p>\n\n\n\n<h2 class=\"wp-block-heading\" id=\"h-l-angosciante-racconto-al-marito-e-ai-figli\">Die ersch\u00fctternde Geschichte ihres Mannes und ihrer Kinder<\/h2>\n\n\n\n<p>\u201eNachdem ich meine Mutter zu Hause abgesetzt hatte, ging ich zum Fluss und betete, weil ich nicht bereit war, nach Hause zu gehen und es meinem Mann zu erz\u00e4hlen. Er bekam Angst, weil ich nicht nach Hause kam und suchte nach mir. Ich musste ihm sagen, dass die Nachrichten schlecht waren, und dann musste ich nach Hause gehen und es meinen beiden Kindern erz\u00e4hlen. Zu diesem Zeitpunkt habe ich ihnen nicht gesagt, dass es unheilbar sei oder dass ich erst 15 Monate alt sei, ich habe ihnen nur gesagt, dass es schlimm sei, aber dass ich versuchen w\u00fcrde, dagegen anzuk\u00e4mpfen. \u201eMein \u00e4ltester Sohn hatte die gr\u00f6\u00dften Schwierigkeiten. Mein kleines M\u00e4dchen konnte ihre Gef\u00fchle sehr gut verbergen, aber von ihrer Lehrerin erfuhr ich, dass sie in der Schule damit \u00fcberfordert war.\u201c<\/p>\n\n\n\n<p>Lisa behauptet, der Fehler liege beim Krankenhaus, das die notwendige Gegenanalyse nicht durchgef\u00fchrt habe. Das bedeutet, dass er eine Chemotherapie \u00fcber sich ergehen lassen musste, als er sie nicht brauchte, und jetzt mit den Folgen zu k\u00e4mpfen hat.<\/p>\n\n\n\n<figure class=\"wp-block-embed is-type-video is-provider-tiktok wp-block-embed-tiktok\"><div class=\"wp-block-embed__wrapper\">\n<blockquote class=\"tiktok-embed\" cite=\"https:\/\/www.tiktok.com\/@lisam77717\/video\/7343805314799537441\" data-video-id=\"7343805314799537441\" data-embed-from=\"oembed\" style=\"max-width:605px; min-width:325px;\"> <section> <a target=\"_blank\" title=\"@lisam77717\" href=\"https:\/\/www.tiktok.com\/@lisam77717?refer=embed\">@lisam77717<\/a> <p>Antwort an @user8814998526039 <a title=\"gef\u00e4lschter Krebs\" target=\"_blank\" href=\"https:\/\/www.tiktok.com\/tag\/fakecancer?refer=embed\">#fakecancer<\/a> <a title=\"fehldiagnostiziert\" target=\"_blank\" href=\"https:\/\/www.tiktok.com\/tag\/misdiagnosed?refer=embed\">#fehldiagnostiziert<\/a> <a title=\"Krebs ist schei\u00dfe\" target=\"_blank\" href=\"https:\/\/www.tiktok.com\/tag\/cancersucks?refer=embed\">#krebs ist schei\u00dfe<\/a> <\/p> <a target=\"_blank\" title=\"\u266c Originalton - Lisa Monk\" href=\"https:\/\/www.tiktok.com\/music\/original-sound-7343805388980734753?refer=embed\">\u266c Originalton \u2013 Lisa Monk<\/a> <\/section> <\/blockquote> <script async src=\"https:\/\/www.tiktok.com\/embed.js\"><\/script>\n<\/div><\/figure>\n\n\n\n<h2 class=\"wp-block-heading\" id=\"h-come-ha-scoperto-che-non-aveva-il-cancro\">Wie er herausfand, dass er keinen Krebs hatte<\/h2>\n\n\n\n<p>\u201eIch habe mit der Krankenschwester gesprochen und sie hat mich nur nach meinen Symptomen gefragt und hat w\u00e4hrend des Gespr\u00e4chs mit mir auf dem Computer gescrollt. Pl\u00f6tzlich h\u00f6rt sie auf zu reden, dreht sich zu mir um und schaut entsetzt drein, sagt mir, sie m\u00fcsse den Arzt rufen und rennt dann aus dem Zimmer. Er lie\u00df mich etwa 15 Minuten allein und der Arzt kam zur\u00fcck. Er erz\u00e4hlte mir viel medizinischen Fachjargon und sagte mir dann, dass ich keinen Krebs h\u00e4tte.<\/p>\n\n\n\n<p>\u201eIch war verwirrt, weil sie so taten, als w\u00e4re es etwas Schlimmes. Ich dachte, das bedeutete, dass die Chemotherapie wirkte. Der Arzt sagte mir dann, dass ich nie Krebs gehabt h\u00e4tte. Da begann ich zu erbrechen. Der Arzt gratulierte mir dann, was mich wirklich \u00e4rgerte. Ich war damals geschockt, aber jetzt denke ich, dass die angemessenste Antwort \u201eEs tut mir leid\u201c gewesen w\u00e4re.\u201c<\/p>\n\n\n\n<h2 class=\"wp-block-heading\" id=\"h-chemioterapia-anche-quando-l-esame-era-gia-stata-fatto\">Chemotherapie, auch wenn der Test bereits durchgef\u00fchrt wurde<\/h2>\n\n\n\n<p>\u201eAls ich nach Hause kam, habe ich die Terminaufzeichnung meines Arztes abgespielt, damit ich sie aufzeichnen konnte, falls ich irgendwelche Informationen verpasste, und mir wurde klar, an welchem Datum sie den Pathologiebericht [im Krankenhaus] erhalten hatten. Ich habe es mir angesehen und festgestellt, dass es einen Monat vor meinem Termin datiert war. Ich hatte w\u00e4hrend dieser Zeit eine Chemotherapie und sie h\u00e4tten es mir einen Monat fr\u00fcher sagen k\u00f6nnen, und ich h\u00e4tte die zweite Runde der Chemotherapie vermieden, wenn sie sich die M\u00fche gemacht h\u00e4tten, ihren Pathologiebericht zu lesen. \u201eSchlie\u00dflich stellten sie fest, dass meine Milz kurz vor dem Platzen stand, weshalb diese Masse zu sehen war. Es handelte sich lediglich um Blutgef\u00e4\u00dfaktivit\u00e4t und es gab keinen Krebs.\u201c<\/p>\n\n\n\n<h2 class=\"wp-block-heading\" id=\"h-i-danni-finanziari-alla-famiglia-di-lisa\">Der finanzielle Schaden f\u00fcr Lisas Familie<\/h2>\n\n\n\n<p>Seitdem ist ein Jahr vergangen, aber Lisa ist immer noch w\u00fctend dar\u00fcber, was sie und ihre Familie durchmachen mussten. \u201eFinanziell gesehen bezahlen wir immer noch die Arztrechnungen. Krebs ist teuer und ich konnte keine meiner Rechnungen stornieren. Sogar nur das emotionale Trauma. Es war eine sehr dunkle Zeit. Ich schrieb Abschiedsbriefe an Enkelkinder, die ich nie treffen w\u00fcrde, und an Hochzeiten, an denen ich nie teilnehmen w\u00fcrde. Ein Jahr nach dem, was mir passiert ist, bin ich w\u00fctend. Sie haben meine Gesundheit ruiniert. Ich trauere um meine Kinder, die in ihrem Leben so etwas durchmachen mussten und dachten, sie w\u00fcrden ihre Mutter verlieren.\u201c<\/p>\n\n\n\n<p><strong>LESEN SIE ANDERE WELT-NEWS<\/strong><\/p>\n\n\n<ul class=\"wp-block-latest-posts__list wp-block-latest-posts\"><li><a class=\"wp-block-latest-posts__post-title\" href=\"https:\/\/newsvirali.it\/de\/2026\/02\/12\/emma-amit-tote-teufelskrabbe\/\">Vloggerin Emma Amit stirbt nach dem Verzehr einer giftigen Teufelskrabbe<\/a><\/li>\n<li><a class=\"wp-block-latest-posts__post-title\" href=\"https:\/\/newsvirali.it\/de\/2026\/02\/05\/drei-schwestern-begingen-selbstmord-in-indien\/\">Eltern konfiszieren Handys wegen exzessiven Spielens: Drei Schwestern begehen Selbstmord<\/a><\/li>\n<li><a class=\"wp-block-latest-posts__post-title\" href=\"https:\/\/newsvirali.it\/de\/2026\/01\/30\/festnahme-in-einem-ferienresort-in-florida-wegen-obszoner-handlungen\/\">Schockierende Szenen in einem Ferienresort in Florida: Mann wegen exhibitionistischer Handlungen mit einem Staubsauger verhaftet<\/a><\/li>\n<li><a class=\"wp-block-latest-posts__post-title\" href=\"https:\/\/newsvirali.it\/de\/2026\/01\/28\/betrunkener-vater-erhangt-sohn-in-schockierendem-video\/\">Betrunkener Vater h\u00e4ngt Sohn aus dem Fenster: Schockierendes Video<\/a><\/li>\n<li><a class=\"wp-block-latest-posts__post-title\" href=\"https:\/\/newsvirali.it\/de\/2026\/01\/27\/schwangere-lehrerin-und-13-jahrige-schulerin\/\">Lehrerin gibt zu, von 13-j\u00e4hrigem Sch\u00fcler schwanger geworden zu sein<\/a><\/li>\n<\/ul><br \/>Folgen Sie uns auch auf Google News: <b><a href=\"https:\/\/news.google.com\/publications\/CAAqBwgKMNqJiwswjMfqAg?hl=it&gl=IT&ceid=IT:it\" target=\"_blank\">klicken Sie hier<\/a><\/b>","protected":false},"excerpt":{"rendered":"<p>Eine Mutter unterzog sich einer \u201eaggressiven\u201c Chemotherapie und verabschiedete sich auch von ihrer Familie, nachdem sie [\u2026]<\/p>","protected":false},"author":4,"featured_media":22421,"comment_status":"open","ping_status":"open","sticky":false,"template":"","format":"standard","meta":{"MSN_Categories":"Uncategorized","MSN_Publish_Option":false,"MSN_Is_Local_News":false,"MSN_Is_AIAC_Included":"Empty","MSN_Location":"[]","MSN_Add_Feature_Img_On_Top_Of_Post":false,"MSN_Has_Custom_Author":false,"MSN_Custom_Author":"","MSN_Has_Custom_Canonical_Url":false,"MSN_Custom_Canonical_Url":"","footnotes":""},"categories":[463,464,9],"tags":[],"class_list":["post-22398","post","type-post","status-publish","format-standard","has-post-thumbnail","hentry","category-_spagnolo","category-_tedesco","category-mondo"],"acf":[],"yoast_head":"<!-- This site is optimized with the Yoast SEO Premium plugin v26.7 (Yoast SEO v26.7) - https:\/\/yoast.com\/wordpress\/plugins\/seo\/ -->\n<title>Le diagnosticano cancro terminale, dice addio ai figli e fa chemio aggressiva: era sana<\/title>\n<meta name=\"description\" content=\"Una madre a cui avevano diagnosticato un cancro terminale ha dato l&#039;addio ai figli salvo poi scoprire che era sana: il racconto.\" \/>\n<meta name=\"robots\" content=\"index, follow, max-snippet:-1, max-image-preview:large, max-video-preview:-1\" \/>\n<link rel=\"canonical\" href=\"https:\/\/newsvirali.it\/de\/2024\/04\/10\/bei-ihr-wurde-krebs-im-endstadium-diagnostiziert-sie-verabschiedete-sich-von-ihren-kindern-unterzog-sich-einer-aggressiven-chemotherapie-und-war-gesund\/\" \/>\n<meta property=\"og:locale\" content=\"de_DE\" \/>\n<meta property=\"og:type\" content=\"article\" \/>\n<meta property=\"og:title\" content=\"Le diagnosticano cancro terminale, dice addio ai figli e fa chemio aggressiva: era sana\" \/>\n<meta property=\"og:description\" content=\"Una madre a cui avevano diagnosticato un cancro terminale ha dato l&#039;addio ai figli salvo poi scoprire che era sana: il racconto.\" \/>\n<meta property=\"og:url\" content=\"https:\/\/newsvirali.it\/de\/2024\/04\/10\/bei-ihr-wurde-krebs-im-endstadium-diagnostiziert-sie-verabschiedete-sich-von-ihren-kindern-unterzog-sich-einer-aggressiven-chemotherapie-und-war-gesund\/\" \/>\n<meta property=\"og:site_name\" content=\"News virali\" \/>\n<meta property=\"article:published_time\" content=\"2024-04-10T10:47:20+00:00\" \/>\n<meta property=\"article:modified_time\" content=\"2024-04-10T10:47:21+00:00\" \/>\n<meta property=\"og:image\" content=\"https:\/\/newsvirali.it\/wp-content\/uploads\/2024\/04\/Le-diagnosticano-cancro-terminale-dice-addio-alla-famiglia-e-fa-chemio-aggressiva-era-sana-23.jpg\" \/>\n\t<meta property=\"og:image:width\" content=\"2560\" \/>\n\t<meta property=\"og:image:height\" content=\"1440\" \/>\n\t<meta property=\"og:image:type\" content=\"image\/jpeg\" \/>\n<meta name=\"author\" content=\"Cecco Prestina\" \/>\n<meta name=\"twitter:card\" content=\"summary_large_image\" \/>\n<meta name=\"twitter:label1\" content=\"Verfasst von\" \/>\n\t<meta name=\"twitter:data1\" content=\"Cecco Prestina\" \/>\n\t<meta name=\"twitter:label2\" content=\"Gesch\u00e4tzte Lesezeit\" \/>\n\t<meta name=\"twitter:data2\" content=\"5\u00a0Minuten\" \/>\n<script type=\"application\/ld+json\" class=\"yoast-schema-graph\">{\"@context\":\"https:\/\/schema.org\",\"@graph\":[{\"@type\":\"NewsArticle\",\"@id\":\"https:\/\/newsvirali.it\/de\/2024\/04\/10\/bei-ihr-wurde-krebs-im-endstadium-diagnostiziert-sie-verabschiedete-sich-von-ihren-kindern-unterzog-sich-einer-aggressiven-chemotherapie-und-war-gesund\/#article\",\"isPartOf\":{\"@id\":\"https:\/\/newsvirali.it\/de\/2024\/04\/10\/bei-ihr-wurde-krebs-im-endstadium-diagnostiziert-sie-verabschiedete-sich-von-ihren-kindern-unterzog-sich-einer-aggressiven-chemotherapie-und-war-gesund\/\"},\"author\":{\"name\":\"Cecco Prestina\",\"@id\":\"https:\/\/newsvirali.it\/fr\/#\/schema\/person\/4c835f7b49c9adb58b33901ee816565d\"},\"headline\":\"Le diagnosticano cancro terminale, dice addio ai figli e fa chemio aggressiva: era sana\",\"datePublished\":\"2024-04-10T10:47:20+00:00\",\"dateModified\":\"2024-04-10T10:47:21+00:00\",\"mainEntityOfPage\":{\"@id\":\"https:\/\/newsvirali.it\/de\/2024\/04\/10\/bei-ihr-wurde-krebs-im-endstadium-diagnostiziert-sie-verabschiedete-sich-von-ihren-kindern-unterzog-sich-einer-aggressiven-chemotherapie-und-war-gesund\/\"},\"wordCount\":939,\"commentCount\":0,\"image\":{\"@id\":\"https:\/\/newsvirali.it\/de\/2024\/04\/10\/bei-ihr-wurde-krebs-im-endstadium-diagnostiziert-sie-verabschiedete-sich-von-ihren-kindern-unterzog-sich-einer-aggressiven-chemotherapie-und-war-gesund\/#primaryimage\"},\"thumbnailUrl\":\"https:\/\/newsvirali.it\/wp-content\/uploads\/2024\/04\/Le-diagnosticano-cancro-terminale-dice-addio-alla-famiglia-e-fa-chemio-aggressiva-era-sana-23.jpg\",\"articleSection\":[\"_spagnolo\",\"_tedesco\",\"Mondo\"],\"inLanguage\":\"de\",\"potentialAction\":[{\"@type\":\"CommentAction\",\"name\":\"Comment\",\"target\":[\"https:\/\/newsvirali.it\/de\/2024\/04\/10\/bei-ihr-wurde-krebs-im-endstadium-diagnostiziert-sie-verabschiedete-sich-von-ihren-kindern-unterzog-sich-einer-aggressiven-chemotherapie-und-war-gesund\/#respond\"]}],\"copyrightYear\":\"2024\",\"copyrightHolder\":{\"@id\":\"https:\/\/newsvirali.it\/de\/#organization\"}},{\"@type\":\"WebPage\",\"@id\":\"https:\/\/newsvirali.it\/de\/2024\/04\/10\/bei-ihr-wurde-krebs-im-endstadium-diagnostiziert-sie-verabschiedete-sich-von-ihren-kindern-unterzog-sich-einer-aggressiven-chemotherapie-und-war-gesund\/\",\"url\":\"https:\/\/newsvirali.it\/de\/2024\/04\/10\/bei-ihr-wurde-krebs-im-endstadium-diagnostiziert-sie-verabschiedete-sich-von-ihren-kindern-unterzog-sich-einer-aggressiven-chemotherapie-und-war-gesund\/\",\"name\":\"Le diagnosticano cancro terminale, dice addio ai figli e fa chemio aggressiva: era sana\",\"isPartOf\":{\"@id\":\"https:\/\/newsvirali.it\/fr\/#website\"},\"primaryImageOfPage\":{\"@id\":\"https:\/\/newsvirali.it\/de\/2024\/04\/10\/bei-ihr-wurde-krebs-im-endstadium-diagnostiziert-sie-verabschiedete-sich-von-ihren-kindern-unterzog-sich-einer-aggressiven-chemotherapie-und-war-gesund\/#primaryimage\"},\"image\":{\"@id\":\"https:\/\/newsvirali.it\/de\/2024\/04\/10\/bei-ihr-wurde-krebs-im-endstadium-diagnostiziert-sie-verabschiedete-sich-von-ihren-kindern-unterzog-sich-einer-aggressiven-chemotherapie-und-war-gesund\/#primaryimage\"},\"thumbnailUrl\":\"https:\/\/newsvirali.it\/wp-content\/uploads\/2024\/04\/Le-diagnosticano-cancro-terminale-dice-addio-alla-famiglia-e-fa-chemio-aggressiva-era-sana-23.jpg\",\"datePublished\":\"2024-04-10T10:47:20+00:00\",\"dateModified\":\"2024-04-10T10:47:21+00:00\",\"author\":{\"@id\":\"https:\/\/newsvirali.it\/fr\/#\/schema\/person\/4c835f7b49c9adb58b33901ee816565d\"},\"description\":\"Una madre a cui avevano diagnosticato un cancro terminale ha dato l'addio ai figli salvo poi scoprire che era sana: il racconto.\",\"breadcrumb\":{\"@id\":\"https:\/\/newsvirali.it\/de\/2024\/04\/10\/bei-ihr-wurde-krebs-im-endstadium-diagnostiziert-sie-verabschiedete-sich-von-ihren-kindern-unterzog-sich-einer-aggressiven-chemotherapie-und-war-gesund\/#breadcrumb\"},\"inLanguage\":\"de\",\"potentialAction\":[{\"@type\":\"ReadAction\",\"target\":[\"https:\/\/newsvirali.it\/de\/2024\/04\/10\/bei-ihr-wurde-krebs-im-endstadium-diagnostiziert-sie-verabschiedete-sich-von-ihren-kindern-unterzog-sich-einer-aggressiven-chemotherapie-und-war-gesund\/\"]}]},{\"@type\":\"ImageObject\",\"inLanguage\":\"de\",\"@id\":\"https:\/\/newsvirali.it\/de\/2024\/04\/10\/bei-ihr-wurde-krebs-im-endstadium-diagnostiziert-sie-verabschiedete-sich-von-ihren-kindern-unterzog-sich-einer-aggressiven-chemotherapie-und-war-gesund\/#primaryimage\",\"url\":\"https:\/\/newsvirali.it\/wp-content\/uploads\/2024\/04\/Le-diagnosticano-cancro-terminale-dice-addio-alla-famiglia-e-fa-chemio-aggressiva-era-sana-23.jpg\",\"contentUrl\":\"https:\/\/newsvirali.it\/wp-content\/uploads\/2024\/04\/Le-diagnosticano-cancro-terminale-dice-addio-alla-famiglia-e-fa-chemio-aggressiva-era-sana-23.jpg\",\"width\":2560,\"height\":1440,\"caption\":\"Le diagnosticano cancro terminale, dice addio alla famiglia e fa chemio aggressiva era sana\"},{\"@type\":\"BreadcrumbList\",\"@id\":\"https:\/\/newsvirali.it\/de\/2024\/04\/10\/bei-ihr-wurde-krebs-im-endstadium-diagnostiziert-sie-verabschiedete-sich-von-ihren-kindern-unterzog-sich-einer-aggressiven-chemotherapie-und-war-gesund\/#breadcrumb\",\"itemListElement\":[{\"@type\":\"ListItem\",\"position\":1,\"name\":\"Home\",\"item\":\"https:\/\/newsvirali.it\/fr\/\"},{\"@type\":\"ListItem\",\"position\":2,\"name\":\"Le diagnosticano cancro terminale, dice addio ai figli e fa chemio aggressiva: era sana\"}]},{\"@type\":\"WebSite\",\"@id\":\"https:\/\/newsvirali.it\/fr\/#website\",\"url\":\"https:\/\/newsvirali.it\/fr\/\",\"name\":\"Bake News\",\"description\":\"\",\"potentialAction\":[{\"@type\":\"SearchAction\",\"target\":{\"@type\":\"EntryPoint\",\"urlTemplate\":\"https:\/\/newsvirali.it\/fr\/?s={search_term_string}\"},\"query-input\":{\"@type\":\"PropertyValueSpecification\",\"valueRequired\":true,\"valueName\":\"search_term_string\"}}],\"inLanguage\":\"de\"},{\"@type\":\"Person\",\"@id\":\"https:\/\/newsvirali.it\/fr\/#\/schema\/person\/4c835f7b49c9adb58b33901ee816565d\",\"name\":\"Cecco Prestina\",\"description\":\"Perch\u00e9 nasconderlo? Cecco Prestina \u00e8 un alias, ma dietro di lui non si cela un algoritmo di intelligenza artificiale. C'\u00e8 un giornalista che ha oltre vent'anni di esperienza tutta sul web. Da quando il primo modem ha iniziato a gracchiare sul territorio italiano con Video on Line, Cecco ha capito che da quel doppino sarebbe passato il futuro. Ha dedidicato tutta la sua carriera a capire Internet e poi i social e ora l'Ai. Una carriera in costante aggiornamento. E questa esperienza la mette in campo ogni giorno. Per\u00f2 ogni tanto Cecco ha voglia anche di non scrivere \\\"pipponi\\\" sulla politica, sull'economia. Ha voglia anche di scrivere qualcosa di divertente. Le notizie che trovate su Bake News sono le stesse che Cecco porta all'aperitivo con gli amici. Quelle di cui discutere per farsi due risate. Notizie, vere (qualche volta si fa fatica a crederlo), strane, divertenti, ma anche serie. Bake News \u00e8 nato per questo, dare al pubblico notizie croccanti e calde come il pane che esce dal forno. E Cecco Prestina \u00e8 nato con Bake News.\",\"url\":\"https:\/\/newsvirali.it\/de\/autore\/cecco-prestina\/\"}]}<\/script>\n<!-- \/ Yoast SEO Premium plugin. -->","yoast_head_json":{"title":"Le diagnosticano cancro terminale, dice addio ai figli e fa chemio aggressiva: era sana","description":"Una madre a cui avevano diagnosticato un cancro terminale ha dato l'addio ai figli salvo poi scoprire che era sana: il racconto.","robots":{"index":"index","follow":"follow","max-snippet":"max-snippet:-1","max-image-preview":"max-image-preview:large","max-video-preview":"max-video-preview:-1"},"canonical":"https:\/\/newsvirali.it\/de\/2024\/04\/10\/bei-ihr-wurde-krebs-im-endstadium-diagnostiziert-sie-verabschiedete-sich-von-ihren-kindern-unterzog-sich-einer-aggressiven-chemotherapie-und-war-gesund\/","og_locale":"de_DE","og_type":"article","og_title":"Le diagnosticano cancro terminale, dice addio ai figli e fa chemio aggressiva: era sana","og_description":"Una madre a cui avevano diagnosticato un cancro terminale ha dato l'addio ai figli salvo poi scoprire che era sana: il racconto.","og_url":"https:\/\/newsvirali.it\/de\/2024\/04\/10\/bei-ihr-wurde-krebs-im-endstadium-diagnostiziert-sie-verabschiedete-sich-von-ihren-kindern-unterzog-sich-einer-aggressiven-chemotherapie-und-war-gesund\/","og_site_name":"News virali","article_published_time":"2024-04-10T10:47:20+00:00","article_modified_time":"2024-04-10T10:47:21+00:00","og_image":[{"width":2560,"height":1440,"url":"https:\/\/newsvirali.it\/wp-content\/uploads\/2024\/04\/Le-diagnosticano-cancro-terminale-dice-addio-alla-famiglia-e-fa-chemio-aggressiva-era-sana-23.jpg","type":"image\/jpeg"}],"author":"Cecco Prestina","twitter_card":"summary_large_image","twitter_misc":{"Verfasst von":"Cecco Prestina","Gesch\u00e4tzte Lesezeit":"5\u00a0Minuten"},"schema":{"@context":"https:\/\/schema.org","@graph":[{"@type":"NewsArticle","@id":"https:\/\/newsvirali.it\/de\/2024\/04\/10\/bei-ihr-wurde-krebs-im-endstadium-diagnostiziert-sie-verabschiedete-sich-von-ihren-kindern-unterzog-sich-einer-aggressiven-chemotherapie-und-war-gesund\/#article","isPartOf":{"@id":"https:\/\/newsvirali.it\/de\/2024\/04\/10\/bei-ihr-wurde-krebs-im-endstadium-diagnostiziert-sie-verabschiedete-sich-von-ihren-kindern-unterzog-sich-einer-aggressiven-chemotherapie-und-war-gesund\/"},"author":{"name":"Cecco Prestina","@id":"https:\/\/newsvirali.it\/fr\/#\/schema\/person\/4c835f7b49c9adb58b33901ee816565d"},"headline":"Le diagnosticano cancro terminale, dice addio ai figli e fa chemio aggressiva: era sana","datePublished":"2024-04-10T10:47:20+00:00","dateModified":"2024-04-10T10:47:21+00:00","mainEntityOfPage":{"@id":"https:\/\/newsvirali.it\/de\/2024\/04\/10\/bei-ihr-wurde-krebs-im-endstadium-diagnostiziert-sie-verabschiedete-sich-von-ihren-kindern-unterzog-sich-einer-aggressiven-chemotherapie-und-war-gesund\/"},"wordCount":939,"commentCount":0,"image":{"@id":"https:\/\/newsvirali.it\/de\/2024\/04\/10\/bei-ihr-wurde-krebs-im-endstadium-diagnostiziert-sie-verabschiedete-sich-von-ihren-kindern-unterzog-sich-einer-aggressiven-chemotherapie-und-war-gesund\/#primaryimage"},"thumbnailUrl":"https:\/\/newsvirali.it\/wp-content\/uploads\/2024\/04\/Le-diagnosticano-cancro-terminale-dice-addio-alla-famiglia-e-fa-chemio-aggressiva-era-sana-23.jpg","articleSection":["_spagnolo","_tedesco","Mondo"],"inLanguage":"de","potentialAction":[{"@type":"CommentAction","name":"Comment","target":["https:\/\/newsvirali.it\/de\/2024\/04\/10\/bei-ihr-wurde-krebs-im-endstadium-diagnostiziert-sie-verabschiedete-sich-von-ihren-kindern-unterzog-sich-einer-aggressiven-chemotherapie-und-war-gesund\/#respond"]}],"copyrightYear":"2024","copyrightHolder":{"@id":"https:\/\/newsvirali.it\/de\/#organization"}},{"@type":"WebPage","@id":"https:\/\/newsvirali.it\/de\/2024\/04\/10\/bei-ihr-wurde-krebs-im-endstadium-diagnostiziert-sie-verabschiedete-sich-von-ihren-kindern-unterzog-sich-einer-aggressiven-chemotherapie-und-war-gesund\/","url":"https:\/\/newsvirali.it\/de\/2024\/04\/10\/bei-ihr-wurde-krebs-im-endstadium-diagnostiziert-sie-verabschiedete-sich-von-ihren-kindern-unterzog-sich-einer-aggressiven-chemotherapie-und-war-gesund\/","name":"Le diagnosticano cancro terminale, dice addio ai figli e fa chemio aggressiva: era sana","isPartOf":{"@id":"https:\/\/newsvirali.it\/fr\/#website"},"primaryImageOfPage":{"@id":"https:\/\/newsvirali.it\/de\/2024\/04\/10\/bei-ihr-wurde-krebs-im-endstadium-diagnostiziert-sie-verabschiedete-sich-von-ihren-kindern-unterzog-sich-einer-aggressiven-chemotherapie-und-war-gesund\/#primaryimage"},"image":{"@id":"https:\/\/newsvirali.it\/de\/2024\/04\/10\/bei-ihr-wurde-krebs-im-endstadium-diagnostiziert-sie-verabschiedete-sich-von-ihren-kindern-unterzog-sich-einer-aggressiven-chemotherapie-und-war-gesund\/#primaryimage"},"thumbnailUrl":"https:\/\/newsvirali.it\/wp-content\/uploads\/2024\/04\/Le-diagnosticano-cancro-terminale-dice-addio-alla-famiglia-e-fa-chemio-aggressiva-era-sana-23.jpg","datePublished":"2024-04-10T10:47:20+00:00","dateModified":"2024-04-10T10:47:21+00:00","author":{"@id":"https:\/\/newsvirali.it\/fr\/#\/schema\/person\/4c835f7b49c9adb58b33901ee816565d"},"description":"Una madre a cui avevano diagnosticato un cancro terminale ha dato l'addio ai figli salvo poi scoprire che era sana: il racconto.","breadcrumb":{"@id":"https:\/\/newsvirali.it\/de\/2024\/04\/10\/bei-ihr-wurde-krebs-im-endstadium-diagnostiziert-sie-verabschiedete-sich-von-ihren-kindern-unterzog-sich-einer-aggressiven-chemotherapie-und-war-gesund\/#breadcrumb"},"inLanguage":"de","potentialAction":[{"@type":"ReadAction","target":["https:\/\/newsvirali.it\/de\/2024\/04\/10\/bei-ihr-wurde-krebs-im-endstadium-diagnostiziert-sie-verabschiedete-sich-von-ihren-kindern-unterzog-sich-einer-aggressiven-chemotherapie-und-war-gesund\/"]}]},{"@type":"ImageObject","inLanguage":"de","@id":"https:\/\/newsvirali.it\/de\/2024\/04\/10\/bei-ihr-wurde-krebs-im-endstadium-diagnostiziert-sie-verabschiedete-sich-von-ihren-kindern-unterzog-sich-einer-aggressiven-chemotherapie-und-war-gesund\/#primaryimage","url":"https:\/\/newsvirali.it\/wp-content\/uploads\/2024\/04\/Le-diagnosticano-cancro-terminale-dice-addio-alla-famiglia-e-fa-chemio-aggressiva-era-sana-23.jpg","contentUrl":"https:\/\/newsvirali.it\/wp-content\/uploads\/2024\/04\/Le-diagnosticano-cancro-terminale-dice-addio-alla-famiglia-e-fa-chemio-aggressiva-era-sana-23.jpg","width":2560,"height":1440,"caption":"Le diagnosticano cancro terminale, dice addio alla famiglia e fa chemio aggressiva era sana"},{"@type":"BreadcrumbList","@id":"https:\/\/newsvirali.it\/de\/2024\/04\/10\/bei-ihr-wurde-krebs-im-endstadium-diagnostiziert-sie-verabschiedete-sich-von-ihren-kindern-unterzog-sich-einer-aggressiven-chemotherapie-und-war-gesund\/#breadcrumb","itemListElement":[{"@type":"ListItem","position":1,"name":"Home","item":"https:\/\/newsvirali.it\/fr\/"},{"@type":"ListItem","position":2,"name":"Le diagnosticano cancro terminale, dice addio ai figli e fa chemio aggressiva: era sana"}]},{"@type":"WebSite","@id":"https:\/\/newsvirali.it\/fr\/#website","url":"https:\/\/newsvirali.it\/fr\/","name":"Bake News","description":"","potentialAction":[{"@type":"SearchAction","target":{"@type":"EntryPoint","urlTemplate":"https:\/\/newsvirali.it\/fr\/?s={search_term_string}"},"query-input":{"@type":"PropertyValueSpecification","valueRequired":true,"valueName":"search_term_string"}}],"inLanguage":"de"},{"@type":"Person","@id":"https:\/\/newsvirali.it\/fr\/#\/schema\/person\/4c835f7b49c9adb58b33901ee816565d","name":"Cecco Prestina","description":"Perch\u00e9 nasconderlo? Cecco Prestina \u00e8 un alias, ma dietro di lui non si cela un algoritmo di intelligenza artificiale. C'\u00e8 un giornalista che ha oltre vent'anni di esperienza tutta sul web. Da quando il primo modem ha iniziato a gracchiare sul territorio italiano con Video on Line, Cecco ha capito che da quel doppino sarebbe passato il futuro. Ha dedidicato tutta la sua carriera a capire Internet e poi i social e ora l'Ai. Una carriera in costante aggiornamento. E questa esperienza la mette in campo ogni giorno. Per\u00f2 ogni tanto Cecco ha voglia anche di non scrivere \"pipponi\" sulla politica, sull'economia. Ha voglia anche di scrivere qualcosa di divertente. Le notizie che trovate su Bake News sono le stesse che Cecco porta all'aperitivo con gli amici. Quelle di cui discutere per farsi due risate. Notizie, vere (qualche volta si fa fatica a crederlo), strane, divertenti, ma anche serie. Bake News \u00e8 nato per questo, dare al pubblico notizie croccanti e calde come il pane che esce dal forno. E Cecco Prestina \u00e8 nato con Bake News.","url":"https:\/\/newsvirali.it\/de\/autore\/cecco-prestina\/"}]}},"_links":{"self":[{"href":"https:\/\/newsvirali.it\/de\/wp-json\/wp\/v2\/posts\/22398","targetHints":{"allow":["GET"]}}],"collection":[{"href":"https:\/\/newsvirali.it\/de\/wp-json\/wp\/v2\/posts"}],"about":[{"href":"https:\/\/newsvirali.it\/de\/wp-json\/wp\/v2\/types\/post"}],"author":[{"embeddable":true,"href":"https:\/\/newsvirali.it\/de\/wp-json\/wp\/v2\/users\/4"}],"replies":[{"embeddable":true,"href":"https:\/\/newsvirali.it\/de\/wp-json\/wp\/v2\/comments?post=22398"}],"version-history":[{"count":3,"href":"https:\/\/newsvirali.it\/de\/wp-json\/wp\/v2\/posts\/22398\/revisions"}],"predecessor-version":[{"id":22424,"href":"https:\/\/newsvirali.it\/de\/wp-json\/wp\/v2\/posts\/22398\/revisions\/22424"}],"wp:featuredmedia":[{"embeddable":true,"href":"https:\/\/newsvirali.it\/de\/wp-json\/wp\/v2\/media\/22421"}],"wp:attachment":[{"href":"https:\/\/newsvirali.it\/de\/wp-json\/wp\/v2\/media?parent=22398"}],"wp:term":[{"taxonomy":"category","embeddable":true,"href":"https:\/\/newsvirali.it\/de\/wp-json\/wp\/v2\/categories?post=22398"},{"taxonomy":"post_tag","embeddable":true,"href":"https:\/\/newsvirali.it\/de\/wp-json\/wp\/v2\/tags?post=22398"}],"curies":[{"name":"wp","href":"https:\/\/api.w.org\/{rel}","templated":true}]}}