{"id":21922,"date":"2024-04-08T14:24:22","date_gmt":"2024-04-08T12:24:22","guid":{"rendered":"https:\/\/www.bakenews.it\/?p=21922"},"modified":"2024-04-08T14:27:11","modified_gmt":"2024-04-08T12:27:11","slug":"metro-nega-accesso-a-uomo-senza-braccia-dimentica-pass-e-non-puo-dimostrare-disabilita","status":"publish","type":"post","link":"https:\/\/newsvirali.it\/de\/2024\/04\/08\/u-bahn-verweigert-armlosem-mann-den-zutritt-vergisst-pass-und-kann-behinderung-nicht-nachweisen\/","title":{"rendered":"Metro verweigert armlosem Mann Zutritt: Er vergisst Pass und kann Behinderung nicht nachweisen"},"content":{"rendered":"<p>Die Nachricht von einem armlosen Mann, der nicht kostenlos mit der U-Bahn fahren konnte, weil er keine Dauerkarte besa\u00df, die seine Behinderung bescheinigte, sorgt in China f\u00fcr Aufsehen. Das Bahnhofspersonal verlangte von einem armlosen Mann den Nachweis, dass er behindert sei, um kostenlos reisen zu k\u00f6nnen. Li Fengqiang ver\u00f6ffentlichte auf seinem Douyin-Konto ein Video \u00fcber sein Erlebnis beim Betreten einer U-Bahn-Station in Wuhan in der zentralchinesischen Provinz Hubei und l\u00f6ste damit eine Welle emp\u00f6rter Kommentare gegen\u00fcber der Eisenbahngesellschaft aus.<\/p>\n\n\n\n<p><strong>LESEN SIE AUCH<\/strong><\/p>\n\n\n<ul class=\"wp-block-latest-posts__list wp-block-latest-posts\"><li><a class=\"wp-block-latest-posts__post-title\" href=\"https:\/\/newsvirali.it\/de\/2026\/02\/12\/emma-amit-tote-teufelskrabbe\/\">Vloggerin Emma Amit stirbt nach dem Verzehr einer giftigen Teufelskrabbe<\/a><\/li>\n<li><a class=\"wp-block-latest-posts__post-title\" href=\"https:\/\/newsvirali.it\/de\/2026\/02\/11\/kostumstrafe-fur-die-olympischen-spiele-2026-eroffnet\/\">Mailand-Cortina 2026: Kost\u00fcmwettbewerb er\u00f6ffnet: L\u00e4uferin entgeht Strafe<\/a><\/li>\n<li><a class=\"wp-block-latest-posts__post-title\" href=\"https:\/\/newsvirali.it\/de\/2026\/02\/09\/blackout-mit-dem-fliegenden-schwein-in-china\/\">Fliegende Schweine verursachen Stromausfall: Lesen Sie die unglaubliche Geschichte (und es liegt nicht an einer KI)<\/a><\/li>\n<li><a class=\"wp-block-latest-posts__post-title\" href=\"https:\/\/newsvirali.it\/de\/2026\/02\/05\/drei-schwestern-begingen-selbstmord-in-indien\/\">Eltern konfiszieren Handys wegen exzessiven Spielens: Drei Schwestern begehen Selbstmord<\/a><\/li>\n<li><a class=\"wp-block-latest-posts__post-title\" href=\"https:\/\/newsvirali.it\/de\/2026\/02\/04\/spacex-xai-strategie-musk-weltraumrechenzentren\/\">Es ist keine Fusion: Musks wahrer Plan hinter SpaceX und xAI<\/a><\/li>\n<\/ul>\n\n\n<h2 class=\"wp-block-heading\" id=\"h-non-e-stato-in-grado-di-dimostrare-la-disabilita\">Eine Behinderung konnte er nicht nachweisen<\/h2>\n\n\n\n<p>In dem Video ist zu sehen, wie ein Mitarbeiter ihn auffordert, seinen von der Regierung ausgestellten Behindertenausweis vorzuzeigen, um kostenlos mit \u00f6ffentlichen Verkehrsmitteln fahren zu k\u00f6nnen. Li Fengqiang hatte seinen Ausweis vergessen und behauptete, dass er keinen Nachweis vorlegen m\u00fcsse, doch das Personal habe sich stattdessen sehr streng an die Regeln gehalten. Es muss gesagt werden, dass der Schaffner angeboten hat, die Fahrkarte an Lis Stelle zu bezahlen, aber der Mann lehnte dies aus Prinzip ab und bezahlte die Fahrkarte selbst.<\/p>\n\n\n\n<h2 class=\"wp-block-heading\" id=\"h-il-video-per-chiedere-regole-piu-umane\">Das Video fordert \u201ehumanere Regeln\u201c<\/h2>\n\n\n\n<p>In den n\u00e4chsten 24 Stunden entschuldigte sich Wuhan Metro nach einer Welle von Kommentaren zu dem Video, sagte, der Mitarbeiter sei r\u00fccksichtslos gewesen und versprach, das Recht behinderter Menschen auf barrierefreies Reisen in Zukunft zu sch\u00fctzen. Kommentatoren verteidigten den Verantwortlichen teilweise damit, dass der Fehler bei den strengen Regeln des Transportunternehmens und nicht beim Personal liege. \u201eSowohl das Personal als auch der armlose Mann wurden Opfer feindseliger Regeln\u201c, sagte ein Weibo-Browser. Li sagte, er habe das Video nicht gepostet, um dem Personal die Schuld zu geben, sondern um eine \u201ehumanere\u201c Umgebung f\u00fcr behinderte Menschen zu fordern.<\/p>\n\n\n\n<figure class=\"wp-block-embed is-type-video is-provider-youtube wp-block-embed-youtube wp-embed-aspect-16-9 wp-has-aspect-ratio\"><div class=\"wp-block-embed__wrapper\">\n<iframe loading=\"lazy\" title=\"\u65e0\u81c2\u7537\u5b50\u514d\u8d39\u4e58\u5730\u94c1\u88ab\u8981\u6c42\u51fa\u793a\u6b8b\u75be\u8bc1 \u5730\u94c1:\u89c4\u5b9a\u5fc5\u987b\u51fa\u793a\u8bc1\u4ef6\u6838\" width=\"500\" height=\"281\" src=\"https:\/\/www.youtube.com\/embed\/qHYqr-MANWs?feature=oembed\" frameborder=\"0\" allow=\"accelerometer; autoplay; clipboard-write; encrypted-media; gyroscope; picture-in-picture; web-share\" referrerpolicy=\"strict-origin-when-cross-origin\" allowfullscreen><\/iframe>\n<\/div><\/figure>\n\n\n\n<p>\u201eVielen Menschen mit Behinderungen f\u00e4llt es oft schwer, den Mut zu finden, ihr Zuhause zu verlassen. Eine feindselige Regel wie diese k\u00f6nnte sie leicht davon abhalten, unterwegs zu sein\u201c, sagte er. Li, ein behinderter Schwimmsportler und Inhaber eines Schwimmbadunternehmens, sagte, dass 70% der in seinem Unternehmen besch\u00e4ftigten Mitarbeiter behindert seien und er wisse, mit welchen Schwierigkeiten sie jeden Tag auf Reisen konfrontiert seien. Laut einem Bericht, der 2017 gemeinsam von der China Federation of Persons with Disabilities und der China Consumer Association erstellt wurde, gibt es in China weniger als 40,6%-barrierefreie Einrichtungen. Bestehende Strukturen sind zudem nicht wartungsbed\u00fcrftig.<\/p>\n\n\n\n<h2 class=\"wp-block-heading\" id=\"h-le-regole-in-cina-sui-disabili\">Die Regeln in China f\u00fcr behinderte Menschen<\/h2>\n\n\n\n<p>Nach Angaben der Regierung gibt es in China mehr als 85 Millionen Menschen mit Behinderungen. Sch\u00e4tzungen zufolge wird die Zahl bis 2050 auf 250 Millionen steigen. Das Land hat im September 2023 das Gesetz zur Schaffung einer barrierefreien Umwelt offiziell umgesetzt und verspricht, eine integrativere Umwelt zu schaffen. Das Gesetz legt Anforderungen f\u00fcr den Bau barrierefreier Einrichtungen und die Nutzung barrierefreier Informationsb\u00f6rsen sowie sozialer Dienste fest.<\/p>\n\n\n\n<p><strong>MEISTGELESENE ARTIKEL<\/strong><\/p>\n\n\n<p>[koko_analytics_most_viewed_posts number=5 days=8 post_type=\u201dpost\u201d show_date=\u201dfalse\u201d]<\/p>\n<br \/>Folgen Sie uns auch auf Google News: <b><a href=\"https:\/\/news.google.com\/publications\/CAAqBwgKMNqJiwswjMfqAg?hl=it&gl=IT&ceid=IT:it\" target=\"_blank\">klicken Sie hier<\/a><\/b>","protected":false},"excerpt":{"rendered":"<p>Die Nachricht von einem armlosen Mann, der nicht kostenlos mit der U-Bahn fahren konnte, sorgt in China f\u00fcr Aufsehen [...]<\/p>","protected":false},"author":4,"featured_media":21934,"comment_status":"open","ping_status":"open","sticky":false,"template":"","format":"standard","meta":{"MSN_Categories":"Uncategorized","MSN_Publish_Option":false,"MSN_Is_Local_News":false,"MSN_Is_AIAC_Included":"Empty","MSN_Location":"[]","MSN_Add_Feature_Img_On_Top_Of_Post":false,"MSN_Has_Custom_Author":false,"MSN_Custom_Author":"","MSN_Has_Custom_Canonical_Url":false,"MSN_Custom_Canonical_Url":"","footnotes":""},"categories":[463,464,9],"tags":[],"class_list":["post-21922","post","type-post","status-publish","format-standard","has-post-thumbnail","hentry","category-_spagnolo","category-_tedesco","category-mondo"],"acf":[],"yoast_head":"<!-- This site is optimized with the Yoast SEO Premium plugin v26.7 (Yoast SEO v26.7) - https:\/\/yoast.com\/wordpress\/plugins\/seo\/ -->\n<title>Metro nega accesso a uomo senza braccia: dimentica pass e non pu\u00f2 dimostrare disabilit\u00e0<\/title>\n<meta name=\"description\" content=\"Fa scalpore la notizia di un uomo senza braccia che non ha potuto viaggiare in metro gratis perch\u00e9 sprovviso dell&#039;abbonamento disabili.\" \/>\n<meta name=\"robots\" content=\"index, follow, max-snippet:-1, max-image-preview:large, max-video-preview:-1\" \/>\n<link rel=\"canonical\" href=\"https:\/\/newsvirali.it\/de\/2024\/04\/08\/metro-niega-acceso-a-hombre-sin-brazos-olvida-pase-y-no-puede-acreditar-discapacidad\/\" \/>\n<meta property=\"og:locale\" content=\"de_DE\" \/>\n<meta property=\"og:type\" content=\"article\" \/>\n<meta property=\"og:title\" content=\"Metro nega accesso a uomo senza braccia: dimentica pass e non pu\u00f2 dimostrare disabilit\u00e0\" \/>\n<meta property=\"og:description\" content=\"Fa scalpore la notizia di un uomo senza braccia che non ha potuto viaggiare in metro gratis perch\u00e9 sprovviso dell&#039;abbonamento disabili.\" \/>\n<meta property=\"og:url\" content=\"https:\/\/newsvirali.it\/de\/2024\/04\/08\/metro-niega-acceso-a-hombre-sin-brazos-olvida-pase-y-no-puede-acreditar-discapacidad\/\" \/>\n<meta property=\"og:site_name\" content=\"News virali\" \/>\n<meta property=\"article:published_time\" content=\"2024-04-08T12:24:22+00:00\" \/>\n<meta property=\"article:modified_time\" content=\"2024-04-08T12:27:11+00:00\" \/>\n<meta property=\"og:image\" content=\"https:\/\/newsvirali.it\/wp-content\/uploads\/2024\/04\/Metro-nega-accesso-a-uomo-senza-braccia-dimentica-pass-e-non-puo-dimostrare-disabilita-12.jpg\" \/>\n\t<meta property=\"og:image:width\" content=\"600\" \/>\n\t<meta property=\"og:image:height\" content=\"337\" \/>\n\t<meta property=\"og:image:type\" content=\"image\/jpeg\" \/>\n<meta name=\"author\" content=\"Cecco Prestina\" \/>\n<meta name=\"twitter:card\" content=\"summary_large_image\" \/>\n<meta name=\"twitter:label1\" content=\"Verfasst von\" \/>\n\t<meta name=\"twitter:data1\" content=\"Cecco Prestina\" \/>\n\t<meta name=\"twitter:label2\" content=\"Gesch\u00e4tzte Lesezeit\" \/>\n\t<meta name=\"twitter:data2\" content=\"3\u00a0Minuten\" \/>\n<script type=\"application\/ld+json\" class=\"yoast-schema-graph\">{\"@context\":\"https:\/\/schema.org\",\"@graph\":[{\"@type\":\"NewsArticle\",\"@id\":\"https:\/\/newsvirali.it\/es\/2024\/04\/08\/metro-niega-acceso-a-hombre-sin-brazos-olvida-pase-y-no-puede-acreditar-discapacidad\/#article\",\"isPartOf\":{\"@id\":\"https:\/\/newsvirali.it\/es\/2024\/04\/08\/metro-niega-acceso-a-hombre-sin-brazos-olvida-pase-y-no-puede-acreditar-discapacidad\/\"},\"author\":{\"name\":\"Cecco Prestina\",\"@id\":\"https:\/\/newsvirali.it\/fr\/#\/schema\/person\/4c835f7b49c9adb58b33901ee816565d\"},\"headline\":\"Metro nega accesso a uomo senza braccia: dimentica pass e non pu\u00f2 dimostrare disabilit\u00e0\",\"datePublished\":\"2024-04-08T12:24:22+00:00\",\"dateModified\":\"2024-04-08T12:27:11+00:00\",\"mainEntityOfPage\":{\"@id\":\"https:\/\/newsvirali.it\/es\/2024\/04\/08\/metro-niega-acceso-a-hombre-sin-brazos-olvida-pase-y-no-puede-acreditar-discapacidad\/\"},\"wordCount\":490,\"commentCount\":0,\"image\":{\"@id\":\"https:\/\/newsvirali.it\/es\/2024\/04\/08\/metro-niega-acceso-a-hombre-sin-brazos-olvida-pase-y-no-puede-acreditar-discapacidad\/#primaryimage\"},\"thumbnailUrl\":\"https:\/\/newsvirali.it\/wp-content\/uploads\/2024\/04\/Metro-nega-accesso-a-uomo-senza-braccia-dimentica-pass-e-non-puo-dimostrare-disabilita-12.jpg\",\"articleSection\":[\"_spagnolo\",\"_tedesco\",\"Mondo\"],\"inLanguage\":\"de\",\"potentialAction\":[{\"@type\":\"CommentAction\",\"name\":\"Comment\",\"target\":[\"https:\/\/newsvirali.it\/es\/2024\/04\/08\/metro-niega-acceso-a-hombre-sin-brazos-olvida-pase-y-no-puede-acreditar-discapacidad\/#respond\"]}],\"copyrightYear\":\"2024\",\"copyrightHolder\":{\"@id\":\"https:\/\/newsvirali.it\/de\/#organization\"}},{\"@type\":\"WebPage\",\"@id\":\"https:\/\/newsvirali.it\/es\/2024\/04\/08\/metro-niega-acceso-a-hombre-sin-brazos-olvida-pase-y-no-puede-acreditar-discapacidad\/\",\"url\":\"https:\/\/newsvirali.it\/es\/2024\/04\/08\/metro-niega-acceso-a-hombre-sin-brazos-olvida-pase-y-no-puede-acreditar-discapacidad\/\",\"name\":\"Metro nega accesso a uomo senza braccia: dimentica pass e non pu\u00f2 dimostrare disabilit\u00e0\",\"isPartOf\":{\"@id\":\"https:\/\/newsvirali.it\/fr\/#website\"},\"primaryImageOfPage\":{\"@id\":\"https:\/\/newsvirali.it\/es\/2024\/04\/08\/metro-niega-acceso-a-hombre-sin-brazos-olvida-pase-y-no-puede-acreditar-discapacidad\/#primaryimage\"},\"image\":{\"@id\":\"https:\/\/newsvirali.it\/es\/2024\/04\/08\/metro-niega-acceso-a-hombre-sin-brazos-olvida-pase-y-no-puede-acreditar-discapacidad\/#primaryimage\"},\"thumbnailUrl\":\"https:\/\/newsvirali.it\/wp-content\/uploads\/2024\/04\/Metro-nega-accesso-a-uomo-senza-braccia-dimentica-pass-e-non-puo-dimostrare-disabilita-12.jpg\",\"datePublished\":\"2024-04-08T12:24:22+00:00\",\"dateModified\":\"2024-04-08T12:27:11+00:00\",\"author\":{\"@id\":\"https:\/\/newsvirali.it\/fr\/#\/schema\/person\/4c835f7b49c9adb58b33901ee816565d\"},\"description\":\"Fa scalpore la notizia di un uomo senza braccia che non ha potuto viaggiare in metro gratis perch\u00e9 sprovviso dell'abbonamento disabili.\",\"breadcrumb\":{\"@id\":\"https:\/\/newsvirali.it\/es\/2024\/04\/08\/metro-niega-acceso-a-hombre-sin-brazos-olvida-pase-y-no-puede-acreditar-discapacidad\/#breadcrumb\"},\"inLanguage\":\"de\",\"potentialAction\":[{\"@type\":\"ReadAction\",\"target\":[\"https:\/\/newsvirali.it\/es\/2024\/04\/08\/metro-niega-acceso-a-hombre-sin-brazos-olvida-pase-y-no-puede-acreditar-discapacidad\/\"]}]},{\"@type\":\"ImageObject\",\"inLanguage\":\"de\",\"@id\":\"https:\/\/newsvirali.it\/es\/2024\/04\/08\/metro-niega-acceso-a-hombre-sin-brazos-olvida-pase-y-no-puede-acreditar-discapacidad\/#primaryimage\",\"url\":\"https:\/\/newsvirali.it\/wp-content\/uploads\/2024\/04\/Metro-nega-accesso-a-uomo-senza-braccia-dimentica-pass-e-non-puo-dimostrare-disabilita-12.jpg\",\"contentUrl\":\"https:\/\/newsvirali.it\/wp-content\/uploads\/2024\/04\/Metro-nega-accesso-a-uomo-senza-braccia-dimentica-pass-e-non-puo-dimostrare-disabilita-12.jpg\",\"width\":600,\"height\":337,\"caption\":\"Metro nega accesso a uomo senza braccia: dimentica pass e non pu\u00f2 dimostrare disabilit\u00e0\"},{\"@type\":\"BreadcrumbList\",\"@id\":\"https:\/\/newsvirali.it\/es\/2024\/04\/08\/metro-niega-acceso-a-hombre-sin-brazos-olvida-pase-y-no-puede-acreditar-discapacidad\/#breadcrumb\",\"itemListElement\":[{\"@type\":\"ListItem\",\"position\":1,\"name\":\"Home\",\"item\":\"https:\/\/newsvirali.it\/fr\/\"},{\"@type\":\"ListItem\",\"position\":2,\"name\":\"Metro nega accesso a uomo senza braccia: dimentica pass e non pu\u00f2 dimostrare disabilit\u00e0\"}]},{\"@type\":\"WebSite\",\"@id\":\"https:\/\/newsvirali.it\/fr\/#website\",\"url\":\"https:\/\/newsvirali.it\/fr\/\",\"name\":\"Bake News\",\"description\":\"\",\"potentialAction\":[{\"@type\":\"SearchAction\",\"target\":{\"@type\":\"EntryPoint\",\"urlTemplate\":\"https:\/\/newsvirali.it\/fr\/?s={search_term_string}\"},\"query-input\":{\"@type\":\"PropertyValueSpecification\",\"valueRequired\":true,\"valueName\":\"search_term_string\"}}],\"inLanguage\":\"de\"},{\"@type\":\"Person\",\"@id\":\"https:\/\/newsvirali.it\/fr\/#\/schema\/person\/4c835f7b49c9adb58b33901ee816565d\",\"name\":\"Cecco Prestina\",\"description\":\"Perch\u00e9 nasconderlo? Cecco Prestina \u00e8 un alias, ma dietro di lui non si cela un algoritmo di intelligenza artificiale. C'\u00e8 un giornalista che ha oltre vent'anni di esperienza tutta sul web. Da quando il primo modem ha iniziato a gracchiare sul territorio italiano con Video on Line, Cecco ha capito che da quel doppino sarebbe passato il futuro. Ha dedidicato tutta la sua carriera a capire Internet e poi i social e ora l'Ai. Una carriera in costante aggiornamento. E questa esperienza la mette in campo ogni giorno. Per\u00f2 ogni tanto Cecco ha voglia anche di non scrivere \\\"pipponi\\\" sulla politica, sull'economia. Ha voglia anche di scrivere qualcosa di divertente. Le notizie che trovate su Bake News sono le stesse che Cecco porta all'aperitivo con gli amici. Quelle di cui discutere per farsi due risate. Notizie, vere (qualche volta si fa fatica a crederlo), strane, divertenti, ma anche serie. Bake News \u00e8 nato per questo, dare al pubblico notizie croccanti e calde come il pane che esce dal forno. E Cecco Prestina \u00e8 nato con Bake News.\",\"url\":\"https:\/\/newsvirali.it\/de\/autore\/cecco-prestina\/\"}]}<\/script>\n<!-- \/ Yoast SEO Premium plugin. -->","yoast_head_json":{"title":"Metro nega accesso a uomo senza braccia: dimentica pass e non pu\u00f2 dimostrare disabilit\u00e0","description":"Fa scalpore la notizia di un uomo senza braccia che non ha potuto viaggiare in metro gratis perch\u00e9 sprovviso dell'abbonamento disabili.","robots":{"index":"index","follow":"follow","max-snippet":"max-snippet:-1","max-image-preview":"max-image-preview:large","max-video-preview":"max-video-preview:-1"},"canonical":"https:\/\/newsvirali.it\/de\/2024\/04\/08\/metro-niega-acceso-a-hombre-sin-brazos-olvida-pase-y-no-puede-acreditar-discapacidad\/","og_locale":"de_DE","og_type":"article","og_title":"Metro nega accesso a uomo senza braccia: dimentica pass e non pu\u00f2 dimostrare disabilit\u00e0","og_description":"Fa scalpore la notizia di un uomo senza braccia che non ha potuto viaggiare in metro gratis perch\u00e9 sprovviso dell'abbonamento disabili.","og_url":"https:\/\/newsvirali.it\/de\/2024\/04\/08\/metro-niega-acceso-a-hombre-sin-brazos-olvida-pase-y-no-puede-acreditar-discapacidad\/","og_site_name":"News virali","article_published_time":"2024-04-08T12:24:22+00:00","article_modified_time":"2024-04-08T12:27:11+00:00","og_image":[{"width":600,"height":337,"url":"https:\/\/newsvirali.it\/wp-content\/uploads\/2024\/04\/Metro-nega-accesso-a-uomo-senza-braccia-dimentica-pass-e-non-puo-dimostrare-disabilita-12.jpg","type":"image\/jpeg"}],"author":"Cecco Prestina","twitter_card":"summary_large_image","twitter_misc":{"Verfasst von":"Cecco Prestina","Gesch\u00e4tzte Lesezeit":"3\u00a0Minuten"},"schema":{"@context":"https:\/\/schema.org","@graph":[{"@type":"NewsArticle","@id":"https:\/\/newsvirali.it\/es\/2024\/04\/08\/metro-niega-acceso-a-hombre-sin-brazos-olvida-pase-y-no-puede-acreditar-discapacidad\/#article","isPartOf":{"@id":"https:\/\/newsvirali.it\/es\/2024\/04\/08\/metro-niega-acceso-a-hombre-sin-brazos-olvida-pase-y-no-puede-acreditar-discapacidad\/"},"author":{"name":"Cecco Prestina","@id":"https:\/\/newsvirali.it\/fr\/#\/schema\/person\/4c835f7b49c9adb58b33901ee816565d"},"headline":"Metro nega accesso a uomo senza braccia: dimentica pass e non pu\u00f2 dimostrare disabilit\u00e0","datePublished":"2024-04-08T12:24:22+00:00","dateModified":"2024-04-08T12:27:11+00:00","mainEntityOfPage":{"@id":"https:\/\/newsvirali.it\/es\/2024\/04\/08\/metro-niega-acceso-a-hombre-sin-brazos-olvida-pase-y-no-puede-acreditar-discapacidad\/"},"wordCount":490,"commentCount":0,"image":{"@id":"https:\/\/newsvirali.it\/es\/2024\/04\/08\/metro-niega-acceso-a-hombre-sin-brazos-olvida-pase-y-no-puede-acreditar-discapacidad\/#primaryimage"},"thumbnailUrl":"https:\/\/newsvirali.it\/wp-content\/uploads\/2024\/04\/Metro-nega-accesso-a-uomo-senza-braccia-dimentica-pass-e-non-puo-dimostrare-disabilita-12.jpg","articleSection":["_spagnolo","_tedesco","Mondo"],"inLanguage":"de","potentialAction":[{"@type":"CommentAction","name":"Comment","target":["https:\/\/newsvirali.it\/es\/2024\/04\/08\/metro-niega-acceso-a-hombre-sin-brazos-olvida-pase-y-no-puede-acreditar-discapacidad\/#respond"]}],"copyrightYear":"2024","copyrightHolder":{"@id":"https:\/\/newsvirali.it\/de\/#organization"}},{"@type":"WebPage","@id":"https:\/\/newsvirali.it\/es\/2024\/04\/08\/metro-niega-acceso-a-hombre-sin-brazos-olvida-pase-y-no-puede-acreditar-discapacidad\/","url":"https:\/\/newsvirali.it\/es\/2024\/04\/08\/metro-niega-acceso-a-hombre-sin-brazos-olvida-pase-y-no-puede-acreditar-discapacidad\/","name":"Metro nega accesso a uomo senza braccia: dimentica pass e non pu\u00f2 dimostrare disabilit\u00e0","isPartOf":{"@id":"https:\/\/newsvirali.it\/fr\/#website"},"primaryImageOfPage":{"@id":"https:\/\/newsvirali.it\/es\/2024\/04\/08\/metro-niega-acceso-a-hombre-sin-brazos-olvida-pase-y-no-puede-acreditar-discapacidad\/#primaryimage"},"image":{"@id":"https:\/\/newsvirali.it\/es\/2024\/04\/08\/metro-niega-acceso-a-hombre-sin-brazos-olvida-pase-y-no-puede-acreditar-discapacidad\/#primaryimage"},"thumbnailUrl":"https:\/\/newsvirali.it\/wp-content\/uploads\/2024\/04\/Metro-nega-accesso-a-uomo-senza-braccia-dimentica-pass-e-non-puo-dimostrare-disabilita-12.jpg","datePublished":"2024-04-08T12:24:22+00:00","dateModified":"2024-04-08T12:27:11+00:00","author":{"@id":"https:\/\/newsvirali.it\/fr\/#\/schema\/person\/4c835f7b49c9adb58b33901ee816565d"},"description":"Fa scalpore la notizia di un uomo senza braccia che non ha potuto viaggiare in metro gratis perch\u00e9 sprovviso dell'abbonamento disabili.","breadcrumb":{"@id":"https:\/\/newsvirali.it\/es\/2024\/04\/08\/metro-niega-acceso-a-hombre-sin-brazos-olvida-pase-y-no-puede-acreditar-discapacidad\/#breadcrumb"},"inLanguage":"de","potentialAction":[{"@type":"ReadAction","target":["https:\/\/newsvirali.it\/es\/2024\/04\/08\/metro-niega-acceso-a-hombre-sin-brazos-olvida-pase-y-no-puede-acreditar-discapacidad\/"]}]},{"@type":"ImageObject","inLanguage":"de","@id":"https:\/\/newsvirali.it\/es\/2024\/04\/08\/metro-niega-acceso-a-hombre-sin-brazos-olvida-pase-y-no-puede-acreditar-discapacidad\/#primaryimage","url":"https:\/\/newsvirali.it\/wp-content\/uploads\/2024\/04\/Metro-nega-accesso-a-uomo-senza-braccia-dimentica-pass-e-non-puo-dimostrare-disabilita-12.jpg","contentUrl":"https:\/\/newsvirali.it\/wp-content\/uploads\/2024\/04\/Metro-nega-accesso-a-uomo-senza-braccia-dimentica-pass-e-non-puo-dimostrare-disabilita-12.jpg","width":600,"height":337,"caption":"Metro nega accesso a uomo senza braccia: dimentica pass e non pu\u00f2 dimostrare disabilit\u00e0"},{"@type":"BreadcrumbList","@id":"https:\/\/newsvirali.it\/es\/2024\/04\/08\/metro-niega-acceso-a-hombre-sin-brazos-olvida-pase-y-no-puede-acreditar-discapacidad\/#breadcrumb","itemListElement":[{"@type":"ListItem","position":1,"name":"Home","item":"https:\/\/newsvirali.it\/fr\/"},{"@type":"ListItem","position":2,"name":"Metro nega accesso a uomo senza braccia: dimentica pass e non pu\u00f2 dimostrare disabilit\u00e0"}]},{"@type":"WebSite","@id":"https:\/\/newsvirali.it\/fr\/#website","url":"https:\/\/newsvirali.it\/fr\/","name":"Bake News","description":"","potentialAction":[{"@type":"SearchAction","target":{"@type":"EntryPoint","urlTemplate":"https:\/\/newsvirali.it\/fr\/?s={search_term_string}"},"query-input":{"@type":"PropertyValueSpecification","valueRequired":true,"valueName":"search_term_string"}}],"inLanguage":"de"},{"@type":"Person","@id":"https:\/\/newsvirali.it\/fr\/#\/schema\/person\/4c835f7b49c9adb58b33901ee816565d","name":"Cecco Prestina","description":"Perch\u00e9 nasconderlo? Cecco Prestina \u00e8 un alias, ma dietro di lui non si cela un algoritmo di intelligenza artificiale. C'\u00e8 un giornalista che ha oltre vent'anni di esperienza tutta sul web. Da quando il primo modem ha iniziato a gracchiare sul territorio italiano con Video on Line, Cecco ha capito che da quel doppino sarebbe passato il futuro. Ha dedidicato tutta la sua carriera a capire Internet e poi i social e ora l'Ai. Una carriera in costante aggiornamento. E questa esperienza la mette in campo ogni giorno. Per\u00f2 ogni tanto Cecco ha voglia anche di non scrivere \"pipponi\" sulla politica, sull'economia. Ha voglia anche di scrivere qualcosa di divertente. Le notizie che trovate su Bake News sono le stesse che Cecco porta all'aperitivo con gli amici. Quelle di cui discutere per farsi due risate. Notizie, vere (qualche volta si fa fatica a crederlo), strane, divertenti, ma anche serie. Bake News \u00e8 nato per questo, dare al pubblico notizie croccanti e calde come il pane che esce dal forno. E Cecco Prestina \u00e8 nato con Bake News.","url":"https:\/\/newsvirali.it\/de\/autore\/cecco-prestina\/"}]}},"_links":{"self":[{"href":"https:\/\/newsvirali.it\/de\/wp-json\/wp\/v2\/posts\/21922","targetHints":{"allow":["GET"]}}],"collection":[{"href":"https:\/\/newsvirali.it\/de\/wp-json\/wp\/v2\/posts"}],"about":[{"href":"https:\/\/newsvirali.it\/de\/wp-json\/wp\/v2\/types\/post"}],"author":[{"embeddable":true,"href":"https:\/\/newsvirali.it\/de\/wp-json\/wp\/v2\/users\/4"}],"replies":[{"embeddable":true,"href":"https:\/\/newsvirali.it\/de\/wp-json\/wp\/v2\/comments?post=21922"}],"version-history":[{"count":10,"href":"https:\/\/newsvirali.it\/de\/wp-json\/wp\/v2\/posts\/21922\/revisions"}],"predecessor-version":[{"id":21954,"href":"https:\/\/newsvirali.it\/de\/wp-json\/wp\/v2\/posts\/21922\/revisions\/21954"}],"wp:featuredmedia":[{"embeddable":true,"href":"https:\/\/newsvirali.it\/de\/wp-json\/wp\/v2\/media\/21934"}],"wp:attachment":[{"href":"https:\/\/newsvirali.it\/de\/wp-json\/wp\/v2\/media?parent=21922"}],"wp:term":[{"taxonomy":"category","embeddable":true,"href":"https:\/\/newsvirali.it\/de\/wp-json\/wp\/v2\/categories?post=21922"},{"taxonomy":"post_tag","embeddable":true,"href":"https:\/\/newsvirali.it\/de\/wp-json\/wp\/v2\/tags?post=21922"}],"curies":[{"name":"wp","href":"https:\/\/api.w.org\/{rel}","templated":true}]}}