{"id":21765,"date":"2024-04-05T18:27:31","date_gmt":"2024-04-05T16:27:31","guid":{"rendered":"https:\/\/www.bakenews.it\/?p=21765"},"modified":"2024-04-05T18:27:32","modified_gmt":"2024-04-05T16:27:32","slug":"sofia-goggia-e-la-foto-fake-in-copertina-ecco-la-sua-risposta","status":"publish","type":"post","link":"https:\/\/newsvirali.it\/de\/2024\/04\/05\/sofia-goggia-und-das-gefalschte-foto-auf-dem-cover-hier-ist-ihre-antwort\/","title":{"rendered":"Sofia Goggia und das gef\u00e4lschte Foto auf dem Cover: Hier ist ihre Antwort"},"content":{"rendered":"<p>Sofia Goggia wurde von der Wochenzeitung 7 des Corriere della Sera interviewt und gewann das Cover, schade, dass es sich um eine schlechte Fotomontage handelt (<a href=\"https:\/\/www.bakenews.it\/kate-middleton-si-scusa-per-la-foto-fake-ora-i-dubbi-sulla-sua-salute-crescono\/\">wie Kate Middleton<\/a>?) und der Skimeister erschien mit zwei linken F\u00fc\u00dfen. In den sozialen Medien gab es eine Flut von Witzen und Memes, auch weil neben den F\u00fc\u00dfen auch der scheinbar zwei Meter lange rechte Arm des Champions von der Ausbesserung betroffen war. Eine Situation, die von der Protagonistin nicht ignoriert werden konnte, die tats\u00e4chlich auf ihre eigene Weise eine Antwort gab.<\/p>\n\n\n\n<p><strong>LESEN SIE AUCH<\/strong><\/p>\n\n\n<ul class=\"wp-block-latest-posts__list wp-block-latest-posts\"><li><a class=\"wp-block-latest-posts__post-title\" href=\"https:\/\/newsvirali.it\/de\/2026\/02\/12\/emma-amit-tote-teufelskrabbe\/\">Vloggerin Emma Amit stirbt nach dem Verzehr einer giftigen Teufelskrabbe<\/a><\/li>\n<li><a class=\"wp-block-latest-posts__post-title\" href=\"https:\/\/newsvirali.it\/de\/2026\/02\/11\/kostumstrafe-fur-die-olympischen-spiele-2026-eroffnet\/\">Mailand-Cortina 2026: Kost\u00fcmwettbewerb er\u00f6ffnet: L\u00e4uferin entgeht Strafe<\/a><\/li>\n<li><a class=\"wp-block-latest-posts__post-title\" href=\"https:\/\/newsvirali.it\/de\/2026\/02\/09\/blackout-mit-dem-fliegenden-schwein-in-china\/\">Fliegende Schweine verursachen Stromausfall: Lesen Sie die unglaubliche Geschichte (und es liegt nicht an einer KI)<\/a><\/li>\n<li><a class=\"wp-block-latest-posts__post-title\" href=\"https:\/\/newsvirali.it\/de\/2026\/02\/05\/drei-schwestern-begingen-selbstmord-in-indien\/\">Eltern konfiszieren Handys wegen exzessiven Spielens: Drei Schwestern begehen Selbstmord<\/a><\/li>\n<li><a class=\"wp-block-latest-posts__post-title\" href=\"https:\/\/newsvirali.it\/de\/2026\/02\/04\/spacex-xai-strategie-musk-weltraumrechenzentren\/\">Es ist keine Fusion: Musks wahrer Plan hinter SpaceX und xAI<\/a><\/li>\n<\/ul>\n\n\n<p>Auf Instagram ver\u00f6ffentlicht Sofia Goggia eine Geschichte mit ihrer Gro\u00dfmutter Carla, w\u00e4hrend sie mit ihr auf das Cover der Zeitung schaut und eine lustige kleine Szene beginnt (im Bergamo-Dialekt, den wir \u00fcbersetzen).<\/p>\n\n\n\n<p>Sofia: \u201eSchau, schau, ob sie sch\u00f6n ist. Gef\u00e4llt es dir?&quot;<br>Oma: \u201eWundersch\u00f6n\u201c<br>Sofia: \u201eSie ist wundersch\u00f6n, oder?<br>Oma: \u201eMamma mia\u201c<br>Sofia: \u201eAber hast du gesehen, dass sie mir zwei linke F\u00fc\u00dfe aufgesetzt haben?\u201c<br>Oma: \u201eWundersch\u00f6n\u201c<br>Sofia: \u201eWie sch\u00f6n? Schauen Sie sich die F\u00fc\u00dfe an. Sehen Sie, dass dies und das dasselbe sind?\u201c<br>Oma: \u201eMeine G\u00fcte, du hast recht\u201c<br>Sofia: \u201eSie haben mich verkehrt herum angezogen\u201c<br>Oma: \u201eAber sie ist wundersch\u00f6n\u201c<br>Sofia: \u201eUnd die F\u00fc\u00dfe?\u201c<br>Oma: \u201eIch schaue sie nicht an\u201c<\/p>\n<br \/>Folgen Sie uns auch auf Google News: <b><a href=\"https:\/\/news.google.com\/publications\/CAAqBwgKMNqJiwswjMfqAg?hl=it&gl=IT&ceid=IT:it\" target=\"_blank\">klicken Sie hier<\/a><\/b>","protected":false},"excerpt":{"rendered":"<p>Sofia Goggia wurde von der Wochenzeitung 7 des Corriere della Sera interviewt und schaffte es auf das Cover, schade, dass es [\u2026]<\/p>","protected":false},"author":4,"featured_media":21775,"comment_status":"open","ping_status":"open","sticky":false,"template":"","format":"standard","meta":{"MSN_Categories":"Uncategorized","MSN_Publish_Option":false,"MSN_Is_Local_News":false,"MSN_Is_AIAC_Included":"Empty","MSN_Location":"[]","MSN_Add_Feature_Img_On_Top_Of_Post":false,"MSN_Has_Custom_Author":false,"MSN_Custom_Author":"","MSN_Has_Custom_Canonical_Url":false,"MSN_Custom_Canonical_Url":"","footnotes":""},"categories":[464,8],"tags":[],"class_list":["post-21765","post","type-post","status-publish","format-standard","has-post-thumbnail","hentry","category-_tedesco","category-sport"],"acf":[],"yoast_head":"<!-- This site is optimized with the Yoast SEO Premium plugin v26.7 (Yoast SEO v26.7) - https:\/\/yoast.com\/wordpress\/plugins\/seo\/ -->\n<title>Sofia Goggia e la foto fake in copertina: ecco la sua risposta<\/title>\n<meta name=\"description\" content=\"Sofia Goggia in copertina su 7 con un fotomontaggio in cui la campionessa di sci compare con due piedi sinistri. Ecco la sua risposta epica.\" \/>\n<meta name=\"robots\" content=\"index, follow, max-snippet:-1, max-image-preview:large, max-video-preview:-1\" \/>\n<link rel=\"canonical\" href=\"https:\/\/newsvirali.it\/de\/2024\/04\/05\/sofia-goggia-und-das-gefalschte-foto-auf-dem-cover-hier-ist-ihre-antwort\/\" \/>\n<meta property=\"og:locale\" content=\"de_DE\" \/>\n<meta property=\"og:type\" content=\"article\" \/>\n<meta property=\"og:title\" content=\"Sofia Goggia e la foto fake in copertina: ecco la sua risposta\" \/>\n<meta property=\"og:description\" content=\"Sofia Goggia in copertina su 7 con un fotomontaggio in cui la campionessa di sci compare con due piedi sinistri. Ecco la sua risposta epica.\" \/>\n<meta property=\"og:url\" content=\"https:\/\/newsvirali.it\/de\/2024\/04\/05\/sofia-goggia-und-das-gefalschte-foto-auf-dem-cover-hier-ist-ihre-antwort\/\" \/>\n<meta property=\"og:site_name\" content=\"News virali\" \/>\n<meta property=\"article:published_time\" content=\"2024-04-05T16:27:31+00:00\" \/>\n<meta property=\"article:modified_time\" content=\"2024-04-05T16:27:32+00:00\" \/>\n<meta property=\"og:image\" content=\"https:\/\/newsvirali.it\/wp-content\/uploads\/2024\/04\/Sofia-Goggia-e-la-foto-fake-in-copertina-ecco-la-sua-risposta-5.jpg\" \/>\n\t<meta property=\"og:image:width\" content=\"600\" \/>\n\t<meta property=\"og:image:height\" content=\"337\" \/>\n\t<meta property=\"og:image:type\" content=\"image\/jpeg\" \/>\n<meta name=\"author\" content=\"Cecco Prestina\" \/>\n<meta name=\"twitter:card\" content=\"summary_large_image\" \/>\n<meta name=\"twitter:label1\" content=\"Verfasst von\" \/>\n\t<meta name=\"twitter:data1\" content=\"Cecco Prestina\" \/>\n\t<meta name=\"twitter:label2\" content=\"Gesch\u00e4tzte Lesezeit\" \/>\n\t<meta name=\"twitter:data2\" content=\"1\u00a0Minute\" \/>\n<script type=\"application\/ld+json\" class=\"yoast-schema-graph\">{\"@context\":\"https:\/\/schema.org\",\"@graph\":[{\"@type\":\"NewsArticle\",\"@id\":\"https:\/\/newsvirali.it\/2024\/04\/05\/sofia-goggia-e-la-foto-fake-in-copertina-ecco-la-sua-risposta\/#article\",\"isPartOf\":{\"@id\":\"https:\/\/newsvirali.it\/2024\/04\/05\/sofia-goggia-e-la-foto-fake-in-copertina-ecco-la-sua-risposta\/\"},\"author\":{\"name\":\"Cecco Prestina\",\"@id\":\"https:\/\/newsvirali.it\/fr\/#\/schema\/person\/4c835f7b49c9adb58b33901ee816565d\"},\"headline\":\"Sofia Goggia e la foto fake in copertina: ecco la sua risposta\",\"datePublished\":\"2024-04-05T16:27:31+00:00\",\"dateModified\":\"2024-04-05T16:27:32+00:00\",\"mainEntityOfPage\":{\"@id\":\"https:\/\/newsvirali.it\/2024\/04\/05\/sofia-goggia-e-la-foto-fake-in-copertina-ecco-la-sua-risposta\/\"},\"wordCount\":193,\"commentCount\":0,\"image\":{\"@id\":\"https:\/\/newsvirali.it\/2024\/04\/05\/sofia-goggia-e-la-foto-fake-in-copertina-ecco-la-sua-risposta\/#primaryimage\"},\"thumbnailUrl\":\"https:\/\/newsvirali.it\/wp-content\/uploads\/2024\/04\/Sofia-Goggia-e-la-foto-fake-in-copertina-ecco-la-sua-risposta-5.jpg\",\"articleSection\":[\"_tedesco\",\"Sport\"],\"inLanguage\":\"de\",\"potentialAction\":[{\"@type\":\"CommentAction\",\"name\":\"Comment\",\"target\":[\"https:\/\/newsvirali.it\/2024\/04\/05\/sofia-goggia-e-la-foto-fake-in-copertina-ecco-la-sua-risposta\/#respond\"]}],\"copyrightYear\":\"2024\",\"copyrightHolder\":{\"@id\":\"https:\/\/newsvirali.it\/de\/#organization\"}},{\"@type\":\"WebPage\",\"@id\":\"https:\/\/newsvirali.it\/2024\/04\/05\/sofia-goggia-e-la-foto-fake-in-copertina-ecco-la-sua-risposta\/\",\"url\":\"https:\/\/newsvirali.it\/2024\/04\/05\/sofia-goggia-e-la-foto-fake-in-copertina-ecco-la-sua-risposta\/\",\"name\":\"Sofia Goggia e la foto fake in copertina: ecco la sua risposta\",\"isPartOf\":{\"@id\":\"https:\/\/newsvirali.it\/fr\/#website\"},\"primaryImageOfPage\":{\"@id\":\"https:\/\/newsvirali.it\/2024\/04\/05\/sofia-goggia-e-la-foto-fake-in-copertina-ecco-la-sua-risposta\/#primaryimage\"},\"image\":{\"@id\":\"https:\/\/newsvirali.it\/2024\/04\/05\/sofia-goggia-e-la-foto-fake-in-copertina-ecco-la-sua-risposta\/#primaryimage\"},\"thumbnailUrl\":\"https:\/\/newsvirali.it\/wp-content\/uploads\/2024\/04\/Sofia-Goggia-e-la-foto-fake-in-copertina-ecco-la-sua-risposta-5.jpg\",\"datePublished\":\"2024-04-05T16:27:31+00:00\",\"dateModified\":\"2024-04-05T16:27:32+00:00\",\"author\":{\"@id\":\"https:\/\/newsvirali.it\/fr\/#\/schema\/person\/4c835f7b49c9adb58b33901ee816565d\"},\"description\":\"Sofia Goggia in copertina su 7 con un fotomontaggio in cui la campionessa di sci compare con due piedi sinistri. Ecco la sua risposta epica.\",\"breadcrumb\":{\"@id\":\"https:\/\/newsvirali.it\/2024\/04\/05\/sofia-goggia-e-la-foto-fake-in-copertina-ecco-la-sua-risposta\/#breadcrumb\"},\"inLanguage\":\"de\",\"potentialAction\":[{\"@type\":\"ReadAction\",\"target\":[\"https:\/\/newsvirali.it\/2024\/04\/05\/sofia-goggia-e-la-foto-fake-in-copertina-ecco-la-sua-risposta\/\"]}]},{\"@type\":\"ImageObject\",\"inLanguage\":\"de\",\"@id\":\"https:\/\/newsvirali.it\/2024\/04\/05\/sofia-goggia-e-la-foto-fake-in-copertina-ecco-la-sua-risposta\/#primaryimage\",\"url\":\"https:\/\/newsvirali.it\/wp-content\/uploads\/2024\/04\/Sofia-Goggia-e-la-foto-fake-in-copertina-ecco-la-sua-risposta-5.jpg\",\"contentUrl\":\"https:\/\/newsvirali.it\/wp-content\/uploads\/2024\/04\/Sofia-Goggia-e-la-foto-fake-in-copertina-ecco-la-sua-risposta-5.jpg\",\"width\":600,\"height\":337,\"caption\":\"Sofia Goggia e la foto fake in copertina ecco la sua risposta\"},{\"@type\":\"BreadcrumbList\",\"@id\":\"https:\/\/newsvirali.it\/2024\/04\/05\/sofia-goggia-e-la-foto-fake-in-copertina-ecco-la-sua-risposta\/#breadcrumb\",\"itemListElement\":[{\"@type\":\"ListItem\",\"position\":1,\"name\":\"Home\",\"item\":\"https:\/\/newsvirali.it\/fr\/\"},{\"@type\":\"ListItem\",\"position\":2,\"name\":\"Sofia Goggia e la foto fake in copertina: ecco la sua risposta\"}]},{\"@type\":\"WebSite\",\"@id\":\"https:\/\/newsvirali.it\/fr\/#website\",\"url\":\"https:\/\/newsvirali.it\/fr\/\",\"name\":\"Bake News\",\"description\":\"\",\"potentialAction\":[{\"@type\":\"SearchAction\",\"target\":{\"@type\":\"EntryPoint\",\"urlTemplate\":\"https:\/\/newsvirali.it\/fr\/?s={search_term_string}\"},\"query-input\":{\"@type\":\"PropertyValueSpecification\",\"valueRequired\":true,\"valueName\":\"search_term_string\"}}],\"inLanguage\":\"de\"},{\"@type\":\"Person\",\"@id\":\"https:\/\/newsvirali.it\/fr\/#\/schema\/person\/4c835f7b49c9adb58b33901ee816565d\",\"name\":\"Cecco Prestina\",\"description\":\"Perch\u00e9 nasconderlo? Cecco Prestina \u00e8 un alias, ma dietro di lui non si cela un algoritmo di intelligenza artificiale. C'\u00e8 un giornalista che ha oltre vent'anni di esperienza tutta sul web. Da quando il primo modem ha iniziato a gracchiare sul territorio italiano con Video on Line, Cecco ha capito che da quel doppino sarebbe passato il futuro. Ha dedidicato tutta la sua carriera a capire Internet e poi i social e ora l'Ai. Una carriera in costante aggiornamento. E questa esperienza la mette in campo ogni giorno. Per\u00f2 ogni tanto Cecco ha voglia anche di non scrivere \\\"pipponi\\\" sulla politica, sull'economia. Ha voglia anche di scrivere qualcosa di divertente. Le notizie che trovate su Bake News sono le stesse che Cecco porta all'aperitivo con gli amici. Quelle di cui discutere per farsi due risate. Notizie, vere (qualche volta si fa fatica a crederlo), strane, divertenti, ma anche serie. Bake News \u00e8 nato per questo, dare al pubblico notizie croccanti e calde come il pane che esce dal forno. E Cecco Prestina \u00e8 nato con Bake News.\",\"url\":\"https:\/\/newsvirali.it\/de\/autore\/cecco-prestina\/\"}]}<\/script>\n<!-- \/ Yoast SEO Premium plugin. -->","yoast_head_json":{"title":"Sofia Goggia e la foto fake in copertina: ecco la sua risposta","description":"Sofia Goggia in copertina su 7 con un fotomontaggio in cui la campionessa di sci compare con due piedi sinistri. Ecco la sua risposta epica.","robots":{"index":"index","follow":"follow","max-snippet":"max-snippet:-1","max-image-preview":"max-image-preview:large","max-video-preview":"max-video-preview:-1"},"canonical":"https:\/\/newsvirali.it\/de\/2024\/04\/05\/sofia-goggia-und-das-gefalschte-foto-auf-dem-cover-hier-ist-ihre-antwort\/","og_locale":"de_DE","og_type":"article","og_title":"Sofia Goggia e la foto fake in copertina: ecco la sua risposta","og_description":"Sofia Goggia in copertina su 7 con un fotomontaggio in cui la campionessa di sci compare con due piedi sinistri. Ecco la sua risposta epica.","og_url":"https:\/\/newsvirali.it\/de\/2024\/04\/05\/sofia-goggia-und-das-gefalschte-foto-auf-dem-cover-hier-ist-ihre-antwort\/","og_site_name":"News virali","article_published_time":"2024-04-05T16:27:31+00:00","article_modified_time":"2024-04-05T16:27:32+00:00","og_image":[{"width":600,"height":337,"url":"https:\/\/newsvirali.it\/wp-content\/uploads\/2024\/04\/Sofia-Goggia-e-la-foto-fake-in-copertina-ecco-la-sua-risposta-5.jpg","type":"image\/jpeg"}],"author":"Cecco Prestina","twitter_card":"summary_large_image","twitter_misc":{"Verfasst von":"Cecco Prestina","Gesch\u00e4tzte Lesezeit":"1\u00a0Minute"},"schema":{"@context":"https:\/\/schema.org","@graph":[{"@type":"NewsArticle","@id":"https:\/\/newsvirali.it\/2024\/04\/05\/sofia-goggia-e-la-foto-fake-in-copertina-ecco-la-sua-risposta\/#article","isPartOf":{"@id":"https:\/\/newsvirali.it\/2024\/04\/05\/sofia-goggia-e-la-foto-fake-in-copertina-ecco-la-sua-risposta\/"},"author":{"name":"Cecco Prestina","@id":"https:\/\/newsvirali.it\/fr\/#\/schema\/person\/4c835f7b49c9adb58b33901ee816565d"},"headline":"Sofia Goggia e la foto fake in copertina: ecco la sua risposta","datePublished":"2024-04-05T16:27:31+00:00","dateModified":"2024-04-05T16:27:32+00:00","mainEntityOfPage":{"@id":"https:\/\/newsvirali.it\/2024\/04\/05\/sofia-goggia-e-la-foto-fake-in-copertina-ecco-la-sua-risposta\/"},"wordCount":193,"commentCount":0,"image":{"@id":"https:\/\/newsvirali.it\/2024\/04\/05\/sofia-goggia-e-la-foto-fake-in-copertina-ecco-la-sua-risposta\/#primaryimage"},"thumbnailUrl":"https:\/\/newsvirali.it\/wp-content\/uploads\/2024\/04\/Sofia-Goggia-e-la-foto-fake-in-copertina-ecco-la-sua-risposta-5.jpg","articleSection":["_tedesco","Sport"],"inLanguage":"de","potentialAction":[{"@type":"CommentAction","name":"Comment","target":["https:\/\/newsvirali.it\/2024\/04\/05\/sofia-goggia-e-la-foto-fake-in-copertina-ecco-la-sua-risposta\/#respond"]}],"copyrightYear":"2024","copyrightHolder":{"@id":"https:\/\/newsvirali.it\/de\/#organization"}},{"@type":"WebPage","@id":"https:\/\/newsvirali.it\/2024\/04\/05\/sofia-goggia-e-la-foto-fake-in-copertina-ecco-la-sua-risposta\/","url":"https:\/\/newsvirali.it\/2024\/04\/05\/sofia-goggia-e-la-foto-fake-in-copertina-ecco-la-sua-risposta\/","name":"Sofia Goggia e la foto fake in copertina: ecco la sua risposta","isPartOf":{"@id":"https:\/\/newsvirali.it\/fr\/#website"},"primaryImageOfPage":{"@id":"https:\/\/newsvirali.it\/2024\/04\/05\/sofia-goggia-e-la-foto-fake-in-copertina-ecco-la-sua-risposta\/#primaryimage"},"image":{"@id":"https:\/\/newsvirali.it\/2024\/04\/05\/sofia-goggia-e-la-foto-fake-in-copertina-ecco-la-sua-risposta\/#primaryimage"},"thumbnailUrl":"https:\/\/newsvirali.it\/wp-content\/uploads\/2024\/04\/Sofia-Goggia-e-la-foto-fake-in-copertina-ecco-la-sua-risposta-5.jpg","datePublished":"2024-04-05T16:27:31+00:00","dateModified":"2024-04-05T16:27:32+00:00","author":{"@id":"https:\/\/newsvirali.it\/fr\/#\/schema\/person\/4c835f7b49c9adb58b33901ee816565d"},"description":"Sofia Goggia in copertina su 7 con un fotomontaggio in cui la campionessa di sci compare con due piedi sinistri. Ecco la sua risposta epica.","breadcrumb":{"@id":"https:\/\/newsvirali.it\/2024\/04\/05\/sofia-goggia-e-la-foto-fake-in-copertina-ecco-la-sua-risposta\/#breadcrumb"},"inLanguage":"de","potentialAction":[{"@type":"ReadAction","target":["https:\/\/newsvirali.it\/2024\/04\/05\/sofia-goggia-e-la-foto-fake-in-copertina-ecco-la-sua-risposta\/"]}]},{"@type":"ImageObject","inLanguage":"de","@id":"https:\/\/newsvirali.it\/2024\/04\/05\/sofia-goggia-e-la-foto-fake-in-copertina-ecco-la-sua-risposta\/#primaryimage","url":"https:\/\/newsvirali.it\/wp-content\/uploads\/2024\/04\/Sofia-Goggia-e-la-foto-fake-in-copertina-ecco-la-sua-risposta-5.jpg","contentUrl":"https:\/\/newsvirali.it\/wp-content\/uploads\/2024\/04\/Sofia-Goggia-e-la-foto-fake-in-copertina-ecco-la-sua-risposta-5.jpg","width":600,"height":337,"caption":"Sofia Goggia e la foto fake in copertina ecco la sua risposta"},{"@type":"BreadcrumbList","@id":"https:\/\/newsvirali.it\/2024\/04\/05\/sofia-goggia-e-la-foto-fake-in-copertina-ecco-la-sua-risposta\/#breadcrumb","itemListElement":[{"@type":"ListItem","position":1,"name":"Home","item":"https:\/\/newsvirali.it\/fr\/"},{"@type":"ListItem","position":2,"name":"Sofia Goggia e la foto fake in copertina: ecco la sua risposta"}]},{"@type":"WebSite","@id":"https:\/\/newsvirali.it\/fr\/#website","url":"https:\/\/newsvirali.it\/fr\/","name":"Bake News","description":"","potentialAction":[{"@type":"SearchAction","target":{"@type":"EntryPoint","urlTemplate":"https:\/\/newsvirali.it\/fr\/?s={search_term_string}"},"query-input":{"@type":"PropertyValueSpecification","valueRequired":true,"valueName":"search_term_string"}}],"inLanguage":"de"},{"@type":"Person","@id":"https:\/\/newsvirali.it\/fr\/#\/schema\/person\/4c835f7b49c9adb58b33901ee816565d","name":"Cecco Prestina","description":"Perch\u00e9 nasconderlo? Cecco Prestina \u00e8 un alias, ma dietro di lui non si cela un algoritmo di intelligenza artificiale. C'\u00e8 un giornalista che ha oltre vent'anni di esperienza tutta sul web. Da quando il primo modem ha iniziato a gracchiare sul territorio italiano con Video on Line, Cecco ha capito che da quel doppino sarebbe passato il futuro. Ha dedidicato tutta la sua carriera a capire Internet e poi i social e ora l'Ai. Una carriera in costante aggiornamento. E questa esperienza la mette in campo ogni giorno. Per\u00f2 ogni tanto Cecco ha voglia anche di non scrivere \"pipponi\" sulla politica, sull'economia. Ha voglia anche di scrivere qualcosa di divertente. Le notizie che trovate su Bake News sono le stesse che Cecco porta all'aperitivo con gli amici. Quelle di cui discutere per farsi due risate. Notizie, vere (qualche volta si fa fatica a crederlo), strane, divertenti, ma anche serie. Bake News \u00e8 nato per questo, dare al pubblico notizie croccanti e calde come il pane che esce dal forno. E Cecco Prestina \u00e8 nato con Bake News.","url":"https:\/\/newsvirali.it\/de\/autore\/cecco-prestina\/"}]}},"_links":{"self":[{"href":"https:\/\/newsvirali.it\/de\/wp-json\/wp\/v2\/posts\/21765","targetHints":{"allow":["GET"]}}],"collection":[{"href":"https:\/\/newsvirali.it\/de\/wp-json\/wp\/v2\/posts"}],"about":[{"href":"https:\/\/newsvirali.it\/de\/wp-json\/wp\/v2\/types\/post"}],"author":[{"embeddable":true,"href":"https:\/\/newsvirali.it\/de\/wp-json\/wp\/v2\/users\/4"}],"replies":[{"embeddable":true,"href":"https:\/\/newsvirali.it\/de\/wp-json\/wp\/v2\/comments?post=21765"}],"version-history":[{"count":3,"href":"https:\/\/newsvirali.it\/de\/wp-json\/wp\/v2\/posts\/21765\/revisions"}],"predecessor-version":[{"id":21783,"href":"https:\/\/newsvirali.it\/de\/wp-json\/wp\/v2\/posts\/21765\/revisions\/21783"}],"wp:featuredmedia":[{"embeddable":true,"href":"https:\/\/newsvirali.it\/de\/wp-json\/wp\/v2\/media\/21775"}],"wp:attachment":[{"href":"https:\/\/newsvirali.it\/de\/wp-json\/wp\/v2\/media?parent=21765"}],"wp:term":[{"taxonomy":"category","embeddable":true,"href":"https:\/\/newsvirali.it\/de\/wp-json\/wp\/v2\/categories?post=21765"},{"taxonomy":"post_tag","embeddable":true,"href":"https:\/\/newsvirali.it\/de\/wp-json\/wp\/v2\/tags?post=21765"}],"curies":[{"name":"wp","href":"https:\/\/api.w.org\/{rel}","templated":true}]}}