{"id":19736,"date":"2024-03-17T17:18:17","date_gmt":"2024-03-17T16:18:17","guid":{"rendered":"https:\/\/www.bakenews.it\/?p=19736"},"modified":"2024-03-17T17:18:18","modified_gmt":"2024-03-17T16:18:18","slug":"kate-middleton-si-assume-la-colpa-per-la-foto-ritoccata-tragico-retroscena","status":"publish","type":"post","link":"https:\/\/newsvirali.it\/de\/2024\/03\/17\/kate-middleton-ubernimmt-die-schuld-fur-das-mit-photoshop-bearbeitete-foto-mit-tragischer-hintergrundgeschichte\/","title":{"rendered":"Kate Middleton \u00fcbernimmt die Schuld f\u00fcr das \u201eretuschierte\u201c Foto: tragische Hintergrundgeschichte?"},"content":{"rendered":"<p><strong>Kate Middleton<\/strong> Sie entschuldigte sich f\u00fcr das zum Muttertag ver\u00f6ffentlichte gef\u00e4lschte Familienfoto, das aufgrund verd\u00e4chtiger \u00c4nderungen von mehreren Bildagenturen zur\u00fcckgezogen wurde. Einem Insider zufolge hat die Herzogin von Cambridge m\u00f6glicherweise aus einem tragischen Grund ihre Schuld eingestanden.<\/p>\n\n\n\n<p><strong>Der beleidigende Schuss<\/strong>, ver\u00f6ffentlicht am Sonntag, 12. M\u00e4rz, zeigte Kate strahlend mit ihren Kindern Prinz George, Prinzessin Charlotte und Prinz Louis. Allerdings haben einige Unstimmigkeiten in Charlottes Handschrift Zweifel an ihrer Echtheit aufkommen lassen.<\/p>\n\n\n\n<p><strong>LESEN SIE AUCH<\/strong><\/p>\n\n\n\n<ul class=\"wp-block-list\">\n<li><a href=\"https:\/\/www.bakenews.it\/il-principe-william-parla-della-foto-taroccata-di-kate-e-la-prende-in-giro\/\">Prinz William spricht \u00fcber Kates gef\u00e4lschtes Foto und macht sich \u00fcber sie lustig<\/a><\/li>\n\n\n\n<li><a href=\"https:\/\/www.bakenews.it\/kate-middleton-chiede-aiuto-fan-scoprono-messaggio-nascosto-nella-foto-fake\/\">Kate Middleton bittet um Hilfe, Fans entdecken versteckte Botschaft im gef\u00e4lschten Foto<\/a><\/li>\n\n\n\n<li><a href=\"https:\/\/www.bakenews.it\/foto-fake-di-kate-middleton-anche-la-faccia-e-un-fotomontaggio-la-scoperta-shock\/\">Gef\u00e4lschtes Foto von Kate Middleton, sogar ihr Gesicht ist eine Fotomontage: die schockierende Entdeckung<\/a><\/li>\n\n\n\n<li><a href=\"https:\/\/www.bakenews.it\/kate-middleton-si-scusa-per-la-foto-fake-ora-i-dubbi-sulla-sua-salute-crescono\/\">Kate Middleton entschuldigt sich f\u00fcr das gef\u00e4lschte Foto: Jetzt mehren sich die Zweifel an ihrer Gesundheit<\/a><\/li>\n<\/ul>\n\n\n\n<p><strong>Kate ver\u00f6ffentlichte sp\u00e4ter eine Erkl\u00e4rung<\/strong>Sie sagte, es t\u00e4te ihr \u201esehr leid\u201c, dass das Foto f\u00fcr Verwirrung gesorgt habe. Sie behauptete, das Foto sei von Prinz William w\u00e4hrend eines privaten Familienmoments aufgenommen worden und es sei nicht seine Absicht gewesen, \u201ejemanden in die Irre zu f\u00fchren\u201c.<\/p>\n\n\n\n<h2 class=\"wp-block-heading\" id=\"h-kate-middleton-e-la-colpa-della-foto-fake-ecco-perche\">Kate Middleton und die Schuld f\u00fcr das gef\u00e4lschte Foto: Hier ist der Grund<\/h2>\n\n\n\n<p><strong>Richard Eden, k\u00f6niglicher Autor der Daily Mail<\/strong>, spekulierte, dass Kate die Schuld auf sich genommen haben k\u00f6nnte, um das Personal des Kensington Palace nicht in Verlegenheit zu bringen. Eden erinnerte an den tragischen Tod von Jacintha Saldanha, einer Krankenschwester, die 2012 Selbstmord beging, nachdem sie Opfer eines Scherzanrufs zweier australischer DJs geworden war.<\/p>\n\n\n\n<p><strong>Kate und William<\/strong>, schrieb Eden, werden immer noch von Saldanhas Tod \u201eheimgesucht\u201c und w\u00fcrden niemals wollen, dass ein Mitglied ihrer Belegschaft eine solche Behandlung erleidet. Der Kolumnist spekulierte, dass die Mitarbeiter des Kensington Palace versuchten, sich zu sch\u00fctzen, indem sie Kate die Schuld auf sich nehmen lie\u00dfen.<\/p>\n\n\n\n<p><strong>Eden schloss<\/strong> Er erkl\u00e4rte, dass William neue Beamte ernennen sollte, die bereit seien, seine Entscheidungen zu hinterfragen und ihm ehrliche Ratschl\u00e4ge zu geben.<\/p>\n\n\n\n<p><strong>Die Geschichte warf mehrere Fragen auf<\/strong> \u00fcber die Pflege des \u00f6ffentlichen Images der k\u00f6niglichen Familie und die Verantwortung des Personals des Kensington Palace. Kates Entscheidung, die Schuld auf sich zu nehmen, hat viele bewegt, aber auch eine Debatte \u00fcber ihre Verletzlichkeit und ihre Rolle innerhalb der Monarchie ausgel\u00f6st.<\/p>\n\n\n\n<p><strong>LESEN SIE ANDERE WELT-NEWS<\/strong><\/p>\n\n\n<ul class=\"wp-block-latest-posts__list wp-block-latest-posts\"><li><a class=\"wp-block-latest-posts__post-title\" href=\"https:\/\/newsvirali.it\/de\/2026\/02\/12\/emma-amit-tote-teufelskrabbe\/\">Vloggerin Emma Amit stirbt nach dem Verzehr einer giftigen Teufelskrabbe<\/a><\/li>\n<li><a class=\"wp-block-latest-posts__post-title\" href=\"https:\/\/newsvirali.it\/de\/2026\/02\/05\/drei-schwestern-begingen-selbstmord-in-indien\/\">Eltern konfiszieren Handys wegen exzessiven Spielens: Drei Schwestern begehen Selbstmord<\/a><\/li>\n<li><a class=\"wp-block-latest-posts__post-title\" href=\"https:\/\/newsvirali.it\/de\/2026\/01\/30\/festnahme-in-einem-ferienresort-in-florida-wegen-obszoner-handlungen\/\">Schockierende Szenen in einem Ferienresort in Florida: Mann wegen exhibitionistischer Handlungen mit einem Staubsauger verhaftet<\/a><\/li>\n<li><a class=\"wp-block-latest-posts__post-title\" href=\"https:\/\/newsvirali.it\/de\/2026\/01\/28\/betrunkener-vater-erhangt-sohn-in-schockierendem-video\/\">Betrunkener Vater h\u00e4ngt Sohn aus dem Fenster: Schockierendes Video<\/a><\/li>\n<li><a class=\"wp-block-latest-posts__post-title\" href=\"https:\/\/newsvirali.it\/de\/2026\/01\/27\/schwangere-lehrerin-und-13-jahrige-schulerin\/\">Lehrerin gibt zu, von 13-j\u00e4hrigem Sch\u00fcler schwanger geworden zu sein<\/a><\/li>\n<\/ul><br \/>Folgen Sie uns auch auf Google News: <b><a href=\"https:\/\/news.google.com\/publications\/CAAqBwgKMNqJiwswjMfqAg?hl=it&gl=IT&ceid=IT:it\" target=\"_blank\">klicken Sie hier<\/a><\/b>","protected":false},"excerpt":{"rendered":"<p>Kate Middleton hat sich f\u00fcr das gef\u00e4lschte Familienfoto entschuldigt, das zum Muttertag ver\u00f6ffentlicht wurde und [...]<\/p>","protected":false},"author":4,"featured_media":19215,"comment_status":"open","ping_status":"open","sticky":false,"template":"","format":"standard","meta":{"MSN_Categories":"Uncategorized","MSN_Publish_Option":false,"MSN_Is_Local_News":false,"MSN_Is_AIAC_Included":"Empty","MSN_Location":"[]","MSN_Add_Feature_Img_On_Top_Of_Post":false,"MSN_Has_Custom_Author":false,"MSN_Custom_Author":"","MSN_Has_Custom_Canonical_Url":false,"MSN_Custom_Canonical_Url":"","footnotes":""},"categories":[464,9],"tags":[],"class_list":["post-19736","post","type-post","status-publish","format-standard","has-post-thumbnail","hentry","category-_tedesco","category-mondo"],"acf":[],"yoast_head":"<!-- This site is optimized with the Yoast SEO Premium plugin v26.7 (Yoast SEO v26.7) - https:\/\/yoast.com\/wordpress\/plugins\/seo\/ -->\n<title>Kate Middleton si prende colpa della foto fake: tragico retroscena?<\/title>\n<meta name=\"description\" content=\"Kate Middleton si \u00e8 scusata per la foto di famiglia fake ma dietro a questa scelta ci sarebbe un episodio tragico: ecco quale.\" \/>\n<meta name=\"robots\" content=\"index, follow, max-snippet:-1, max-image-preview:large, max-video-preview:-1\" \/>\n<link rel=\"canonical\" href=\"https:\/\/newsvirali.it\/de\/2024\/03\/17\/kate-middleton-est-blamee-pour-une-photo-retouchee-avec-une-histoire-tragique\/\" \/>\n<meta property=\"og:locale\" content=\"de_DE\" \/>\n<meta property=\"og:type\" content=\"article\" \/>\n<meta property=\"og:title\" content=\"Kate Middleton si assume la colpa per la foto &quot;ritoccata&quot;: tragico retroscena?\" \/>\n<meta property=\"og:description\" content=\"Kate Middleton si \u00e8 scusata per la foto di famiglia fake ma dietro a questa scelta ci sarebbe un episodio tragico: ecco quale.\" \/>\n<meta property=\"og:url\" content=\"https:\/\/newsvirali.it\/de\/2024\/03\/17\/kate-middleton-est-blamee-pour-une-photo-retouchee-avec-une-histoire-tragique\/\" \/>\n<meta property=\"og:site_name\" content=\"News virali\" \/>\n<meta property=\"article:published_time\" content=\"2024-03-17T16:18:17+00:00\" \/>\n<meta property=\"article:modified_time\" content=\"2024-03-17T16:18:18+00:00\" \/>\n<meta property=\"og:image\" content=\"https:\/\/newsvirali.it\/wp-content\/uploads\/2024\/03\/kate-dettagli-foto-ritoccata1.jpg\" \/>\n\t<meta property=\"og:image:width\" content=\"1080\" \/>\n\t<meta property=\"og:image:height\" content=\"1350\" \/>\n\t<meta property=\"og:image:type\" content=\"image\/jpeg\" \/>\n<meta name=\"author\" content=\"Cecco Prestina\" \/>\n<meta name=\"twitter:card\" content=\"summary_large_image\" \/>\n<meta name=\"twitter:label1\" content=\"Verfasst von\" \/>\n\t<meta name=\"twitter:data1\" content=\"Cecco Prestina\" \/>\n\t<meta name=\"twitter:label2\" content=\"Gesch\u00e4tzte Lesezeit\" \/>\n\t<meta name=\"twitter:data2\" content=\"2\u00a0Minuten\" \/>\n<script type=\"application\/ld+json\" class=\"yoast-schema-graph\">{\"@context\":\"https:\/\/schema.org\",\"@graph\":[{\"@type\":\"NewsArticle\",\"@id\":\"https:\/\/newsvirali.it\/fr\/2024\/03\/17\/kate-middleton-est-blamee-pour-une-photo-retouchee-avec-une-histoire-tragique\/#article\",\"isPartOf\":{\"@id\":\"https:\/\/newsvirali.it\/fr\/2024\/03\/17\/kate-middleton-est-blamee-pour-une-photo-retouchee-avec-une-histoire-tragique\/\"},\"author\":{\"name\":\"Cecco Prestina\",\"@id\":\"https:\/\/newsvirali.it\/fr\/#\/schema\/person\/4c835f7b49c9adb58b33901ee816565d\"},\"headline\":\"Kate Middleton si assume la colpa per la foto &#8220;ritoccata&#8221;: tragico retroscena?\",\"datePublished\":\"2024-03-17T16:18:17+00:00\",\"dateModified\":\"2024-03-17T16:18:18+00:00\",\"mainEntityOfPage\":{\"@id\":\"https:\/\/newsvirali.it\/fr\/2024\/03\/17\/kate-middleton-est-blamee-pour-une-photo-retouchee-avec-une-histoire-tragique\/\"},\"wordCount\":379,\"commentCount\":0,\"image\":{\"@id\":\"https:\/\/newsvirali.it\/fr\/2024\/03\/17\/kate-middleton-est-blamee-pour-une-photo-retouchee-avec-une-histoire-tragique\/#primaryimage\"},\"thumbnailUrl\":\"https:\/\/newsvirali.it\/wp-content\/uploads\/2024\/03\/kate-dettagli-foto-ritoccata1.jpg\",\"articleSection\":[\"_tedesco\",\"Mondo\"],\"inLanguage\":\"de\",\"potentialAction\":[{\"@type\":\"CommentAction\",\"name\":\"Comment\",\"target\":[\"https:\/\/newsvirali.it\/fr\/2024\/03\/17\/kate-middleton-est-blamee-pour-une-photo-retouchee-avec-une-histoire-tragique\/#respond\"]}],\"copyrightYear\":\"2024\",\"copyrightHolder\":{\"@id\":\"https:\/\/newsvirali.it\/de\/#organization\"}},{\"@type\":\"WebPage\",\"@id\":\"https:\/\/newsvirali.it\/fr\/2024\/03\/17\/kate-middleton-est-blamee-pour-une-photo-retouchee-avec-une-histoire-tragique\/\",\"url\":\"https:\/\/newsvirali.it\/fr\/2024\/03\/17\/kate-middleton-est-blamee-pour-une-photo-retouchee-avec-une-histoire-tragique\/\",\"name\":\"Kate Middleton si prende colpa della foto fake: tragico retroscena?\",\"isPartOf\":{\"@id\":\"https:\/\/newsvirali.it\/fr\/#website\"},\"primaryImageOfPage\":{\"@id\":\"https:\/\/newsvirali.it\/fr\/2024\/03\/17\/kate-middleton-est-blamee-pour-une-photo-retouchee-avec-une-histoire-tragique\/#primaryimage\"},\"image\":{\"@id\":\"https:\/\/newsvirali.it\/fr\/2024\/03\/17\/kate-middleton-est-blamee-pour-une-photo-retouchee-avec-une-histoire-tragique\/#primaryimage\"},\"thumbnailUrl\":\"https:\/\/newsvirali.it\/wp-content\/uploads\/2024\/03\/kate-dettagli-foto-ritoccata1.jpg\",\"datePublished\":\"2024-03-17T16:18:17+00:00\",\"dateModified\":\"2024-03-17T16:18:18+00:00\",\"author\":{\"@id\":\"https:\/\/newsvirali.it\/fr\/#\/schema\/person\/4c835f7b49c9adb58b33901ee816565d\"},\"description\":\"Kate Middleton si \u00e8 scusata per la foto di famiglia fake ma dietro a questa scelta ci sarebbe un episodio tragico: ecco quale.\",\"breadcrumb\":{\"@id\":\"https:\/\/newsvirali.it\/fr\/2024\/03\/17\/kate-middleton-est-blamee-pour-une-photo-retouchee-avec-une-histoire-tragique\/#breadcrumb\"},\"inLanguage\":\"de\",\"potentialAction\":[{\"@type\":\"ReadAction\",\"target\":[\"https:\/\/newsvirali.it\/fr\/2024\/03\/17\/kate-middleton-est-blamee-pour-une-photo-retouchee-avec-une-histoire-tragique\/\"]}]},{\"@type\":\"ImageObject\",\"inLanguage\":\"de\",\"@id\":\"https:\/\/newsvirali.it\/fr\/2024\/03\/17\/kate-middleton-est-blamee-pour-une-photo-retouchee-avec-une-histoire-tragique\/#primaryimage\",\"url\":\"https:\/\/newsvirali.it\/wp-content\/uploads\/2024\/03\/kate-dettagli-foto-ritoccata1.jpg\",\"contentUrl\":\"https:\/\/newsvirali.it\/wp-content\/uploads\/2024\/03\/kate-dettagli-foto-ritoccata1.jpg\",\"width\":1080,\"height\":1350,\"caption\":\"Kate Middleton scuse foto fake\"},{\"@type\":\"BreadcrumbList\",\"@id\":\"https:\/\/newsvirali.it\/fr\/2024\/03\/17\/kate-middleton-est-blamee-pour-une-photo-retouchee-avec-une-histoire-tragique\/#breadcrumb\",\"itemListElement\":[{\"@type\":\"ListItem\",\"position\":1,\"name\":\"Home\",\"item\":\"https:\/\/newsvirali.it\/fr\/\"},{\"@type\":\"ListItem\",\"position\":2,\"name\":\"Kate Middleton si assume la colpa per la foto &#8220;ritoccata&#8221;: tragico retroscena?\"}]},{\"@type\":\"WebSite\",\"@id\":\"https:\/\/newsvirali.it\/fr\/#website\",\"url\":\"https:\/\/newsvirali.it\/fr\/\",\"name\":\"Bake News\",\"description\":\"\",\"potentialAction\":[{\"@type\":\"SearchAction\",\"target\":{\"@type\":\"EntryPoint\",\"urlTemplate\":\"https:\/\/newsvirali.it\/fr\/?s={search_term_string}\"},\"query-input\":{\"@type\":\"PropertyValueSpecification\",\"valueRequired\":true,\"valueName\":\"search_term_string\"}}],\"inLanguage\":\"de\"},{\"@type\":\"Person\",\"@id\":\"https:\/\/newsvirali.it\/fr\/#\/schema\/person\/4c835f7b49c9adb58b33901ee816565d\",\"name\":\"Cecco Prestina\",\"description\":\"Perch\u00e9 nasconderlo? Cecco Prestina \u00e8 un alias, ma dietro di lui non si cela un algoritmo di intelligenza artificiale. C'\u00e8 un giornalista che ha oltre vent'anni di esperienza tutta sul web. Da quando il primo modem ha iniziato a gracchiare sul territorio italiano con Video on Line, Cecco ha capito che da quel doppino sarebbe passato il futuro. Ha dedidicato tutta la sua carriera a capire Internet e poi i social e ora l'Ai. Una carriera in costante aggiornamento. E questa esperienza la mette in campo ogni giorno. Per\u00f2 ogni tanto Cecco ha voglia anche di non scrivere \\\"pipponi\\\" sulla politica, sull'economia. Ha voglia anche di scrivere qualcosa di divertente. Le notizie che trovate su Bake News sono le stesse che Cecco porta all'aperitivo con gli amici. Quelle di cui discutere per farsi due risate. Notizie, vere (qualche volta si fa fatica a crederlo), strane, divertenti, ma anche serie. Bake News \u00e8 nato per questo, dare al pubblico notizie croccanti e calde come il pane che esce dal forno. E Cecco Prestina \u00e8 nato con Bake News.\",\"url\":\"https:\/\/newsvirali.it\/de\/autore\/cecco-prestina\/\"}]}<\/script>\n<!-- \/ Yoast SEO Premium plugin. -->","yoast_head_json":{"title":"Kate Middleton si prende colpa della foto fake: tragico retroscena?","description":"Kate Middleton si \u00e8 scusata per la foto di famiglia fake ma dietro a questa scelta ci sarebbe un episodio tragico: ecco quale.","robots":{"index":"index","follow":"follow","max-snippet":"max-snippet:-1","max-image-preview":"max-image-preview:large","max-video-preview":"max-video-preview:-1"},"canonical":"https:\/\/newsvirali.it\/de\/2024\/03\/17\/kate-middleton-est-blamee-pour-une-photo-retouchee-avec-une-histoire-tragique\/","og_locale":"de_DE","og_type":"article","og_title":"Kate Middleton si assume la colpa per la foto \"ritoccata\": tragico retroscena?","og_description":"Kate Middleton si \u00e8 scusata per la foto di famiglia fake ma dietro a questa scelta ci sarebbe un episodio tragico: ecco quale.","og_url":"https:\/\/newsvirali.it\/de\/2024\/03\/17\/kate-middleton-est-blamee-pour-une-photo-retouchee-avec-une-histoire-tragique\/","og_site_name":"News virali","article_published_time":"2024-03-17T16:18:17+00:00","article_modified_time":"2024-03-17T16:18:18+00:00","og_image":[{"width":1080,"height":1350,"url":"https:\/\/newsvirali.it\/wp-content\/uploads\/2024\/03\/kate-dettagli-foto-ritoccata1.jpg","type":"image\/jpeg"}],"author":"Cecco Prestina","twitter_card":"summary_large_image","twitter_misc":{"Verfasst von":"Cecco Prestina","Gesch\u00e4tzte Lesezeit":"2\u00a0Minuten"},"schema":{"@context":"https:\/\/schema.org","@graph":[{"@type":"NewsArticle","@id":"https:\/\/newsvirali.it\/fr\/2024\/03\/17\/kate-middleton-est-blamee-pour-une-photo-retouchee-avec-une-histoire-tragique\/#article","isPartOf":{"@id":"https:\/\/newsvirali.it\/fr\/2024\/03\/17\/kate-middleton-est-blamee-pour-une-photo-retouchee-avec-une-histoire-tragique\/"},"author":{"name":"Cecco Prestina","@id":"https:\/\/newsvirali.it\/fr\/#\/schema\/person\/4c835f7b49c9adb58b33901ee816565d"},"headline":"Kate Middleton si assume la colpa per la foto &#8220;ritoccata&#8221;: tragico retroscena?","datePublished":"2024-03-17T16:18:17+00:00","dateModified":"2024-03-17T16:18:18+00:00","mainEntityOfPage":{"@id":"https:\/\/newsvirali.it\/fr\/2024\/03\/17\/kate-middleton-est-blamee-pour-une-photo-retouchee-avec-une-histoire-tragique\/"},"wordCount":379,"commentCount":0,"image":{"@id":"https:\/\/newsvirali.it\/fr\/2024\/03\/17\/kate-middleton-est-blamee-pour-une-photo-retouchee-avec-une-histoire-tragique\/#primaryimage"},"thumbnailUrl":"https:\/\/newsvirali.it\/wp-content\/uploads\/2024\/03\/kate-dettagli-foto-ritoccata1.jpg","articleSection":["_tedesco","Mondo"],"inLanguage":"de","potentialAction":[{"@type":"CommentAction","name":"Comment","target":["https:\/\/newsvirali.it\/fr\/2024\/03\/17\/kate-middleton-est-blamee-pour-une-photo-retouchee-avec-une-histoire-tragique\/#respond"]}],"copyrightYear":"2024","copyrightHolder":{"@id":"https:\/\/newsvirali.it\/de\/#organization"}},{"@type":"WebPage","@id":"https:\/\/newsvirali.it\/fr\/2024\/03\/17\/kate-middleton-est-blamee-pour-une-photo-retouchee-avec-une-histoire-tragique\/","url":"https:\/\/newsvirali.it\/fr\/2024\/03\/17\/kate-middleton-est-blamee-pour-une-photo-retouchee-avec-une-histoire-tragique\/","name":"Kate Middleton si prende colpa della foto fake: tragico retroscena?","isPartOf":{"@id":"https:\/\/newsvirali.it\/fr\/#website"},"primaryImageOfPage":{"@id":"https:\/\/newsvirali.it\/fr\/2024\/03\/17\/kate-middleton-est-blamee-pour-une-photo-retouchee-avec-une-histoire-tragique\/#primaryimage"},"image":{"@id":"https:\/\/newsvirali.it\/fr\/2024\/03\/17\/kate-middleton-est-blamee-pour-une-photo-retouchee-avec-une-histoire-tragique\/#primaryimage"},"thumbnailUrl":"https:\/\/newsvirali.it\/wp-content\/uploads\/2024\/03\/kate-dettagli-foto-ritoccata1.jpg","datePublished":"2024-03-17T16:18:17+00:00","dateModified":"2024-03-17T16:18:18+00:00","author":{"@id":"https:\/\/newsvirali.it\/fr\/#\/schema\/person\/4c835f7b49c9adb58b33901ee816565d"},"description":"Kate Middleton si \u00e8 scusata per la foto di famiglia fake ma dietro a questa scelta ci sarebbe un episodio tragico: ecco quale.","breadcrumb":{"@id":"https:\/\/newsvirali.it\/fr\/2024\/03\/17\/kate-middleton-est-blamee-pour-une-photo-retouchee-avec-une-histoire-tragique\/#breadcrumb"},"inLanguage":"de","potentialAction":[{"@type":"ReadAction","target":["https:\/\/newsvirali.it\/fr\/2024\/03\/17\/kate-middleton-est-blamee-pour-une-photo-retouchee-avec-une-histoire-tragique\/"]}]},{"@type":"ImageObject","inLanguage":"de","@id":"https:\/\/newsvirali.it\/fr\/2024\/03\/17\/kate-middleton-est-blamee-pour-une-photo-retouchee-avec-une-histoire-tragique\/#primaryimage","url":"https:\/\/newsvirali.it\/wp-content\/uploads\/2024\/03\/kate-dettagli-foto-ritoccata1.jpg","contentUrl":"https:\/\/newsvirali.it\/wp-content\/uploads\/2024\/03\/kate-dettagli-foto-ritoccata1.jpg","width":1080,"height":1350,"caption":"Kate Middleton scuse foto fake"},{"@type":"BreadcrumbList","@id":"https:\/\/newsvirali.it\/fr\/2024\/03\/17\/kate-middleton-est-blamee-pour-une-photo-retouchee-avec-une-histoire-tragique\/#breadcrumb","itemListElement":[{"@type":"ListItem","position":1,"name":"Home","item":"https:\/\/newsvirali.it\/fr\/"},{"@type":"ListItem","position":2,"name":"Kate Middleton si assume la colpa per la foto &#8220;ritoccata&#8221;: tragico retroscena?"}]},{"@type":"WebSite","@id":"https:\/\/newsvirali.it\/fr\/#website","url":"https:\/\/newsvirali.it\/fr\/","name":"Bake News","description":"","potentialAction":[{"@type":"SearchAction","target":{"@type":"EntryPoint","urlTemplate":"https:\/\/newsvirali.it\/fr\/?s={search_term_string}"},"query-input":{"@type":"PropertyValueSpecification","valueRequired":true,"valueName":"search_term_string"}}],"inLanguage":"de"},{"@type":"Person","@id":"https:\/\/newsvirali.it\/fr\/#\/schema\/person\/4c835f7b49c9adb58b33901ee816565d","name":"Cecco Prestina","description":"Perch\u00e9 nasconderlo? Cecco Prestina \u00e8 un alias, ma dietro di lui non si cela un algoritmo di intelligenza artificiale. C'\u00e8 un giornalista che ha oltre vent'anni di esperienza tutta sul web. Da quando il primo modem ha iniziato a gracchiare sul territorio italiano con Video on Line, Cecco ha capito che da quel doppino sarebbe passato il futuro. Ha dedidicato tutta la sua carriera a capire Internet e poi i social e ora l'Ai. Una carriera in costante aggiornamento. E questa esperienza la mette in campo ogni giorno. Per\u00f2 ogni tanto Cecco ha voglia anche di non scrivere \"pipponi\" sulla politica, sull'economia. Ha voglia anche di scrivere qualcosa di divertente. Le notizie che trovate su Bake News sono le stesse che Cecco porta all'aperitivo con gli amici. Quelle di cui discutere per farsi due risate. Notizie, vere (qualche volta si fa fatica a crederlo), strane, divertenti, ma anche serie. Bake News \u00e8 nato per questo, dare al pubblico notizie croccanti e calde come il pane che esce dal forno. E Cecco Prestina \u00e8 nato con Bake News.","url":"https:\/\/newsvirali.it\/de\/autore\/cecco-prestina\/"}]}},"_links":{"self":[{"href":"https:\/\/newsvirali.it\/de\/wp-json\/wp\/v2\/posts\/19736","targetHints":{"allow":["GET"]}}],"collection":[{"href":"https:\/\/newsvirali.it\/de\/wp-json\/wp\/v2\/posts"}],"about":[{"href":"https:\/\/newsvirali.it\/de\/wp-json\/wp\/v2\/types\/post"}],"author":[{"embeddable":true,"href":"https:\/\/newsvirali.it\/de\/wp-json\/wp\/v2\/users\/4"}],"replies":[{"embeddable":true,"href":"https:\/\/newsvirali.it\/de\/wp-json\/wp\/v2\/comments?post=19736"}],"version-history":[{"count":7,"href":"https:\/\/newsvirali.it\/de\/wp-json\/wp\/v2\/posts\/19736\/revisions"}],"predecessor-version":[{"id":19743,"href":"https:\/\/newsvirali.it\/de\/wp-json\/wp\/v2\/posts\/19736\/revisions\/19743"}],"wp:featuredmedia":[{"embeddable":true,"href":"https:\/\/newsvirali.it\/de\/wp-json\/wp\/v2\/media\/19215"}],"wp:attachment":[{"href":"https:\/\/newsvirali.it\/de\/wp-json\/wp\/v2\/media?parent=19736"}],"wp:term":[{"taxonomy":"category","embeddable":true,"href":"https:\/\/newsvirali.it\/de\/wp-json\/wp\/v2\/categories?post=19736"},{"taxonomy":"post_tag","embeddable":true,"href":"https:\/\/newsvirali.it\/de\/wp-json\/wp\/v2\/tags?post=19736"}],"curies":[{"name":"wp","href":"https:\/\/api.w.org\/{rel}","templated":true}]}}