{"id":15982,"date":"2024-02-05T12:40:18","date_gmt":"2024-02-05T11:40:18","guid":{"rendered":"https:\/\/www.bakenews.it\/?p=15982"},"modified":"2024-02-05T14:02:29","modified_gmt":"2024-02-05T13:02:29","slug":"victoria-de-angelis-costretta-da-armani-a-mettersi-le-mutandine","status":"publish","type":"post","link":"https:\/\/newsvirali.it\/de\/2024\/02\/05\/victoria-de-angelis-wird-von-armani-gezwungen-hoschen-zu-tragen\/","title":{"rendered":"Victoria De Angelis wird von Armani \u201egezwungen\u201c, H\u00f6schen zu tragen"},"content":{"rendered":"<p>Victoria De Angelis, Bassistin von M\u00e5neskin, liebt es, sich in ihren sozialen Netzwerken ohne Unterw\u00e4sche zu zeigen, aber jetzt muss sie \u201ewegen\u201c Armani anfangen, H\u00f6schen und einen BH zu tragen. Die Rockerin Victoria De Angelis wurde als Protagonistin der neuen Unterw\u00e4sche-Kampagne von Emporio Armani ausgew\u00e4hlt, fotografiert von Giampaolo Sgura. Der in einigen Schwarz-Wei\u00df-Aufnahmen dargestellte Rockbandmusiker ist das Gesicht der Unterw\u00e4sche f\u00fcr den n\u00e4chsten Fr\u00fchling und Sommer.<\/p>\n\n\n\n<p><strong>LESEN SIE AUCH<\/strong><\/p>\n\n\n\n<ul class=\"wp-block-list\">\n<li><a href=\"https:\/\/www.bakenews.it\/modella-sfida-i-social-si-sfila-le-mutandine-da-ikea-e-le-usa-come-elastico\/\">Model fordert soziale Medien heraus: Sie zieht ihr H\u00f6schen von Ikea aus und nutzt es als Gummiband<\/a><\/li>\n\n\n\n<li><a href=\"https:\/\/www.bakenews.it\/toglie-mutandine-lascia-su-scaffali-attrice-bandita-da-centro-commerciale\/\">Sie zieht ihr H\u00f6schen aus und l\u00e4sst es im Regal liegen: Schauspielerin aus Einkaufszentrum verbannt<\/a><\/li>\n\n\n\n<li><a href=\"https:\/\/www.bakenews.it\/elodie-e-il-giallo-delle-mutandine-social-scatenati-le-porta\/\">Elodie und das gelbe H\u00f6schen, wilde soziale Medien: Tr\u00e4gt sie sie?<\/a><\/li>\n\n\n\n<li><a href=\"https:\/\/www.bakenews.it\/cantante-si-fa-sfilare-le-mutandine-dai-fan-ai-concerti-e-diventa-famosa\/\">S\u00e4ngerin l\u00e4sst sich bei Konzerten von Fans ihr H\u00f6schen ausziehen und wird ber\u00fchmt<\/a><\/li>\n<\/ul>\n\n\n\n<h2 class=\"wp-block-heading\" id=\"h-victoria-de-angelis-sui-social-mutandine-al-vento\">Victoria De Angelis H\u00f6schen im Wind in den sozialen Medien<\/h2>\n\n\n\n<p>Victoria De Angelis hatte nie Angst, sich zu zeigen, und tats\u00e4chlich hat ihre Nacktheit immer Aufmerksamkeit erregt und manchmal einen Skandal ausgel\u00f6st. So geschehen bei Maneskins Auftritt bei den MTV Video Music Awards. Victoria wurde \u201egezwungen\u201c, ihre Br\u00fcste mit Aufklebern zu bedecken. Und sie selbst prangerte in einem Interview die Widerspr\u00fcche eines Landes an, das trotz allem ein Fanatiker ist: \u201eWir sind zu hei\u00df f\u00fcr das amerikanische Fernsehen. Es ist dumm, weil sie so offen aussehen wollen und sich dann vor ein paar Br\u00fcsten f\u00fcrchten. Es gibt diesen Unterschied zwischen dem m\u00e4nnlichen und dem weiblichen K\u00f6rper und wie man zu jeder Zeit wahrgenommen und sexualisiert wird.\u201c<\/p>\n\n\n\n<h2 class=\"wp-block-heading\" id=\"h-i-post-scandalo-di-victoria-sui-social\">Victorias skandal\u00f6se Beitr\u00e4ge in den sozialen Medien<\/h2>\n\n\n\n<p>Aber selbst als sich die Maneskin-Bassistin zudeckt, sorgt sie f\u00fcr Diskussionen. Auf der <strong><a href=\"https:\/\/www.instagram.com\/vicdeangelis\/\" target=\"_blank\" rel=\"noreferrer noopener\">sein Instagram<\/a><\/strong> Immer gro\u00dfz\u00fcgig mit saftigen Fotos, tauchte sie vor einiger Zeit im \u201eHoly Trinity\u201c-Bikini auf. Sie liegt im Badeanzug auf einem Sofa, hat ein Kruzifix um den Hals und auf den beiden Teilen des Bikinis steht geschrieben: \u201eVater, Sohn, Heiliger Geist\u201c. Sicher ist, dass ihre Nacktheit von nun an f\u00fcr einige Zeit teilweise von den Kreationen von K\u00f6nig Giorgio Armani bedeckt sein wird.<\/p>\n\n\n\n<p><strong>LESEN SIE WEITERE UNTERHALTUNGSNEWS<\/strong><\/p>\n\n\n<ul class=\"wp-block-latest-posts__list wp-block-latest-posts\"><li><a class=\"wp-block-latest-posts__post-title\" href=\"https:\/\/newsvirali.it\/de\/2026\/02\/02\/skandalose-looks-bei-den-grammys-2026\/\">Grammy Awards 2026: Latex und bodenlange Kleider: Die skandal\u00f6sesten Looks von Heidi Klum und Chappell Roan<\/a><\/li>\n<li><a class=\"wp-block-latest-posts__post-title\" href=\"https:\/\/newsvirali.it\/de\/2026\/01\/28\/alexis-ortega-toter-spider-man\/\">Marvel trauert um den Tod des legend\u00e4ren Spider-Man-Synchronsprechers<\/a><\/li>\n<li><a class=\"wp-block-latest-posts__post-title\" href=\"https:\/\/newsvirali.it\/de\/2026\/01\/27\/charli-xcx-beim-sundance-shooting-in-dessous\/\">Charli XCX trotzt der K\u00e4lte beim Sundance Film Festival: ein Dessous-Shooting bei Minusgraden<\/a><\/li>\n<li><a class=\"wp-block-latest-posts__post-title\" href=\"https:\/\/newsvirali.it\/de\/2026\/01\/26\/quinton-aaron-befindet-sich-in-kritischem-zustand\/\">Der Schauspieler Quinton Aaron befindet sich nach einem schweren Haushaltsunfall in kritischem Zustand.<\/a><\/li>\n<li><a class=\"wp-block-latest-posts__post-title\" href=\"https:\/\/newsvirali.it\/de\/2026\/01\/15\/freddie-mercurys-geheime-tochter-starb\/\">Freddie Mercurys geheime Tochter stirbt mit 48 Jahren<\/a><\/li>\n<\/ul><br \/>Folgen Sie uns auch auf Google News: <b><a href=\"https:\/\/news.google.com\/publications\/CAAqBwgKMNqJiwswjMfqAg?hl=it&gl=IT&ceid=IT:it\" target=\"_blank\">klicken Sie hier<\/a><\/b>","protected":false},"excerpt":{"rendered":"<p>Victoria De Angelis, Bassistin von M\u00e5neskin, liebt es, sich in ihren sozialen Netzwerken ohne Unterw\u00e4sche zu zeigen, aber jetzt muss sie anfangen, H\u00f6schen zu tragen [\u2026]<\/p>","protected":false},"author":4,"featured_media":16007,"comment_status":"open","ping_status":"open","sticky":false,"template":"","format":"standard","meta":{"MSN_Categories":"Uncategorized","MSN_Publish_Option":false,"MSN_Is_Local_News":false,"MSN_Is_AIAC_Included":"Empty","MSN_Location":"[]","MSN_Add_Feature_Img_On_Top_Of_Post":false,"MSN_Has_Custom_Author":false,"MSN_Custom_Author":"","MSN_Has_Custom_Canonical_Url":false,"MSN_Custom_Canonical_Url":"","footnotes":""},"categories":[17],"tags":[],"class_list":["post-15982","post","type-post","status-publish","format-standard","has-post-thumbnail","hentry","category-spettacolo"],"acf":[],"yoast_head":"<!-- This site is optimized with the Yoast SEO Premium plugin v26.7 (Yoast SEO v26.7) - https:\/\/yoast.com\/wordpress\/plugins\/seo\/ -->\n<title>Victoria De Angelis &quot;costretta&quot; da Armani a mettersi le mutandine<\/title>\n<meta name=\"description\" content=\"Victoria De Angelis ama mostrarsi senza l&#039;intimo sui suoi social ma ora dovr\u00e0 iniziare a indossare le mutandine per &quot;colpa&quot; di Armani.\" \/>\n<meta name=\"robots\" content=\"index, follow, max-snippet:-1, max-image-preview:large, max-video-preview:-1\" \/>\n<link rel=\"canonical\" href=\"https:\/\/newsvirali.it\/de\/2024\/02\/05\/victoria-de-angelis-obligada-por-armani-a-usar-bragas\/\" \/>\n<meta property=\"og:locale\" content=\"de_DE\" \/>\n<meta property=\"og:type\" content=\"article\" \/>\n<meta property=\"og:title\" content=\"Victoria De Angelis &quot;costretta&quot; da Armani a mettersi le mutandine\" \/>\n<meta property=\"og:description\" content=\"Victoria De Angelis ama mostrarsi senza l&#039;intimo sui suoi social ma ora dovr\u00e0 iniziare a indossare le mutandine per &quot;colpa&quot; di Armani.\" \/>\n<meta property=\"og:url\" content=\"https:\/\/newsvirali.it\/de\/2024\/02\/05\/victoria-de-angelis-obligada-por-armani-a-usar-bragas\/\" \/>\n<meta property=\"og:site_name\" content=\"News virali\" \/>\n<meta property=\"article:published_time\" content=\"2024-02-05T11:40:18+00:00\" \/>\n<meta property=\"article:modified_time\" content=\"2024-02-05T13:02:29+00:00\" \/>\n<meta property=\"og:image\" content=\"https:\/\/newsvirali.it\/wp-content\/uploads\/2024\/02\/MixCollage-05-Feb-2024-01-07-PM-2695.jpg\" \/>\n\t<meta property=\"og:image:width\" content=\"2560\" \/>\n\t<meta property=\"og:image:height\" content=\"1440\" \/>\n\t<meta property=\"og:image:type\" content=\"image\/jpeg\" \/>\n<meta name=\"author\" content=\"Cecco Prestina\" \/>\n<meta name=\"twitter:card\" content=\"summary_large_image\" \/>\n<meta name=\"twitter:label1\" content=\"Verfasst von\" \/>\n\t<meta name=\"twitter:data1\" content=\"Cecco Prestina\" \/>\n\t<meta name=\"twitter:label2\" content=\"Gesch\u00e4tzte Lesezeit\" \/>\n\t<meta name=\"twitter:data2\" content=\"2\u00a0Minuten\" \/>\n<script type=\"application\/ld+json\" class=\"yoast-schema-graph\">{\"@context\":\"https:\/\/schema.org\",\"@graph\":[{\"@type\":\"NewsArticle\",\"@id\":\"https:\/\/newsvirali.it\/es\/2024\/02\/05\/victoria-de-angelis-obligada-por-armani-a-usar-bragas\/#article\",\"isPartOf\":{\"@id\":\"https:\/\/newsvirali.it\/es\/2024\/02\/05\/victoria-de-angelis-obligada-por-armani-a-usar-bragas\/\"},\"author\":{\"name\":\"Cecco Prestina\",\"@id\":\"https:\/\/newsvirali.it\/fr\/#\/schema\/person\/4c835f7b49c9adb58b33901ee816565d\"},\"headline\":\"Victoria De Angelis &#8220;costretta&#8221; da Armani a mettersi le mutandine\",\"datePublished\":\"2024-02-05T11:40:18+00:00\",\"dateModified\":\"2024-02-05T13:02:29+00:00\",\"mainEntityOfPage\":{\"@id\":\"https:\/\/newsvirali.it\/es\/2024\/02\/05\/victoria-de-angelis-obligada-por-armani-a-usar-bragas\/\"},\"wordCount\":336,\"commentCount\":0,\"image\":{\"@id\":\"https:\/\/newsvirali.it\/es\/2024\/02\/05\/victoria-de-angelis-obligada-por-armani-a-usar-bragas\/#primaryimage\"},\"thumbnailUrl\":\"https:\/\/newsvirali.it\/wp-content\/uploads\/2024\/02\/MixCollage-05-Feb-2024-01-07-PM-2695.jpg\",\"articleSection\":[\"Spettacolo\"],\"inLanguage\":\"de\",\"potentialAction\":[{\"@type\":\"CommentAction\",\"name\":\"Comment\",\"target\":[\"https:\/\/newsvirali.it\/es\/2024\/02\/05\/victoria-de-angelis-obligada-por-armani-a-usar-bragas\/#respond\"]}],\"copyrightYear\":\"2024\",\"copyrightHolder\":{\"@id\":\"https:\/\/newsvirali.it\/de\/#organization\"}},{\"@type\":\"WebPage\",\"@id\":\"https:\/\/newsvirali.it\/es\/2024\/02\/05\/victoria-de-angelis-obligada-por-armani-a-usar-bragas\/\",\"url\":\"https:\/\/newsvirali.it\/es\/2024\/02\/05\/victoria-de-angelis-obligada-por-armani-a-usar-bragas\/\",\"name\":\"Victoria De Angelis \\\"costretta\\\" da Armani a mettersi le mutandine\",\"isPartOf\":{\"@id\":\"https:\/\/newsvirali.it\/fr\/#website\"},\"primaryImageOfPage\":{\"@id\":\"https:\/\/newsvirali.it\/es\/2024\/02\/05\/victoria-de-angelis-obligada-por-armani-a-usar-bragas\/#primaryimage\"},\"image\":{\"@id\":\"https:\/\/newsvirali.it\/es\/2024\/02\/05\/victoria-de-angelis-obligada-por-armani-a-usar-bragas\/#primaryimage\"},\"thumbnailUrl\":\"https:\/\/newsvirali.it\/wp-content\/uploads\/2024\/02\/MixCollage-05-Feb-2024-01-07-PM-2695.jpg\",\"datePublished\":\"2024-02-05T11:40:18+00:00\",\"dateModified\":\"2024-02-05T13:02:29+00:00\",\"author\":{\"@id\":\"https:\/\/newsvirali.it\/fr\/#\/schema\/person\/4c835f7b49c9adb58b33901ee816565d\"},\"description\":\"Victoria De Angelis ama mostrarsi senza l'intimo sui suoi social ma ora dovr\u00e0 iniziare a indossare le mutandine per \\\"colpa\\\" di Armani.\",\"breadcrumb\":{\"@id\":\"https:\/\/newsvirali.it\/es\/2024\/02\/05\/victoria-de-angelis-obligada-por-armani-a-usar-bragas\/#breadcrumb\"},\"inLanguage\":\"de\",\"potentialAction\":[{\"@type\":\"ReadAction\",\"target\":[\"https:\/\/newsvirali.it\/es\/2024\/02\/05\/victoria-de-angelis-obligada-por-armani-a-usar-bragas\/\"]}]},{\"@type\":\"ImageObject\",\"inLanguage\":\"de\",\"@id\":\"https:\/\/newsvirali.it\/es\/2024\/02\/05\/victoria-de-angelis-obligada-por-armani-a-usar-bragas\/#primaryimage\",\"url\":\"https:\/\/newsvirali.it\/wp-content\/uploads\/2024\/02\/MixCollage-05-Feb-2024-01-07-PM-2695.jpg\",\"contentUrl\":\"https:\/\/newsvirali.it\/wp-content\/uploads\/2024\/02\/MixCollage-05-Feb-2024-01-07-PM-2695.jpg\",\"width\":2560,\"height\":1440,\"caption\":\"Victoria De Angelis \\\"costretta\\\" da Armani a mettersi le mutandine\"},{\"@type\":\"BreadcrumbList\",\"@id\":\"https:\/\/newsvirali.it\/es\/2024\/02\/05\/victoria-de-angelis-obligada-por-armani-a-usar-bragas\/#breadcrumb\",\"itemListElement\":[{\"@type\":\"ListItem\",\"position\":1,\"name\":\"Home\",\"item\":\"https:\/\/newsvirali.it\/fr\/\"},{\"@type\":\"ListItem\",\"position\":2,\"name\":\"Victoria De Angelis &#8220;costretta&#8221; da Armani a mettersi le mutandine\"}]},{\"@type\":\"WebSite\",\"@id\":\"https:\/\/newsvirali.it\/fr\/#website\",\"url\":\"https:\/\/newsvirali.it\/fr\/\",\"name\":\"Bake News\",\"description\":\"\",\"potentialAction\":[{\"@type\":\"SearchAction\",\"target\":{\"@type\":\"EntryPoint\",\"urlTemplate\":\"https:\/\/newsvirali.it\/fr\/?s={search_term_string}\"},\"query-input\":{\"@type\":\"PropertyValueSpecification\",\"valueRequired\":true,\"valueName\":\"search_term_string\"}}],\"inLanguage\":\"de\"},{\"@type\":\"Person\",\"@id\":\"https:\/\/newsvirali.it\/fr\/#\/schema\/person\/4c835f7b49c9adb58b33901ee816565d\",\"name\":\"Cecco Prestina\",\"description\":\"Perch\u00e9 nasconderlo? Cecco Prestina \u00e8 un alias, ma dietro di lui non si cela un algoritmo di intelligenza artificiale. C'\u00e8 un giornalista che ha oltre vent'anni di esperienza tutta sul web. Da quando il primo modem ha iniziato a gracchiare sul territorio italiano con Video on Line, Cecco ha capito che da quel doppino sarebbe passato il futuro. Ha dedidicato tutta la sua carriera a capire Internet e poi i social e ora l'Ai. Una carriera in costante aggiornamento. E questa esperienza la mette in campo ogni giorno. Per\u00f2 ogni tanto Cecco ha voglia anche di non scrivere \\\"pipponi\\\" sulla politica, sull'economia. Ha voglia anche di scrivere qualcosa di divertente. Le notizie che trovate su Bake News sono le stesse che Cecco porta all'aperitivo con gli amici. Quelle di cui discutere per farsi due risate. Notizie, vere (qualche volta si fa fatica a crederlo), strane, divertenti, ma anche serie. Bake News \u00e8 nato per questo, dare al pubblico notizie croccanti e calde come il pane che esce dal forno. E Cecco Prestina \u00e8 nato con Bake News.\",\"url\":\"https:\/\/newsvirali.it\/de\/autore\/cecco-prestina\/\"}]}<\/script>\n<!-- \/ Yoast SEO Premium plugin. -->","yoast_head_json":{"title":"Victoria De Angelis \"costretta\" da Armani a mettersi le mutandine","description":"Victoria De Angelis ama mostrarsi senza l'intimo sui suoi social ma ora dovr\u00e0 iniziare a indossare le mutandine per \"colpa\" di Armani.","robots":{"index":"index","follow":"follow","max-snippet":"max-snippet:-1","max-image-preview":"max-image-preview:large","max-video-preview":"max-video-preview:-1"},"canonical":"https:\/\/newsvirali.it\/de\/2024\/02\/05\/victoria-de-angelis-obligada-por-armani-a-usar-bragas\/","og_locale":"de_DE","og_type":"article","og_title":"Victoria De Angelis \"costretta\" da Armani a mettersi le mutandine","og_description":"Victoria De Angelis ama mostrarsi senza l'intimo sui suoi social ma ora dovr\u00e0 iniziare a indossare le mutandine per \"colpa\" di Armani.","og_url":"https:\/\/newsvirali.it\/de\/2024\/02\/05\/victoria-de-angelis-obligada-por-armani-a-usar-bragas\/","og_site_name":"News virali","article_published_time":"2024-02-05T11:40:18+00:00","article_modified_time":"2024-02-05T13:02:29+00:00","og_image":[{"width":2560,"height":1440,"url":"https:\/\/newsvirali.it\/wp-content\/uploads\/2024\/02\/MixCollage-05-Feb-2024-01-07-PM-2695.jpg","type":"image\/jpeg"}],"author":"Cecco Prestina","twitter_card":"summary_large_image","twitter_misc":{"Verfasst von":"Cecco Prestina","Gesch\u00e4tzte Lesezeit":"2\u00a0Minuten"},"schema":{"@context":"https:\/\/schema.org","@graph":[{"@type":"NewsArticle","@id":"https:\/\/newsvirali.it\/es\/2024\/02\/05\/victoria-de-angelis-obligada-por-armani-a-usar-bragas\/#article","isPartOf":{"@id":"https:\/\/newsvirali.it\/es\/2024\/02\/05\/victoria-de-angelis-obligada-por-armani-a-usar-bragas\/"},"author":{"name":"Cecco Prestina","@id":"https:\/\/newsvirali.it\/fr\/#\/schema\/person\/4c835f7b49c9adb58b33901ee816565d"},"headline":"Victoria De Angelis &#8220;costretta&#8221; da Armani a mettersi le mutandine","datePublished":"2024-02-05T11:40:18+00:00","dateModified":"2024-02-05T13:02:29+00:00","mainEntityOfPage":{"@id":"https:\/\/newsvirali.it\/es\/2024\/02\/05\/victoria-de-angelis-obligada-por-armani-a-usar-bragas\/"},"wordCount":336,"commentCount":0,"image":{"@id":"https:\/\/newsvirali.it\/es\/2024\/02\/05\/victoria-de-angelis-obligada-por-armani-a-usar-bragas\/#primaryimage"},"thumbnailUrl":"https:\/\/newsvirali.it\/wp-content\/uploads\/2024\/02\/MixCollage-05-Feb-2024-01-07-PM-2695.jpg","articleSection":["Spettacolo"],"inLanguage":"de","potentialAction":[{"@type":"CommentAction","name":"Comment","target":["https:\/\/newsvirali.it\/es\/2024\/02\/05\/victoria-de-angelis-obligada-por-armani-a-usar-bragas\/#respond"]}],"copyrightYear":"2024","copyrightHolder":{"@id":"https:\/\/newsvirali.it\/de\/#organization"}},{"@type":"WebPage","@id":"https:\/\/newsvirali.it\/es\/2024\/02\/05\/victoria-de-angelis-obligada-por-armani-a-usar-bragas\/","url":"https:\/\/newsvirali.it\/es\/2024\/02\/05\/victoria-de-angelis-obligada-por-armani-a-usar-bragas\/","name":"Victoria De Angelis \"costretta\" da Armani a mettersi le mutandine","isPartOf":{"@id":"https:\/\/newsvirali.it\/fr\/#website"},"primaryImageOfPage":{"@id":"https:\/\/newsvirali.it\/es\/2024\/02\/05\/victoria-de-angelis-obligada-por-armani-a-usar-bragas\/#primaryimage"},"image":{"@id":"https:\/\/newsvirali.it\/es\/2024\/02\/05\/victoria-de-angelis-obligada-por-armani-a-usar-bragas\/#primaryimage"},"thumbnailUrl":"https:\/\/newsvirali.it\/wp-content\/uploads\/2024\/02\/MixCollage-05-Feb-2024-01-07-PM-2695.jpg","datePublished":"2024-02-05T11:40:18+00:00","dateModified":"2024-02-05T13:02:29+00:00","author":{"@id":"https:\/\/newsvirali.it\/fr\/#\/schema\/person\/4c835f7b49c9adb58b33901ee816565d"},"description":"Victoria De Angelis ama mostrarsi senza l'intimo sui suoi social ma ora dovr\u00e0 iniziare a indossare le mutandine per \"colpa\" di Armani.","breadcrumb":{"@id":"https:\/\/newsvirali.it\/es\/2024\/02\/05\/victoria-de-angelis-obligada-por-armani-a-usar-bragas\/#breadcrumb"},"inLanguage":"de","potentialAction":[{"@type":"ReadAction","target":["https:\/\/newsvirali.it\/es\/2024\/02\/05\/victoria-de-angelis-obligada-por-armani-a-usar-bragas\/"]}]},{"@type":"ImageObject","inLanguage":"de","@id":"https:\/\/newsvirali.it\/es\/2024\/02\/05\/victoria-de-angelis-obligada-por-armani-a-usar-bragas\/#primaryimage","url":"https:\/\/newsvirali.it\/wp-content\/uploads\/2024\/02\/MixCollage-05-Feb-2024-01-07-PM-2695.jpg","contentUrl":"https:\/\/newsvirali.it\/wp-content\/uploads\/2024\/02\/MixCollage-05-Feb-2024-01-07-PM-2695.jpg","width":2560,"height":1440,"caption":"Victoria De Angelis \"costretta\" da Armani a mettersi le mutandine"},{"@type":"BreadcrumbList","@id":"https:\/\/newsvirali.it\/es\/2024\/02\/05\/victoria-de-angelis-obligada-por-armani-a-usar-bragas\/#breadcrumb","itemListElement":[{"@type":"ListItem","position":1,"name":"Home","item":"https:\/\/newsvirali.it\/fr\/"},{"@type":"ListItem","position":2,"name":"Victoria De Angelis &#8220;costretta&#8221; da Armani a mettersi le mutandine"}]},{"@type":"WebSite","@id":"https:\/\/newsvirali.it\/fr\/#website","url":"https:\/\/newsvirali.it\/fr\/","name":"Bake News","description":"","potentialAction":[{"@type":"SearchAction","target":{"@type":"EntryPoint","urlTemplate":"https:\/\/newsvirali.it\/fr\/?s={search_term_string}"},"query-input":{"@type":"PropertyValueSpecification","valueRequired":true,"valueName":"search_term_string"}}],"inLanguage":"de"},{"@type":"Person","@id":"https:\/\/newsvirali.it\/fr\/#\/schema\/person\/4c835f7b49c9adb58b33901ee816565d","name":"Cecco Prestina","description":"Perch\u00e9 nasconderlo? Cecco Prestina \u00e8 un alias, ma dietro di lui non si cela un algoritmo di intelligenza artificiale. C'\u00e8 un giornalista che ha oltre vent'anni di esperienza tutta sul web. Da quando il primo modem ha iniziato a gracchiare sul territorio italiano con Video on Line, Cecco ha capito che da quel doppino sarebbe passato il futuro. Ha dedidicato tutta la sua carriera a capire Internet e poi i social e ora l'Ai. Una carriera in costante aggiornamento. E questa esperienza la mette in campo ogni giorno. Per\u00f2 ogni tanto Cecco ha voglia anche di non scrivere \"pipponi\" sulla politica, sull'economia. Ha voglia anche di scrivere qualcosa di divertente. Le notizie che trovate su Bake News sono le stesse che Cecco porta all'aperitivo con gli amici. Quelle di cui discutere per farsi due risate. Notizie, vere (qualche volta si fa fatica a crederlo), strane, divertenti, ma anche serie. Bake News \u00e8 nato per questo, dare al pubblico notizie croccanti e calde come il pane che esce dal forno. E Cecco Prestina \u00e8 nato con Bake News.","url":"https:\/\/newsvirali.it\/de\/autore\/cecco-prestina\/"}]}},"_links":{"self":[{"href":"https:\/\/newsvirali.it\/de\/wp-json\/wp\/v2\/posts\/15982","targetHints":{"allow":["GET"]}}],"collection":[{"href":"https:\/\/newsvirali.it\/de\/wp-json\/wp\/v2\/posts"}],"about":[{"href":"https:\/\/newsvirali.it\/de\/wp-json\/wp\/v2\/types\/post"}],"author":[{"embeddable":true,"href":"https:\/\/newsvirali.it\/de\/wp-json\/wp\/v2\/users\/4"}],"replies":[{"embeddable":true,"href":"https:\/\/newsvirali.it\/de\/wp-json\/wp\/v2\/comments?post=15982"}],"version-history":[{"count":10,"href":"https:\/\/newsvirali.it\/de\/wp-json\/wp\/v2\/posts\/15982\/revisions"}],"predecessor-version":[{"id":16017,"href":"https:\/\/newsvirali.it\/de\/wp-json\/wp\/v2\/posts\/15982\/revisions\/16017"}],"wp:featuredmedia":[{"embeddable":true,"href":"https:\/\/newsvirali.it\/de\/wp-json\/wp\/v2\/media\/16007"}],"wp:attachment":[{"href":"https:\/\/newsvirali.it\/de\/wp-json\/wp\/v2\/media?parent=15982"}],"wp:term":[{"taxonomy":"category","embeddable":true,"href":"https:\/\/newsvirali.it\/de\/wp-json\/wp\/v2\/categories?post=15982"},{"taxonomy":"post_tag","embeddable":true,"href":"https:\/\/newsvirali.it\/de\/wp-json\/wp\/v2\/tags?post=15982"}],"curies":[{"name":"wp","href":"https:\/\/api.w.org\/{rel}","templated":true}]}}