{"id":15942,"date":"2024-02-03T09:25:40","date_gmt":"2024-02-03T08:25:40","guid":{"rendered":"https:\/\/www.bakenews.it\/?p=15942"},"modified":"2024-02-03T09:25:41","modified_gmt":"2024-02-03T08:25:41","slug":"meta-avvisa-gli-azionisti-mark-zuckerberg-potrebbe-morire","status":"publish","type":"post","link":"https:\/\/newsvirali.it\/de\/2024\/02\/03\/meta-warnt-aktionare-mark-zuckerberg-vor-dem-tod\/","title":{"rendered":"Meta warnt Aktion\u00e4re: Mark Zuckerberg k\u00f6nnte sterben"},"content":{"rendered":"<p>Mark Zuckerberg k\u00f6nnte sterben, seine Kritiker sagen es nicht, aber die internen Analysten von Meta \u201egeben\u201c es zu und warnen im Informationsdossier an die Aktion\u00e4re vor den Risiken, die der Gr\u00fcnder von Facebook eingeht. Die Liebe von Meta-CEO Mark Zuckerberg zu \u201ehochriskanten Aktivit\u00e4ten\u201c birgt das \u201eRisiko schwerer Verletzungen und des Todes\u201c. Dies ist in der j\u00fcngsten Erkl\u00e4rung an die Securities and Exchange Commission (die Stelle, die die amerikanische B\u00f6rse beaufsichtigt) nachzulesen und an die Anleger gerichtet.<\/p>\n\n\n\n<p><strong>LESEN SIE AUCH<\/strong><\/p>\n\n\n\n<ul class=\"wp-block-list\">\n<li><a href=\"https:\/\/www.bakenews.it\/mark-zuckerberg-con-gli-occhi-neri-pugni-in-faccia-da-musk\/\">Mark Zuckerberg mit schwarzen Augen: \u201eVon Musk ins Gesicht geschlagen\u201c<\/a><\/li>\n\n\n\n<li><a href=\"https:\/\/www.bakenews.it\/zuckerberg-dieta-lottatore-4mila-calorie-mcdonalds\/\">Zuckerberg verr\u00e4t die Di\u00e4t seines K\u00e4mpfers: 4.000 Kalorien von McDonald&#039;s<\/a><\/li>\n\n\n\n<li><a href=\"https:\/\/www.bakenews.it\/elon-musk-vuole-picchiare-zuckerberg-e-lui-lo-sfida-ti-prendo-a-calci-in-c-o\/\">Elon Musk will Zuckerberg verpr\u00fcgeln und fordert ihn heraus: \u201eIch werde dir in den Arsch treten\u201c<\/a><\/li>\n<\/ul>\n\n\n\n<h2 class=\"wp-block-heading\" id=\"h-mark-zuckerberg-potrebbe-morire-per-i-suoi-sport\">Mark Zuckerberg k\u00f6nnte f\u00fcr seinen Sport sterben<\/h2>\n\n\n\n<p>Die Warnung wurde zum ersten Mal in Metas 10-K-Anmeldung \u2013 einem umfassenden Bericht \u00fcber die Aktivit\u00e4ten des Technologieriesen bis 2023 \u2013 zu den \u201eRisikofaktoren\u201c f\u00fcr die Aus\u00fcbung gef\u00e4hrlicher Hobbys des 39-J\u00e4hrigen, zu denen Tragfl\u00e4chenbootfahren und Mixed Martial geh\u00f6ren, aufgenommen K\u00fcnste. K\u00fcrzlich erlitt Zuckerberg aufgrund seiner Leidenschaft f\u00fcr den Nahkampf im vergangenen November beim Training eine Verletzung des vorderen Kreuzbandes.<\/p>\n\n\n\n<p>Auf Instagram ver\u00f6ffentlichte er ein Foto, das ihn mit verbundenem linken Bein und mit einer Beinschiene in einem Krankenhausbett zeigt. Zuckerberg lernte w\u00e4hrend der Pandemie brasilianisches Jiujitsu und teilte w\u00e4hrend der Trainingseinheiten Fotos seines definierten K\u00f6rpers. Im vergangenen Mai gewann er Gold- und Silbermedaillen bei einem brasilianischen Jiu-Jitsu-Turnier. Der Facebook-Gr\u00fcnder ist auch ein begeisterter Surfer, obwohl seine Form von Internetnutzern l\u00e4cherlich gemacht wurde, die den Milliard\u00e4r verspotteten, weil er ein Video gepostet hatte, in dem er mit einer Americana-Flagge zur Melodie \u201eTake Me Home\u201c \u00fcber einen See rutschte. von John Denver.<\/p>\n\n\n\n<h2 class=\"wp-block-heading\" id=\"h-ora-vuole-diventare-pilota-d-aereo\">Jetzt m\u00f6chte er Airline-Pilot werden<\/h2>\n\n\n\n<p>Zuckerberg machte auch sein Flugpilotenlizenz-Studium. Nach Angaben der Federal Aviation Administration hat der Vater von drei Kindern letztes Jahr sein Flugsch\u00fclerzertifikat erworben. Metas j\u00fcngste SEC-Unterlagen schienen darauf hinzudeuten, dass Zuckerberg eine Ausbildung zum zertifizierten Piloten abgeschlossen hatte, und nannten seine gef\u00e4hrlichen Freizeitbesch\u00e4ftigungen \u201eKampfsport, Extremsport und Freizeitfliegerei\u201c.<\/p>\n\n\n\n<p>In der 10-K-Anmeldung wird au\u00dferdem gewarnt, dass, wenn beim Surfen, Training oder Fliegen von Zuckerberg etwas furchtbar schiefgeht, \u201ees erhebliche negative Auswirkungen auf den Betrieb unserer [Meta] haben k\u00f6nnte\u201c. \u201eWir sind derzeit auf die fortlaufenden Dienste und Leistungen unserer Schl\u00fcsselpersonen, darunter Mark Zuckerberg, angewiesen\u201c, hei\u00dft es in dem Dokument weiter. Diese Art von Mitteilung war nicht in der 10-K-Einreichung von Meta f\u00fcr 2022 enthalten und ist normalerweise auch nicht enthalten. Es ist unklar, warum das in Menlo Park, Kalifornien, ans\u00e4ssige Unternehmen beschlossen hat, die Warnung zu seinem neuesten 10-K-Wert hinzuzuf\u00fcgen.<\/p>\n\n\n\n<p><strong>LESEN SIE ANDERE WELT-NEWS<\/strong><\/p>\n\n\n<ul class=\"wp-block-latest-posts__list wp-block-latest-posts\"><li><a class=\"wp-block-latest-posts__post-title\" href=\"https:\/\/newsvirali.it\/de\/2026\/02\/12\/emma-amit-tote-teufelskrabbe\/\">Vloggerin Emma Amit stirbt nach dem Verzehr einer giftigen Teufelskrabbe<\/a><\/li>\n<li><a class=\"wp-block-latest-posts__post-title\" href=\"https:\/\/newsvirali.it\/de\/2026\/02\/05\/drei-schwestern-begingen-selbstmord-in-indien\/\">Eltern konfiszieren Handys wegen exzessiven Spielens: Drei Schwestern begehen Selbstmord<\/a><\/li>\n<li><a class=\"wp-block-latest-posts__post-title\" href=\"https:\/\/newsvirali.it\/de\/2026\/01\/30\/festnahme-in-einem-ferienresort-in-florida-wegen-obszoner-handlungen\/\">Schockierende Szenen in einem Ferienresort in Florida: Mann wegen exhibitionistischer Handlungen mit einem Staubsauger verhaftet<\/a><\/li>\n<li><a class=\"wp-block-latest-posts__post-title\" href=\"https:\/\/newsvirali.it\/de\/2026\/01\/28\/betrunkener-vater-erhangt-sohn-in-schockierendem-video\/\">Betrunkener Vater h\u00e4ngt Sohn aus dem Fenster: Schockierendes Video<\/a><\/li>\n<li><a class=\"wp-block-latest-posts__post-title\" href=\"https:\/\/newsvirali.it\/de\/2026\/01\/27\/schwangere-lehrerin-und-13-jahrige-schulerin\/\">Lehrerin gibt zu, von 13-j\u00e4hrigem Sch\u00fcler schwanger geworden zu sein<\/a><\/li>\n<\/ul><br \/>Folgen Sie uns auch auf Google News: <b><a href=\"https:\/\/news.google.com\/publications\/CAAqBwgKMNqJiwswjMfqAg?hl=it&gl=IT&ceid=IT:it\" target=\"_blank\">klicken Sie hier<\/a><\/b>","protected":false},"excerpt":{"rendered":"<p>Mark Zuckerberg k\u00f6nnte sterben, seine Kritiker sagen es nicht, aber die internen Analysten von Meta &quot;geben es zu&quot;, die in [...]<\/p>","protected":false},"author":4,"featured_media":15943,"comment_status":"open","ping_status":"open","sticky":false,"template":"","format":"standard","meta":{"MSN_Categories":"Uncategorized","MSN_Publish_Option":false,"MSN_Is_Local_News":false,"MSN_Is_AIAC_Included":"Empty","MSN_Location":"[]","MSN_Add_Feature_Img_On_Top_Of_Post":false,"MSN_Has_Custom_Author":false,"MSN_Custom_Author":"","MSN_Has_Custom_Canonical_Url":false,"MSN_Custom_Canonical_Url":"","footnotes":""},"categories":[9],"tags":[312],"class_list":["post-15942","post","type-post","status-publish","format-standard","has-post-thumbnail","hentry","category-mondo","tag-mark-zuckerberg"],"acf":[],"yoast_head":"<!-- This site is optimized with the Yoast SEO Premium plugin v26.7 (Yoast SEO v26.7) - https:\/\/yoast.com\/wordpress\/plugins\/seo\/ -->\n<title>Meta avvisa gli azionisti: Mark Zuckerberg potrebbe morire<\/title>\n<meta name=\"description\" content=\"Mark Zuckerberg potrebbe morire, non lo dicono i suoi detrattori ma gli analisti interni di Meta nel dossier informativo agli azionisti.\" \/>\n<meta name=\"robots\" content=\"index, follow, max-snippet:-1, max-image-preview:large, max-video-preview:-1\" \/>\n<link rel=\"canonical\" href=\"https:\/\/newsvirali.it\/de\/2024\/02\/03\/meta-warnt-aktionare-mark-zuckerberg-vor-dem-tod\/\" \/>\n<meta property=\"og:locale\" content=\"de_DE\" \/>\n<meta property=\"og:type\" content=\"article\" \/>\n<meta property=\"og:title\" content=\"Meta avvisa gli azionisti: Mark Zuckerberg potrebbe morire\" \/>\n<meta property=\"og:description\" content=\"Mark Zuckerberg potrebbe morire, non lo dicono i suoi detrattori ma gli analisti interni di Meta nel dossier informativo agli azionisti.\" \/>\n<meta property=\"og:url\" content=\"https:\/\/newsvirali.it\/de\/2024\/02\/03\/meta-warnt-aktionare-mark-zuckerberg-vor-dem-tod\/\" \/>\n<meta property=\"og:site_name\" content=\"News virali\" \/>\n<meta property=\"article:published_time\" content=\"2024-02-03T08:25:40+00:00\" \/>\n<meta property=\"article:modified_time\" content=\"2024-02-03T08:25:41+00:00\" \/>\n<meta property=\"og:image\" content=\"https:\/\/newsvirali.it\/wp-content\/uploads\/2024\/02\/MixCollage-03-Feb-2024-09-19-AM-1378.jpg\" \/>\n\t<meta property=\"og:image:width\" content=\"2560\" \/>\n\t<meta property=\"og:image:height\" content=\"1440\" \/>\n\t<meta property=\"og:image:type\" content=\"image\/jpeg\" \/>\n<meta name=\"author\" content=\"Cecco Prestina\" \/>\n<meta name=\"twitter:card\" content=\"summary_large_image\" \/>\n<meta name=\"twitter:label1\" content=\"Verfasst von\" \/>\n\t<meta name=\"twitter:data1\" content=\"Cecco Prestina\" \/>\n\t<meta name=\"twitter:label2\" content=\"Gesch\u00e4tzte Lesezeit\" \/>\n\t<meta name=\"twitter:data2\" content=\"3\u00a0Minuten\" \/>\n<script type=\"application\/ld+json\" class=\"yoast-schema-graph\">{\"@context\":\"https:\/\/schema.org\",\"@graph\":[{\"@type\":\"NewsArticle\",\"@id\":\"https:\/\/newsvirali.it\/de\/2024\/02\/03\/meta-warnt-aktionare-mark-zuckerberg-vor-dem-tod\/#article\",\"isPartOf\":{\"@id\":\"https:\/\/newsvirali.it\/de\/2024\/02\/03\/meta-warnt-aktionare-mark-zuckerberg-vor-dem-tod\/\"},\"author\":{\"name\":\"Cecco Prestina\",\"@id\":\"https:\/\/newsvirali.it\/fr\/#\/schema\/person\/4c835f7b49c9adb58b33901ee816565d\"},\"headline\":\"Meta avvisa gli azionisti: Mark Zuckerberg potrebbe morire\",\"datePublished\":\"2024-02-03T08:25:40+00:00\",\"dateModified\":\"2024-02-03T08:25:41+00:00\",\"mainEntityOfPage\":{\"@id\":\"https:\/\/newsvirali.it\/de\/2024\/02\/03\/meta-warnt-aktionare-mark-zuckerberg-vor-dem-tod\/\"},\"wordCount\":496,\"commentCount\":0,\"image\":{\"@id\":\"https:\/\/newsvirali.it\/de\/2024\/02\/03\/meta-warnt-aktionare-mark-zuckerberg-vor-dem-tod\/#primaryimage\"},\"thumbnailUrl\":\"https:\/\/newsvirali.it\/wp-content\/uploads\/2024\/02\/MixCollage-03-Feb-2024-09-19-AM-1378.jpg\",\"keywords\":[\"mark zuckerberg\"],\"articleSection\":[\"Mondo\"],\"inLanguage\":\"de\",\"potentialAction\":[{\"@type\":\"CommentAction\",\"name\":\"Comment\",\"target\":[\"https:\/\/newsvirali.it\/de\/2024\/02\/03\/meta-warnt-aktionare-mark-zuckerberg-vor-dem-tod\/#respond\"]}],\"copyrightYear\":\"2024\",\"copyrightHolder\":{\"@id\":\"https:\/\/newsvirali.it\/de\/#organization\"}},{\"@type\":\"WebPage\",\"@id\":\"https:\/\/newsvirali.it\/de\/2024\/02\/03\/meta-warnt-aktionare-mark-zuckerberg-vor-dem-tod\/\",\"url\":\"https:\/\/newsvirali.it\/de\/2024\/02\/03\/meta-warnt-aktionare-mark-zuckerberg-vor-dem-tod\/\",\"name\":\"Meta avvisa gli azionisti: Mark Zuckerberg potrebbe morire\",\"isPartOf\":{\"@id\":\"https:\/\/newsvirali.it\/fr\/#website\"},\"primaryImageOfPage\":{\"@id\":\"https:\/\/newsvirali.it\/de\/2024\/02\/03\/meta-warnt-aktionare-mark-zuckerberg-vor-dem-tod\/#primaryimage\"},\"image\":{\"@id\":\"https:\/\/newsvirali.it\/de\/2024\/02\/03\/meta-warnt-aktionare-mark-zuckerberg-vor-dem-tod\/#primaryimage\"},\"thumbnailUrl\":\"https:\/\/newsvirali.it\/wp-content\/uploads\/2024\/02\/MixCollage-03-Feb-2024-09-19-AM-1378.jpg\",\"datePublished\":\"2024-02-03T08:25:40+00:00\",\"dateModified\":\"2024-02-03T08:25:41+00:00\",\"author\":{\"@id\":\"https:\/\/newsvirali.it\/fr\/#\/schema\/person\/4c835f7b49c9adb58b33901ee816565d\"},\"description\":\"Mark Zuckerberg potrebbe morire, non lo dicono i suoi detrattori ma gli analisti interni di Meta nel dossier informativo agli azionisti.\",\"breadcrumb\":{\"@id\":\"https:\/\/newsvirali.it\/de\/2024\/02\/03\/meta-warnt-aktionare-mark-zuckerberg-vor-dem-tod\/#breadcrumb\"},\"inLanguage\":\"de\",\"potentialAction\":[{\"@type\":\"ReadAction\",\"target\":[\"https:\/\/newsvirali.it\/de\/2024\/02\/03\/meta-warnt-aktionare-mark-zuckerberg-vor-dem-tod\/\"]}]},{\"@type\":\"ImageObject\",\"inLanguage\":\"de\",\"@id\":\"https:\/\/newsvirali.it\/de\/2024\/02\/03\/meta-warnt-aktionare-mark-zuckerberg-vor-dem-tod\/#primaryimage\",\"url\":\"https:\/\/newsvirali.it\/wp-content\/uploads\/2024\/02\/MixCollage-03-Feb-2024-09-19-AM-1378.jpg\",\"contentUrl\":\"https:\/\/newsvirali.it\/wp-content\/uploads\/2024\/02\/MixCollage-03-Feb-2024-09-19-AM-1378.jpg\",\"width\":2560,\"height\":1440,\"caption\":\"Meta avvisa gli azionisti: Mark Zuckerberg potrebbe morire\"},{\"@type\":\"BreadcrumbList\",\"@id\":\"https:\/\/newsvirali.it\/de\/2024\/02\/03\/meta-warnt-aktionare-mark-zuckerberg-vor-dem-tod\/#breadcrumb\",\"itemListElement\":[{\"@type\":\"ListItem\",\"position\":1,\"name\":\"Home\",\"item\":\"https:\/\/newsvirali.it\/fr\/\"},{\"@type\":\"ListItem\",\"position\":2,\"name\":\"Meta avvisa gli azionisti: Mark Zuckerberg potrebbe morire\"}]},{\"@type\":\"WebSite\",\"@id\":\"https:\/\/newsvirali.it\/fr\/#website\",\"url\":\"https:\/\/newsvirali.it\/fr\/\",\"name\":\"Bake News\",\"description\":\"\",\"potentialAction\":[{\"@type\":\"SearchAction\",\"target\":{\"@type\":\"EntryPoint\",\"urlTemplate\":\"https:\/\/newsvirali.it\/fr\/?s={search_term_string}\"},\"query-input\":{\"@type\":\"PropertyValueSpecification\",\"valueRequired\":true,\"valueName\":\"search_term_string\"}}],\"inLanguage\":\"de\"},{\"@type\":\"Person\",\"@id\":\"https:\/\/newsvirali.it\/fr\/#\/schema\/person\/4c835f7b49c9adb58b33901ee816565d\",\"name\":\"Cecco Prestina\",\"description\":\"Perch\u00e9 nasconderlo? Cecco Prestina \u00e8 un alias, ma dietro di lui non si cela un algoritmo di intelligenza artificiale. C'\u00e8 un giornalista che ha oltre vent'anni di esperienza tutta sul web. Da quando il primo modem ha iniziato a gracchiare sul territorio italiano con Video on Line, Cecco ha capito che da quel doppino sarebbe passato il futuro. Ha dedidicato tutta la sua carriera a capire Internet e poi i social e ora l'Ai. Una carriera in costante aggiornamento. E questa esperienza la mette in campo ogni giorno. Per\u00f2 ogni tanto Cecco ha voglia anche di non scrivere \\\"pipponi\\\" sulla politica, sull'economia. Ha voglia anche di scrivere qualcosa di divertente. Le notizie che trovate su Bake News sono le stesse che Cecco porta all'aperitivo con gli amici. Quelle di cui discutere per farsi due risate. Notizie, vere (qualche volta si fa fatica a crederlo), strane, divertenti, ma anche serie. Bake News \u00e8 nato per questo, dare al pubblico notizie croccanti e calde come il pane che esce dal forno. E Cecco Prestina \u00e8 nato con Bake News.\",\"url\":\"https:\/\/newsvirali.it\/de\/autore\/cecco-prestina\/\"}]}<\/script>\n<!-- \/ Yoast SEO Premium plugin. -->","yoast_head_json":{"title":"Meta avvisa gli azionisti: Mark Zuckerberg potrebbe morire","description":"Mark Zuckerberg potrebbe morire, non lo dicono i suoi detrattori ma gli analisti interni di Meta nel dossier informativo agli azionisti.","robots":{"index":"index","follow":"follow","max-snippet":"max-snippet:-1","max-image-preview":"max-image-preview:large","max-video-preview":"max-video-preview:-1"},"canonical":"https:\/\/newsvirali.it\/de\/2024\/02\/03\/meta-warnt-aktionare-mark-zuckerberg-vor-dem-tod\/","og_locale":"de_DE","og_type":"article","og_title":"Meta avvisa gli azionisti: Mark Zuckerberg potrebbe morire","og_description":"Mark Zuckerberg potrebbe morire, non lo dicono i suoi detrattori ma gli analisti interni di Meta nel dossier informativo agli azionisti.","og_url":"https:\/\/newsvirali.it\/de\/2024\/02\/03\/meta-warnt-aktionare-mark-zuckerberg-vor-dem-tod\/","og_site_name":"News virali","article_published_time":"2024-02-03T08:25:40+00:00","article_modified_time":"2024-02-03T08:25:41+00:00","og_image":[{"width":2560,"height":1440,"url":"https:\/\/newsvirali.it\/wp-content\/uploads\/2024\/02\/MixCollage-03-Feb-2024-09-19-AM-1378.jpg","type":"image\/jpeg"}],"author":"Cecco Prestina","twitter_card":"summary_large_image","twitter_misc":{"Verfasst von":"Cecco Prestina","Gesch\u00e4tzte Lesezeit":"3\u00a0Minuten"},"schema":{"@context":"https:\/\/schema.org","@graph":[{"@type":"NewsArticle","@id":"https:\/\/newsvirali.it\/de\/2024\/02\/03\/meta-warnt-aktionare-mark-zuckerberg-vor-dem-tod\/#article","isPartOf":{"@id":"https:\/\/newsvirali.it\/de\/2024\/02\/03\/meta-warnt-aktionare-mark-zuckerberg-vor-dem-tod\/"},"author":{"name":"Cecco Prestina","@id":"https:\/\/newsvirali.it\/fr\/#\/schema\/person\/4c835f7b49c9adb58b33901ee816565d"},"headline":"Meta avvisa gli azionisti: Mark Zuckerberg potrebbe morire","datePublished":"2024-02-03T08:25:40+00:00","dateModified":"2024-02-03T08:25:41+00:00","mainEntityOfPage":{"@id":"https:\/\/newsvirali.it\/de\/2024\/02\/03\/meta-warnt-aktionare-mark-zuckerberg-vor-dem-tod\/"},"wordCount":496,"commentCount":0,"image":{"@id":"https:\/\/newsvirali.it\/de\/2024\/02\/03\/meta-warnt-aktionare-mark-zuckerberg-vor-dem-tod\/#primaryimage"},"thumbnailUrl":"https:\/\/newsvirali.it\/wp-content\/uploads\/2024\/02\/MixCollage-03-Feb-2024-09-19-AM-1378.jpg","keywords":["mark zuckerberg"],"articleSection":["Mondo"],"inLanguage":"de","potentialAction":[{"@type":"CommentAction","name":"Comment","target":["https:\/\/newsvirali.it\/de\/2024\/02\/03\/meta-warnt-aktionare-mark-zuckerberg-vor-dem-tod\/#respond"]}],"copyrightYear":"2024","copyrightHolder":{"@id":"https:\/\/newsvirali.it\/de\/#organization"}},{"@type":"WebPage","@id":"https:\/\/newsvirali.it\/de\/2024\/02\/03\/meta-warnt-aktionare-mark-zuckerberg-vor-dem-tod\/","url":"https:\/\/newsvirali.it\/de\/2024\/02\/03\/meta-warnt-aktionare-mark-zuckerberg-vor-dem-tod\/","name":"Meta avvisa gli azionisti: Mark Zuckerberg potrebbe morire","isPartOf":{"@id":"https:\/\/newsvirali.it\/fr\/#website"},"primaryImageOfPage":{"@id":"https:\/\/newsvirali.it\/de\/2024\/02\/03\/meta-warnt-aktionare-mark-zuckerberg-vor-dem-tod\/#primaryimage"},"image":{"@id":"https:\/\/newsvirali.it\/de\/2024\/02\/03\/meta-warnt-aktionare-mark-zuckerberg-vor-dem-tod\/#primaryimage"},"thumbnailUrl":"https:\/\/newsvirali.it\/wp-content\/uploads\/2024\/02\/MixCollage-03-Feb-2024-09-19-AM-1378.jpg","datePublished":"2024-02-03T08:25:40+00:00","dateModified":"2024-02-03T08:25:41+00:00","author":{"@id":"https:\/\/newsvirali.it\/fr\/#\/schema\/person\/4c835f7b49c9adb58b33901ee816565d"},"description":"Mark Zuckerberg potrebbe morire, non lo dicono i suoi detrattori ma gli analisti interni di Meta nel dossier informativo agli azionisti.","breadcrumb":{"@id":"https:\/\/newsvirali.it\/de\/2024\/02\/03\/meta-warnt-aktionare-mark-zuckerberg-vor-dem-tod\/#breadcrumb"},"inLanguage":"de","potentialAction":[{"@type":"ReadAction","target":["https:\/\/newsvirali.it\/de\/2024\/02\/03\/meta-warnt-aktionare-mark-zuckerberg-vor-dem-tod\/"]}]},{"@type":"ImageObject","inLanguage":"de","@id":"https:\/\/newsvirali.it\/de\/2024\/02\/03\/meta-warnt-aktionare-mark-zuckerberg-vor-dem-tod\/#primaryimage","url":"https:\/\/newsvirali.it\/wp-content\/uploads\/2024\/02\/MixCollage-03-Feb-2024-09-19-AM-1378.jpg","contentUrl":"https:\/\/newsvirali.it\/wp-content\/uploads\/2024\/02\/MixCollage-03-Feb-2024-09-19-AM-1378.jpg","width":2560,"height":1440,"caption":"Meta avvisa gli azionisti: Mark Zuckerberg potrebbe morire"},{"@type":"BreadcrumbList","@id":"https:\/\/newsvirali.it\/de\/2024\/02\/03\/meta-warnt-aktionare-mark-zuckerberg-vor-dem-tod\/#breadcrumb","itemListElement":[{"@type":"ListItem","position":1,"name":"Home","item":"https:\/\/newsvirali.it\/fr\/"},{"@type":"ListItem","position":2,"name":"Meta avvisa gli azionisti: Mark Zuckerberg potrebbe morire"}]},{"@type":"WebSite","@id":"https:\/\/newsvirali.it\/fr\/#website","url":"https:\/\/newsvirali.it\/fr\/","name":"Bake News","description":"","potentialAction":[{"@type":"SearchAction","target":{"@type":"EntryPoint","urlTemplate":"https:\/\/newsvirali.it\/fr\/?s={search_term_string}"},"query-input":{"@type":"PropertyValueSpecification","valueRequired":true,"valueName":"search_term_string"}}],"inLanguage":"de"},{"@type":"Person","@id":"https:\/\/newsvirali.it\/fr\/#\/schema\/person\/4c835f7b49c9adb58b33901ee816565d","name":"Cecco Prestina","description":"Perch\u00e9 nasconderlo? Cecco Prestina \u00e8 un alias, ma dietro di lui non si cela un algoritmo di intelligenza artificiale. C'\u00e8 un giornalista che ha oltre vent'anni di esperienza tutta sul web. Da quando il primo modem ha iniziato a gracchiare sul territorio italiano con Video on Line, Cecco ha capito che da quel doppino sarebbe passato il futuro. Ha dedidicato tutta la sua carriera a capire Internet e poi i social e ora l'Ai. Una carriera in costante aggiornamento. E questa esperienza la mette in campo ogni giorno. Per\u00f2 ogni tanto Cecco ha voglia anche di non scrivere \"pipponi\" sulla politica, sull'economia. Ha voglia anche di scrivere qualcosa di divertente. Le notizie che trovate su Bake News sono le stesse che Cecco porta all'aperitivo con gli amici. Quelle di cui discutere per farsi due risate. Notizie, vere (qualche volta si fa fatica a crederlo), strane, divertenti, ma anche serie. Bake News \u00e8 nato per questo, dare al pubblico notizie croccanti e calde come il pane che esce dal forno. E Cecco Prestina \u00e8 nato con Bake News.","url":"https:\/\/newsvirali.it\/de\/autore\/cecco-prestina\/"}]}},"_links":{"self":[{"href":"https:\/\/newsvirali.it\/de\/wp-json\/wp\/v2\/posts\/15942","targetHints":{"allow":["GET"]}}],"collection":[{"href":"https:\/\/newsvirali.it\/de\/wp-json\/wp\/v2\/posts"}],"about":[{"href":"https:\/\/newsvirali.it\/de\/wp-json\/wp\/v2\/types\/post"}],"author":[{"embeddable":true,"href":"https:\/\/newsvirali.it\/de\/wp-json\/wp\/v2\/users\/4"}],"replies":[{"embeddable":true,"href":"https:\/\/newsvirali.it\/de\/wp-json\/wp\/v2\/comments?post=15942"}],"version-history":[{"count":4,"href":"https:\/\/newsvirali.it\/de\/wp-json\/wp\/v2\/posts\/15942\/revisions"}],"predecessor-version":[{"id":15954,"href":"https:\/\/newsvirali.it\/de\/wp-json\/wp\/v2\/posts\/15942\/revisions\/15954"}],"wp:featuredmedia":[{"embeddable":true,"href":"https:\/\/newsvirali.it\/de\/wp-json\/wp\/v2\/media\/15943"}],"wp:attachment":[{"href":"https:\/\/newsvirali.it\/de\/wp-json\/wp\/v2\/media?parent=15942"}],"wp:term":[{"taxonomy":"category","embeddable":true,"href":"https:\/\/newsvirali.it\/de\/wp-json\/wp\/v2\/categories?post=15942"},{"taxonomy":"post_tag","embeddable":true,"href":"https:\/\/newsvirali.it\/de\/wp-json\/wp\/v2\/tags?post=15942"}],"curies":[{"name":"wp","href":"https:\/\/api.w.org\/{rel}","templated":true}]}}