{"id":15436,"date":"2024-01-29T11:02:47","date_gmt":"2024-01-29T10:02:47","guid":{"rendered":"https:\/\/www.bakenews.it\/?p=15436"},"modified":"2024-01-29T12:28:37","modified_gmt":"2024-01-29T11:28:37","slug":"bimbo-di-2-anni-scala-everest-giovane-storia","status":"publish","type":"post","link":"https:\/\/newsvirali.it\/de\/2024\/01\/29\/2-jahriger-junge-klettert-auf-den-everest-junge-geschichte\/","title":{"rendered":"2-j\u00e4hriger Junge besteigt den Everest: Er ist der j\u00fcngste in der Geschichte"},"content":{"rendered":"<p>Ein zweij\u00e4hriger Junge besteigt mit seinen Eltern den Everest und erreicht einen historischen Meilenstein. Es wird angenommen, dass das britische Kleinkind der j\u00fcngste Mensch war, der das Basislager des Mount Everest erreichte. Carter Dallas \u201eerklomm\u201c am 25. Oktober den Standort im S\u00fcden Nepals, der sich auf beeindruckenden 5.363 Metern \u00fcber dem Meeresspiegel befindet. Sie absolvierte die Reise auf dem R\u00fccken von Vater Ross (35) und Mutter Jade (31) zusammen mit ihrem Sohn und ihrem Ehemann.<\/p>\n\n\n\n<p><strong>LESEN SIE AUCH<\/strong><\/p>\n\n\n<ul class=\"wp-block-latest-posts__list wp-block-latest-posts\"><li><a class=\"wp-block-latest-posts__post-title\" href=\"https:\/\/newsvirali.it\/de\/2026\/02\/12\/emma-amit-tote-teufelskrabbe\/\">Vloggerin Emma Amit stirbt nach dem Verzehr einer giftigen Teufelskrabbe<\/a><\/li>\n<li><a class=\"wp-block-latest-posts__post-title\" href=\"https:\/\/newsvirali.it\/de\/2026\/02\/11\/kostumstrafe-fur-die-olympischen-spiele-2026-eroffnet\/\">Mailand-Cortina 2026: Kost\u00fcmwettbewerb er\u00f6ffnet: L\u00e4uferin entgeht Strafe<\/a><\/li>\n<li><a class=\"wp-block-latest-posts__post-title\" href=\"https:\/\/newsvirali.it\/de\/2026\/02\/09\/blackout-mit-dem-fliegenden-schwein-in-china\/\">Fliegende Schweine verursachen Stromausfall: Lesen Sie die unglaubliche Geschichte (und es liegt nicht an einer KI)<\/a><\/li>\n<li><a class=\"wp-block-latest-posts__post-title\" href=\"https:\/\/newsvirali.it\/de\/2026\/02\/05\/drei-schwestern-begingen-selbstmord-in-indien\/\">Eltern konfiszieren Handys wegen exzessiven Spielens: Drei Schwestern begehen Selbstmord<\/a><\/li>\n<li><a class=\"wp-block-latest-posts__post-title\" href=\"https:\/\/newsvirali.it\/de\/2026\/02\/04\/spacex-xai-strategie-musk-weltraumrechenzentren\/\">Es ist keine Fusion: Musks wahrer Plan hinter SpaceX und xAI<\/a><\/li>\n<\/ul>\n\n\n<h2 class=\"wp-block-heading\" id=\"h-bimbo-di-2-anni-scala-l-everest-stava-meglio-dei-genitori\">2-j\u00e4hriger Junge besteigt den Everest: Ihm ging es besser als seinen Eltern<\/h2>\n\n\n\n<p>Die Familie aus Glasgow reist seit einem Jahr durch Asien. Und jetzt hat ihr Sohn m\u00f6glicherweise den Weltrekord gebrochen, von dem angenommen wurde, dass er von einem Vierj\u00e4hrigen aus der Tschechischen Republik gehalten wurde. Ross, ein ehemaliger Vertriebsleiter, sagte: \u201eCarter kam besser mit der Situation zurecht als ich und seine Mutter.\u201c Wir hatten beide ein wenig H\u00f6henkrankheit, aber ihm ging es absolut gut! Es waren zwei \u00c4rzte in den D\u00f6rfern vor dem Basislager und sie untersuchten sein Blut, um sicherzustellen, dass es ihm gut ging. Seine Ergebnisse waren besser als unsere \u2013 sie waren erstaunt!\u201c Carters Eltern brachten Jacken mit Essen und zwei Schlafs\u00e4cke f\u00fcr ihre Reise mit, nachdem sie beschlossen hatten, dies aus einer \u201eLaune heraus\u201c zu tun.<\/p>\n\n\n\n<h2 class=\"wp-block-heading\" id=\"h-mettono-in-affitto-la-casa-e-partono-per-l-asia\">Sie mieten das Haus und reisen nach Asien<\/h2>\n\n\n\n<p>Ross sagte, sie seien gut auf die Reise vorbereitet, da sie regelm\u00e4\u00dfig \u201eAtemtechniken\u201c \u00fcben und alle, auch Carter, in das kalte Eisbad eintauchen. Ross und Jade, ein ehemaliger Immobilienmakler, haben ihr Haus in Schottland zur Miete angeboten und im August 2023 drei One-Way-Tickets f\u00fcr eine einj\u00e4hrige Reise gekauft. Sie flogen nach Indien, bevor sie Sri Lanka und die Malediven besuchten, mit einer R\u00fcckreise dorthin Indien dazwischen.<\/p>\n\n\n\n<p>Anschlie\u00dfend reisten sie nach Nepal, bevor sie zu einer Hochzeit nach Malaysia gingen, und reisten dann nach Singapur, um Carters Geburtstag in den Universal Studios zu verbringen. Anschlie\u00dfend verbrachten sie Weihnachten in Penang, bevor sie die Grenze nach Thailand \u00fcberquerten, und verbrachten Neujahr auf der thail\u00e4ndischen Insel Koh Lanta. Ross sagt, Carter habe alle verschiedenen Kulturen kennengelernt und liebe sie absolut.<\/p>\n\n\n\n<p>Carter hat auch eine Vorliebe f\u00fcr exotische Speisen entwickelt und hat gerne Fischcurry auf den Malediven und H\u00fchnerf\u00fc\u00dfe in Malaysia \u2013 und sogar Krokodil \u2013 gegessen, aber sein absolutes Lieblingsgericht ist Pad Thai. Wenn er best\u00e4tigt wird, wird Carters Weltrekord den vorherigen \u00fcbertreffen, der vermutlich von der vierj\u00e4hrigen Zara gehalten wird.<\/p>\n\n\n\n<p><strong>LESEN SIE ANDERE WELT-NEWS<\/strong><\/p>\n\n\n<ul class=\"wp-block-latest-posts__list wp-block-latest-posts\"><li><a class=\"wp-block-latest-posts__post-title\" href=\"https:\/\/newsvirali.it\/de\/2026\/02\/12\/emma-amit-tote-teufelskrabbe\/\">Vloggerin Emma Amit stirbt nach dem Verzehr einer giftigen Teufelskrabbe<\/a><\/li>\n<li><a class=\"wp-block-latest-posts__post-title\" href=\"https:\/\/newsvirali.it\/de\/2026\/02\/05\/drei-schwestern-begingen-selbstmord-in-indien\/\">Eltern konfiszieren Handys wegen exzessiven Spielens: Drei Schwestern begehen Selbstmord<\/a><\/li>\n<li><a class=\"wp-block-latest-posts__post-title\" href=\"https:\/\/newsvirali.it\/de\/2026\/01\/30\/festnahme-in-einem-ferienresort-in-florida-wegen-obszoner-handlungen\/\">Schockierende Szenen in einem Ferienresort in Florida: Mann wegen exhibitionistischer Handlungen mit einem Staubsauger verhaftet<\/a><\/li>\n<li><a class=\"wp-block-latest-posts__post-title\" href=\"https:\/\/newsvirali.it\/de\/2026\/01\/28\/betrunkener-vater-erhangt-sohn-in-schockierendem-video\/\">Betrunkener Vater h\u00e4ngt Sohn aus dem Fenster: Schockierendes Video<\/a><\/li>\n<li><a class=\"wp-block-latest-posts__post-title\" href=\"https:\/\/newsvirali.it\/de\/2026\/01\/27\/schwangere-lehrerin-und-13-jahrige-schulerin\/\">Lehrerin gibt zu, von 13-j\u00e4hrigem Sch\u00fcler schwanger geworden zu sein<\/a><\/li>\n<\/ul><br \/>Folgen Sie uns auch auf Google News: <b><a href=\"https:\/\/news.google.com\/publications\/CAAqBwgKMNqJiwswjMfqAg?hl=it&gl=IT&ceid=IT:it\" target=\"_blank\">klicken Sie hier<\/a><\/b>","protected":false},"excerpt":{"rendered":"<p>Ein zweij\u00e4hriger Junge besteigt mit seinen Eltern den Everest und erreicht einen historischen Meilenstein. Es wird angenommen, dass das britische Kind [\u2026]<\/p>","protected":false},"author":6,"featured_media":15442,"comment_status":"open","ping_status":"open","sticky":false,"template":"","format":"standard","meta":{"MSN_Categories":"Uncategorized","MSN_Publish_Option":false,"MSN_Is_Local_News":false,"MSN_Is_AIAC_Included":"Empty","MSN_Location":"[]","MSN_Add_Feature_Img_On_Top_Of_Post":false,"MSN_Has_Custom_Author":false,"MSN_Custom_Author":"","MSN_Has_Custom_Canonical_Url":false,"MSN_Custom_Canonical_Url":"","footnotes":""},"categories":[9],"tags":[],"class_list":["post-15436","post","type-post","status-publish","format-standard","has-post-thumbnail","hentry","category-mondo"],"acf":[],"yoast_head":"<!-- This site is optimized with the Yoast SEO Premium plugin v26.7 (Yoast SEO v26.7) - https:\/\/yoast.com\/wordpress\/plugins\/seo\/ -->\n<title>Bimbo di 2 anni scala l&#039;Everest: \u00e8 il pi\u00f9 giovane della storia<\/title>\n<meta name=\"description\" content=\"Un bimbo di 2 anni scala l&#039;Everest coi genitori ed \u00e8 record. I medici controllano il suo sangue e scoprono una cosa incredibile.\" \/>\n<meta name=\"robots\" content=\"index, follow, max-snippet:-1, max-image-preview:large, max-video-preview:-1\" \/>\n<link rel=\"canonical\" href=\"https:\/\/newsvirali.it\/de\/2024\/01\/29\/2-jahriger-junge-klettert-auf-den-everest-junge-geschichte\/\" \/>\n<meta property=\"og:locale\" content=\"de_DE\" \/>\n<meta property=\"og:type\" content=\"article\" \/>\n<meta property=\"og:title\" content=\"Bimbo di 2 anni scala l&#039;Everest: \u00e8 il pi\u00f9 giovane della storia\" \/>\n<meta property=\"og:description\" content=\"Un bimbo di 2 anni scala l&#039;Everest coi genitori ed \u00e8 record. I medici controllano il suo sangue e scoprono una cosa incredibile.\" \/>\n<meta property=\"og:url\" content=\"https:\/\/newsvirali.it\/de\/2024\/01\/29\/2-jahriger-junge-klettert-auf-den-everest-junge-geschichte\/\" \/>\n<meta property=\"og:site_name\" content=\"News virali\" \/>\n<meta property=\"article:published_time\" content=\"2024-01-29T10:02:47+00:00\" \/>\n<meta property=\"article:modified_time\" content=\"2024-01-29T11:28:37+00:00\" \/>\n<meta property=\"og:image\" content=\"https:\/\/newsvirali.it\/wp-content\/uploads\/2024\/01\/Screenshot_6-6.jpg\" \/>\n\t<meta property=\"og:image:width\" content=\"309\" \/>\n\t<meta property=\"og:image:height\" content=\"467\" \/>\n\t<meta property=\"og:image:type\" content=\"image\/jpeg\" \/>\n<meta name=\"author\" content=\"Marko Pugliese\" \/>\n<meta name=\"twitter:card\" content=\"summary_large_image\" \/>\n<meta name=\"twitter:label1\" content=\"Verfasst von\" \/>\n\t<meta name=\"twitter:data1\" content=\"Marko Pugliese\" \/>\n\t<meta name=\"twitter:label2\" content=\"Gesch\u00e4tzte Lesezeit\" \/>\n\t<meta name=\"twitter:data2\" content=\"3\u00a0Minuten\" \/>\n<script type=\"application\/ld+json\" class=\"yoast-schema-graph\">{\"@context\":\"https:\/\/schema.org\",\"@graph\":[{\"@type\":\"NewsArticle\",\"@id\":\"https:\/\/newsvirali.it\/de\/2024\/01\/29\/2-jahriger-junge-klettert-auf-den-everest-junge-geschichte\/#article\",\"isPartOf\":{\"@id\":\"https:\/\/newsvirali.it\/de\/2024\/01\/29\/2-jahriger-junge-klettert-auf-den-everest-junge-geschichte\/\"},\"author\":{\"name\":\"Marko Pugliese\",\"@id\":\"https:\/\/newsvirali.it\/fr\/#\/schema\/person\/fee8d82c39cd568e1ce6ef86792c7b53\"},\"headline\":\"Bimbo di 2 anni scala l&#8217;Everest: \u00e8 il pi\u00f9 giovane della storia\",\"datePublished\":\"2024-01-29T10:02:47+00:00\",\"dateModified\":\"2024-01-29T11:28:37+00:00\",\"mainEntityOfPage\":{\"@id\":\"https:\/\/newsvirali.it\/de\/2024\/01\/29\/2-jahriger-junge-klettert-auf-den-everest-junge-geschichte\/\"},\"wordCount\":446,\"commentCount\":0,\"image\":{\"@id\":\"https:\/\/newsvirali.it\/de\/2024\/01\/29\/2-jahriger-junge-klettert-auf-den-everest-junge-geschichte\/#primaryimage\"},\"thumbnailUrl\":\"https:\/\/newsvirali.it\/wp-content\/uploads\/2024\/01\/Screenshot_6-6.jpg\",\"articleSection\":[\"Mondo\"],\"inLanguage\":\"de\",\"potentialAction\":[{\"@type\":\"CommentAction\",\"name\":\"Comment\",\"target\":[\"https:\/\/newsvirali.it\/de\/2024\/01\/29\/2-jahriger-junge-klettert-auf-den-everest-junge-geschichte\/#respond\"]}],\"copyrightYear\":\"2024\",\"copyrightHolder\":{\"@id\":\"https:\/\/newsvirali.it\/de\/#organization\"}},{\"@type\":\"WebPage\",\"@id\":\"https:\/\/newsvirali.it\/de\/2024\/01\/29\/2-jahriger-junge-klettert-auf-den-everest-junge-geschichte\/\",\"url\":\"https:\/\/newsvirali.it\/de\/2024\/01\/29\/2-jahriger-junge-klettert-auf-den-everest-junge-geschichte\/\",\"name\":\"Bimbo di 2 anni scala l'Everest: \u00e8 il pi\u00f9 giovane della storia\",\"isPartOf\":{\"@id\":\"https:\/\/newsvirali.it\/fr\/#website\"},\"primaryImageOfPage\":{\"@id\":\"https:\/\/newsvirali.it\/de\/2024\/01\/29\/2-jahriger-junge-klettert-auf-den-everest-junge-geschichte\/#primaryimage\"},\"image\":{\"@id\":\"https:\/\/newsvirali.it\/de\/2024\/01\/29\/2-jahriger-junge-klettert-auf-den-everest-junge-geschichte\/#primaryimage\"},\"thumbnailUrl\":\"https:\/\/newsvirali.it\/wp-content\/uploads\/2024\/01\/Screenshot_6-6.jpg\",\"datePublished\":\"2024-01-29T10:02:47+00:00\",\"dateModified\":\"2024-01-29T11:28:37+00:00\",\"author\":{\"@id\":\"https:\/\/newsvirali.it\/fr\/#\/schema\/person\/fee8d82c39cd568e1ce6ef86792c7b53\"},\"description\":\"Un bimbo di 2 anni scala l'Everest coi genitori ed \u00e8 record. I medici controllano il suo sangue e scoprono una cosa incredibile.\",\"breadcrumb\":{\"@id\":\"https:\/\/newsvirali.it\/de\/2024\/01\/29\/2-jahriger-junge-klettert-auf-den-everest-junge-geschichte\/#breadcrumb\"},\"inLanguage\":\"de\",\"potentialAction\":[{\"@type\":\"ReadAction\",\"target\":[\"https:\/\/newsvirali.it\/de\/2024\/01\/29\/2-jahriger-junge-klettert-auf-den-everest-junge-geschichte\/\"]}]},{\"@type\":\"ImageObject\",\"inLanguage\":\"de\",\"@id\":\"https:\/\/newsvirali.it\/de\/2024\/01\/29\/2-jahriger-junge-klettert-auf-den-everest-junge-geschichte\/#primaryimage\",\"url\":\"https:\/\/newsvirali.it\/wp-content\/uploads\/2024\/01\/Screenshot_6-6.jpg\",\"contentUrl\":\"https:\/\/newsvirali.it\/wp-content\/uploads\/2024\/01\/Screenshot_6-6.jpg\",\"width\":309,\"height\":467,\"caption\":\"Bimbo di 2 anni scala l'Everest: \u00e8 il pi\u00f9 giovane della storia\"},{\"@type\":\"BreadcrumbList\",\"@id\":\"https:\/\/newsvirali.it\/de\/2024\/01\/29\/2-jahriger-junge-klettert-auf-den-everest-junge-geschichte\/#breadcrumb\",\"itemListElement\":[{\"@type\":\"ListItem\",\"position\":1,\"name\":\"Home\",\"item\":\"https:\/\/newsvirali.it\/fr\/\"},{\"@type\":\"ListItem\",\"position\":2,\"name\":\"Bimbo di 2 anni scala l&#8217;Everest: \u00e8 il pi\u00f9 giovane della storia\"}]},{\"@type\":\"WebSite\",\"@id\":\"https:\/\/newsvirali.it\/fr\/#website\",\"url\":\"https:\/\/newsvirali.it\/fr\/\",\"name\":\"Bake News\",\"description\":\"\",\"potentialAction\":[{\"@type\":\"SearchAction\",\"target\":{\"@type\":\"EntryPoint\",\"urlTemplate\":\"https:\/\/newsvirali.it\/fr\/?s={search_term_string}\"},\"query-input\":{\"@type\":\"PropertyValueSpecification\",\"valueRequired\":true,\"valueName\":\"search_term_string\"}}],\"inLanguage\":\"de\"},{\"@type\":\"Person\",\"@id\":\"https:\/\/newsvirali.it\/fr\/#\/schema\/person\/fee8d82c39cd568e1ce6ef86792c7b53\",\"name\":\"Marko Pugliese\",\"url\":\"https:\/\/newsvirali.it\/de\/autore\/markopugliese\/\"}]}<\/script>\n<!-- \/ Yoast SEO Premium plugin. -->","yoast_head_json":{"title":"Bimbo di 2 anni scala l'Everest: \u00e8 il pi\u00f9 giovane della storia","description":"Un bimbo di 2 anni scala l'Everest coi genitori ed \u00e8 record. I medici controllano il suo sangue e scoprono una cosa incredibile.","robots":{"index":"index","follow":"follow","max-snippet":"max-snippet:-1","max-image-preview":"max-image-preview:large","max-video-preview":"max-video-preview:-1"},"canonical":"https:\/\/newsvirali.it\/de\/2024\/01\/29\/2-jahriger-junge-klettert-auf-den-everest-junge-geschichte\/","og_locale":"de_DE","og_type":"article","og_title":"Bimbo di 2 anni scala l'Everest: \u00e8 il pi\u00f9 giovane della storia","og_description":"Un bimbo di 2 anni scala l'Everest coi genitori ed \u00e8 record. I medici controllano il suo sangue e scoprono una cosa incredibile.","og_url":"https:\/\/newsvirali.it\/de\/2024\/01\/29\/2-jahriger-junge-klettert-auf-den-everest-junge-geschichte\/","og_site_name":"News virali","article_published_time":"2024-01-29T10:02:47+00:00","article_modified_time":"2024-01-29T11:28:37+00:00","og_image":[{"width":309,"height":467,"url":"https:\/\/newsvirali.it\/wp-content\/uploads\/2024\/01\/Screenshot_6-6.jpg","type":"image\/jpeg"}],"author":"Marko Pugliese","twitter_card":"summary_large_image","twitter_misc":{"Verfasst von":"Marko Pugliese","Gesch\u00e4tzte Lesezeit":"3\u00a0Minuten"},"schema":{"@context":"https:\/\/schema.org","@graph":[{"@type":"NewsArticle","@id":"https:\/\/newsvirali.it\/de\/2024\/01\/29\/2-jahriger-junge-klettert-auf-den-everest-junge-geschichte\/#article","isPartOf":{"@id":"https:\/\/newsvirali.it\/de\/2024\/01\/29\/2-jahriger-junge-klettert-auf-den-everest-junge-geschichte\/"},"author":{"name":"Marko Pugliese","@id":"https:\/\/newsvirali.it\/fr\/#\/schema\/person\/fee8d82c39cd568e1ce6ef86792c7b53"},"headline":"Bimbo di 2 anni scala l&#8217;Everest: \u00e8 il pi\u00f9 giovane della storia","datePublished":"2024-01-29T10:02:47+00:00","dateModified":"2024-01-29T11:28:37+00:00","mainEntityOfPage":{"@id":"https:\/\/newsvirali.it\/de\/2024\/01\/29\/2-jahriger-junge-klettert-auf-den-everest-junge-geschichte\/"},"wordCount":446,"commentCount":0,"image":{"@id":"https:\/\/newsvirali.it\/de\/2024\/01\/29\/2-jahriger-junge-klettert-auf-den-everest-junge-geschichte\/#primaryimage"},"thumbnailUrl":"https:\/\/newsvirali.it\/wp-content\/uploads\/2024\/01\/Screenshot_6-6.jpg","articleSection":["Mondo"],"inLanguage":"de","potentialAction":[{"@type":"CommentAction","name":"Comment","target":["https:\/\/newsvirali.it\/de\/2024\/01\/29\/2-jahriger-junge-klettert-auf-den-everest-junge-geschichte\/#respond"]}],"copyrightYear":"2024","copyrightHolder":{"@id":"https:\/\/newsvirali.it\/de\/#organization"}},{"@type":"WebPage","@id":"https:\/\/newsvirali.it\/de\/2024\/01\/29\/2-jahriger-junge-klettert-auf-den-everest-junge-geschichte\/","url":"https:\/\/newsvirali.it\/de\/2024\/01\/29\/2-jahriger-junge-klettert-auf-den-everest-junge-geschichte\/","name":"Bimbo di 2 anni scala l'Everest: \u00e8 il pi\u00f9 giovane della storia","isPartOf":{"@id":"https:\/\/newsvirali.it\/fr\/#website"},"primaryImageOfPage":{"@id":"https:\/\/newsvirali.it\/de\/2024\/01\/29\/2-jahriger-junge-klettert-auf-den-everest-junge-geschichte\/#primaryimage"},"image":{"@id":"https:\/\/newsvirali.it\/de\/2024\/01\/29\/2-jahriger-junge-klettert-auf-den-everest-junge-geschichte\/#primaryimage"},"thumbnailUrl":"https:\/\/newsvirali.it\/wp-content\/uploads\/2024\/01\/Screenshot_6-6.jpg","datePublished":"2024-01-29T10:02:47+00:00","dateModified":"2024-01-29T11:28:37+00:00","author":{"@id":"https:\/\/newsvirali.it\/fr\/#\/schema\/person\/fee8d82c39cd568e1ce6ef86792c7b53"},"description":"Un bimbo di 2 anni scala l'Everest coi genitori ed \u00e8 record. I medici controllano il suo sangue e scoprono una cosa incredibile.","breadcrumb":{"@id":"https:\/\/newsvirali.it\/de\/2024\/01\/29\/2-jahriger-junge-klettert-auf-den-everest-junge-geschichte\/#breadcrumb"},"inLanguage":"de","potentialAction":[{"@type":"ReadAction","target":["https:\/\/newsvirali.it\/de\/2024\/01\/29\/2-jahriger-junge-klettert-auf-den-everest-junge-geschichte\/"]}]},{"@type":"ImageObject","inLanguage":"de","@id":"https:\/\/newsvirali.it\/de\/2024\/01\/29\/2-jahriger-junge-klettert-auf-den-everest-junge-geschichte\/#primaryimage","url":"https:\/\/newsvirali.it\/wp-content\/uploads\/2024\/01\/Screenshot_6-6.jpg","contentUrl":"https:\/\/newsvirali.it\/wp-content\/uploads\/2024\/01\/Screenshot_6-6.jpg","width":309,"height":467,"caption":"Bimbo di 2 anni scala l'Everest: \u00e8 il pi\u00f9 giovane della storia"},{"@type":"BreadcrumbList","@id":"https:\/\/newsvirali.it\/de\/2024\/01\/29\/2-jahriger-junge-klettert-auf-den-everest-junge-geschichte\/#breadcrumb","itemListElement":[{"@type":"ListItem","position":1,"name":"Home","item":"https:\/\/newsvirali.it\/fr\/"},{"@type":"ListItem","position":2,"name":"Bimbo di 2 anni scala l&#8217;Everest: \u00e8 il pi\u00f9 giovane della storia"}]},{"@type":"WebSite","@id":"https:\/\/newsvirali.it\/fr\/#website","url":"https:\/\/newsvirali.it\/fr\/","name":"Bake News","description":"","potentialAction":[{"@type":"SearchAction","target":{"@type":"EntryPoint","urlTemplate":"https:\/\/newsvirali.it\/fr\/?s={search_term_string}"},"query-input":{"@type":"PropertyValueSpecification","valueRequired":true,"valueName":"search_term_string"}}],"inLanguage":"de"},{"@type":"Person","@id":"https:\/\/newsvirali.it\/fr\/#\/schema\/person\/fee8d82c39cd568e1ce6ef86792c7b53","name":"Marko Pugliese","url":"https:\/\/newsvirali.it\/de\/autore\/markopugliese\/"}]}},"_links":{"self":[{"href":"https:\/\/newsvirali.it\/de\/wp-json\/wp\/v2\/posts\/15436","targetHints":{"allow":["GET"]}}],"collection":[{"href":"https:\/\/newsvirali.it\/de\/wp-json\/wp\/v2\/posts"}],"about":[{"href":"https:\/\/newsvirali.it\/de\/wp-json\/wp\/v2\/types\/post"}],"author":[{"embeddable":true,"href":"https:\/\/newsvirali.it\/de\/wp-json\/wp\/v2\/users\/6"}],"replies":[{"embeddable":true,"href":"https:\/\/newsvirali.it\/de\/wp-json\/wp\/v2\/comments?post=15436"}],"version-history":[{"count":8,"href":"https:\/\/newsvirali.it\/de\/wp-json\/wp\/v2\/posts\/15436\/revisions"}],"predecessor-version":[{"id":15468,"href":"https:\/\/newsvirali.it\/de\/wp-json\/wp\/v2\/posts\/15436\/revisions\/15468"}],"wp:featuredmedia":[{"embeddable":true,"href":"https:\/\/newsvirali.it\/de\/wp-json\/wp\/v2\/media\/15442"}],"wp:attachment":[{"href":"https:\/\/newsvirali.it\/de\/wp-json\/wp\/v2\/media?parent=15436"}],"wp:term":[{"taxonomy":"category","embeddable":true,"href":"https:\/\/newsvirali.it\/de\/wp-json\/wp\/v2\/categories?post=15436"},{"taxonomy":"post_tag","embeddable":true,"href":"https:\/\/newsvirali.it\/de\/wp-json\/wp\/v2\/tags?post=15436"}],"curies":[{"name":"wp","href":"https:\/\/api.w.org\/{rel}","templated":true}]}}