{"id":14553,"date":"2024-01-17T12:08:50","date_gmt":"2024-01-17T11:08:50","guid":{"rendered":"https:\/\/www.bakenews.it\/?p=14553"},"modified":"2024-01-17T13:30:18","modified_gmt":"2024-01-17T12:30:18","slug":"papa-francesco-e-un-pervertito-arcivescovo-vuol-far-arrestare-il-pontefice","status":"publish","type":"post","link":"https:\/\/newsvirali.it\/de\/2024\/01\/17\/papst-franziskus-und-ein-perverser-erzbischof-wollen-den-papst-verhaften-lassen\/","title":{"rendered":"\u201ePapst Franziskus ist ein Perverser\u201c, will Erzbischof den Papst verhaften lassen"},"content":{"rendered":"<p>Erzbischof Carlo Maria Vigan\u00f2 will Papst Franziskus verhaften lassen, indem er eine Kontroverse \u00fcber ein Buch eines Kardinals aus dem Jahr 1998 entfacht. Erzbischof Vigan\u00f2 war oft mit Papst Franziskus \u00fcber die Richtung der katholischen Kirche uneins, weshalb er sich an die sozialen Medien wandte kritisieren Sie ein wieder aufgetauchtes Buch, das vor 25 Jahren von einem anderen Geistlichen geschrieben wurde. Der Erzbischof h\u00e4lt das Werk f\u00fcr \u201epornografisch\u201c und eine \u201ePerversion\u201c und forderte nun die Verhaftung sowohl des Schriftstellers, Kardinal V\u00edctor Manuel Fern\u00e1ndez, als auch des Papstes.<\/p>\n\n\n\n<p><strong>LESEN SIE AUCH<\/strong><\/p>\n\n\n\n<ul class=\"wp-block-list\">\n<li><a href=\"https:\/\/www.bakenews.it\/prete-sposa-18enne-fugge-italia-storia-sconvolge-paese\/\">Katholischer Priester heiratet eine 18-J\u00e4hrige und flieht nach Italien: die Geschichte, die ein Land schockiert<\/a><\/li>\n\n\n\n<li><a href=\"https:\/\/www.bakenews.it\/cantante-seminuda-in-chiesa-per-un-video-musicale-vescovo-licenzia-prete\/\">Halbnackter S\u00e4nger in der Kirche f\u00fcr ein Musikvideo: Bischof feuert Priester<\/a><\/li>\n\n\n\n<li><a href=\"https:\/\/www.bakenews.it\/scomunicata-dalla-chiesa-perche-mostra-le-mutandine-sui-social-ora-e-ricca\/\">Aus der Kirche ausgeschlossen, weil sie ihr H\u00f6schen in den sozialen Medien gezeigt hat: Jetzt ist sie reich<\/a><\/li>\n<\/ul>\n\n\n\n<h2 class=\"wp-block-heading\" id=\"h-arrestare-papa-francesco-ecco-le-accuse-di-mons-vigano\">\u201eVerhaftung von Papst Franziskus\u201c: Das sind die Vorw\u00fcrfe von Msgr. Vigan\u00f2<\/h2>\n\n\n\n<p>Zuvor war der Erzbischof f\u00fcnf Jahre lang Botschafter des Vatikans in den Vereinigten Staaten; Er wurde 2011 zum Apostolischen Nuntius ernannt und blieb bis zu seiner Pensionierung im Jahr 2016 im Amt. Er ist zu einem immer deutlicheren Kritiker des Papstes und der Kirche geworden, w\u00e4hrend er sich durch die Moderne bewegt und sich \u00fcber Themen wie Sexualit\u00e4t und die Pandemie hinaus bis hin zu sexuellem Missbrauch auseinandersetzt Skandale. Seine Warnungen vor einer globalistischen Verschw\u00f6rung f\u00fchrten dazu, dass er 2020 die Aufmerksamkeit des damaligen Pr\u00e4sidenten Donald Trump auf sich zog.<\/p>\n\n\n\n<p>Die Kampagne von Erzbischof Vigan\u00f2 versch\u00e4rfte sich, nachdem er die Verhaftung des Oberhaupts der katholischen Kirche gefordert hatte. Worum geht es in der Kontroverse? Bischof Vigan\u00f2 reagierte auf ein k\u00fcrzlich wieder aufgetauchtes Buch aus dem Jahr 1998 mit dem Titel Mystical Passion: Spirituality and Sensuality, geschrieben vom damaligen Priester Fern\u00e1ndez. Berichten zufolge enth\u00e4lt das Buch anschauliche Beschreibungen m\u00e4nnlicher und weiblicher Orgasmen und er\u00f6rtert, wie Sexualpartner Gott beim H\u00f6hepunkt finden k\u00f6nnten. Doch die US-Medien, die den Fall zur Sprache brachten, konnten kein Exemplar des Buches sehen.<\/p>\n\n\n\n<figure class=\"wp-block-embed is-type-rich is-provider-twitter wp-block-embed-twitter\"><div class=\"wp-block-embed__wrapper\">\n<blockquote class=\"twitter-tweet\" data-width=\"500\" data-dnt=\"true\"><p lang=\"en\" dir=\"ltr\">Die blasphemischen Ausbr\u00fcche von Tuchos absto\u00dfendem Pamphlet zeigen ein solches Ma\u00df an Perversion und Entfremdung vom Glauben, dass sie die Ausweisung des Argentiniers und seiner Komplizen manu militari erfordern.<br><br>Die Schweizer Garde hat geschworen, den Stuhl Petri zu verteidigen, nicht denjenigen, der ... <a href=\"https:\/\/t.co\/aKEuOtklqZ\">pic.twitter.com\/aKEuOtklqZ<\/a><\/p>\u2014 Erzbischof Carlo Maria Vigan\u00f2 (@CarloMVigano) <a href=\"https:\/\/twitter.com\/CarloMVigano\/status\/1744347265123160184?ref_src=twsrc%5Etfw\">8. Januar 2024<\/a><\/blockquote><script async src=\"https:\/\/platform.twitter.com\/widgets.js\" charset=\"utf-8\"><\/script>\n<\/div><\/figure>\n\n\n\n<h2 class=\"wp-block-heading\" id=\"h-dio-lo-si-raggiunge-nell-orgasmo\">\u201eGott wird im Orgasmus erreicht\u201c<\/h2>\n\n\n\n<p>Laut Vigan\u00f2 schlug der Priester vor, dass Gott \u201egegenw\u00e4rtig sein k\u00f6nnte, wenn zwei Menschen einander lieben und zum Orgasmus kommen; und dass ein Orgasmus, der in der Gegenwart Gottes erlebt wird, auch ein erhabener Akt der Gegenwart Gottes sein kann\u201c, schrieb die Zeitschrift Catholic Herald in einem Kommentar unter Berufung auf Fern\u00e1ndez\u2018 Buch. Das Buch tauchte wieder auf, nachdem der jetzige Kardinal Fern\u00e1ndez mit Zustimmung des Papstes den Pfarrern erlaubt hatte, Paaren in \u201eunregelm\u00e4\u00dfigen Situationen\u201c, etwa homosexuellen Paaren oder unverheirateten Mitbewohnern, nicht-liturgische Segnungen zu erteilen.<\/p>\n\n\n\n<p>Am 8. Januar forderte Vigan\u00f2 in einem Schreiben in Faith die milit\u00e4rische Vertreibung des Argentiniers und seiner Komplizen. Die Schweizer Garde hat geschworen, den Stuhl Petri zu verteidigen, und nicht denjenigen, der ihn systematisch zerst\u00f6rt. Also lasst sie ihren Eid halten und diese ketzerischen Perversen verhaften!\u201c<\/p>\n\n\n\n<h2 class=\"wp-block-heading\" id=\"h-il-card-fernandez-non-riscriverei-quel-libro\">Die Karte. Fern\u00e1ndez: \u201eIch w\u00fcrde dieses Buch nicht umschreiben\u201c<\/h2>\n\n\n\n<p>Am 8. Januar gab Kardinal Fern\u00e1ndez der katholischen Website Crux ein Interview und sagte, er sei jung gewesen, als er das Buch schrieb, und f\u00fcgte hinzu: \u201eIch w\u00fcrde es jetzt bestimmt nicht schreiben.\u201c Er sagte: \u201eLange nach diesem Buch schrieb ich ernstere B\u00fccher wie The Healing Force of Mysticism \u2026 [und] erlaubte nie, dass es nachgedruckt wurde.\u201c Er sagte, er habe versucht, Paaren zu helfen, \u201edie spirituelle Bedeutung ihrer Beziehungen besser zu verstehen\u201c, f\u00fcgte jedoch hinzu, dass er sp\u00e4ter versucht habe, das Buch abzubrechen, aus Angst, es k\u00f6nnte \u201efehlinterpretiert\u201c werden.<\/p>\n\n\n\n<p>Ein paar Tage sp\u00e4ter wandte sich Erzbischof Vigan\u00f2 erneut an X, um einen Link zu seiner vollst\u00e4ndigen Stellungnahme zu diesem Thema zu teilen, und verwies die Leser auf eine katholische Website namens Exsurge Domine. Er nannte den Papst wiederholt \u201eBergoglio\u201c \u2013 in Anspielung auf den Geburtsnamen des Papstes, Jorge Mario Bergoglio \u2013 und schrieb: \u201eSehen Sie... Bergoglios Anh\u00f6rungen mit Transsexuellen, ber\u00fchmten Homosexuellen und zusammenlebenden Liebenden: Kann irgendjemand ernsthaft glauben, dass es in dieser Jauchegrube von Lastern keinen Zusammenhang gibt? und Perversionen mit dem, was Tucho 1998 schrieb?\u201c<\/p>\n\n\n\n<p><strong>LESEN SIE ANDERE WELT-NEWS<\/strong><\/p>\n\n\n<ul class=\"wp-block-latest-posts__list wp-block-latest-posts\"><li><a class=\"wp-block-latest-posts__post-title\" href=\"https:\/\/newsvirali.it\/de\/2026\/02\/12\/emma-amit-tote-teufelskrabbe\/\">Vloggerin Emma Amit stirbt nach dem Verzehr einer giftigen Teufelskrabbe<\/a><\/li>\n<li><a class=\"wp-block-latest-posts__post-title\" href=\"https:\/\/newsvirali.it\/de\/2026\/02\/05\/drei-schwestern-begingen-selbstmord-in-indien\/\">Eltern konfiszieren Handys wegen exzessiven Spielens: Drei Schwestern begehen Selbstmord<\/a><\/li>\n<li><a class=\"wp-block-latest-posts__post-title\" href=\"https:\/\/newsvirali.it\/de\/2026\/01\/30\/festnahme-in-einem-ferienresort-in-florida-wegen-obszoner-handlungen\/\">Schockierende Szenen in einem Ferienresort in Florida: Mann wegen exhibitionistischer Handlungen mit einem Staubsauger verhaftet<\/a><\/li>\n<li><a class=\"wp-block-latest-posts__post-title\" href=\"https:\/\/newsvirali.it\/de\/2026\/01\/28\/betrunkener-vater-erhangt-sohn-in-schockierendem-video\/\">Betrunkener Vater h\u00e4ngt Sohn aus dem Fenster: Schockierendes Video<\/a><\/li>\n<li><a class=\"wp-block-latest-posts__post-title\" href=\"https:\/\/newsvirali.it\/de\/2026\/01\/27\/schwangere-lehrerin-und-13-jahrige-schulerin\/\">Lehrerin gibt zu, von 13-j\u00e4hrigem Sch\u00fcler schwanger geworden zu sein<\/a><\/li>\n<\/ul><br \/>Folgen Sie uns auch auf Google News: <b><a href=\"https:\/\/news.google.com\/publications\/CAAqBwgKMNqJiwswjMfqAg?hl=it&gl=IT&ceid=IT:it\" target=\"_blank\">klicken Sie hier<\/a><\/b>","protected":false},"excerpt":{"rendered":"<p>Erzbischof Carlo Maria Vigan\u00f2 will Papst Franziskus verhaften lassen, indem er eine Kontroverse \u00fcber ein Buch anzettelt, das ein Kardinal in [\u2026] geschrieben hat.<\/p>","protected":false},"author":4,"featured_media":14564,"comment_status":"open","ping_status":"open","sticky":false,"template":"","format":"standard","meta":{"MSN_Categories":"Uncategorized","MSN_Publish_Option":false,"MSN_Is_Local_News":false,"MSN_Is_AIAC_Included":"Empty","MSN_Location":"[]","MSN_Add_Feature_Img_On_Top_Of_Post":false,"MSN_Has_Custom_Author":false,"MSN_Custom_Author":"","MSN_Has_Custom_Canonical_Url":false,"MSN_Custom_Canonical_Url":"","footnotes":""},"categories":[7],"tags":[],"class_list":["post-14553","post","type-post","status-publish","format-standard","has-post-thumbnail","hentry","category-cronaca"],"acf":[],"yoast_head":"<!-- This site is optimized with the Yoast SEO Premium plugin v26.7 (Yoast SEO v26.7) - https:\/\/yoast.com\/wordpress\/plugins\/seo\/ -->\n<title>&quot;Papa Francesco \u00e8 un pervertito&quot;, arcivescovo lo vuole arrestare<\/title>\n<meta name=\"description\" content=\"Nuovo attacco dell&#039;arcivescovo Carlo Maria Vigan\u00f2 che vuole fare arrestare papa Francesco per un libro da &quot;pervertiti&quot;.\" \/>\n<meta name=\"robots\" content=\"index, follow, max-snippet:-1, max-image-preview:large, max-video-preview:-1\" \/>\n<link rel=\"canonical\" href=\"https:\/\/newsvirali.it\/de\/2024\/01\/17\/papst-franziskus-und-ein-perverser-erzbischof-wollen-den-papst-verhaften-lassen\/\" \/>\n<meta property=\"og:locale\" content=\"de_DE\" \/>\n<meta property=\"og:type\" content=\"article\" \/>\n<meta property=\"og:title\" content=\"&quot;Papa Francesco \u00e8 un pervertito&quot;, arcivescovo vuol far arrestare il Pontefice\" \/>\n<meta property=\"og:description\" content=\"Nuovo attacco dell&#039;arcivescovo Carlo Maria Vigan\u00f2 che vuole fare arrestare papa Francesco per un libro da &quot;pervertiti&quot;.\" \/>\n<meta property=\"og:url\" content=\"https:\/\/newsvirali.it\/de\/2024\/01\/17\/papst-franziskus-und-ein-perverser-erzbischof-wollen-den-papst-verhaften-lassen\/\" \/>\n<meta property=\"og:site_name\" content=\"News virali\" \/>\n<meta property=\"article:published_time\" content=\"2024-01-17T11:08:50+00:00\" \/>\n<meta property=\"article:modified_time\" content=\"2024-01-17T12:30:18+00:00\" \/>\n<meta property=\"og:image\" content=\"https:\/\/newsvirali.it\/wp-content\/uploads\/2024\/01\/MixCollage-17-Jan-2024-12-02-PM-8679-1.jpg\" \/>\n\t<meta property=\"og:image:width\" content=\"2560\" \/>\n\t<meta property=\"og:image:height\" content=\"1440\" \/>\n\t<meta property=\"og:image:type\" content=\"image\/jpeg\" \/>\n<meta name=\"author\" content=\"Cecco Prestina\" \/>\n<meta name=\"twitter:card\" content=\"summary_large_image\" \/>\n<meta name=\"twitter:label1\" content=\"Verfasst von\" \/>\n\t<meta name=\"twitter:data1\" content=\"Cecco Prestina\" \/>\n\t<meta name=\"twitter:label2\" content=\"Gesch\u00e4tzte Lesezeit\" \/>\n\t<meta name=\"twitter:data2\" content=\"4\u00a0Minuten\" \/>\n<script type=\"application\/ld+json\" class=\"yoast-schema-graph\">{\"@context\":\"https:\/\/schema.org\",\"@graph\":[{\"@type\":\"NewsArticle\",\"@id\":\"https:\/\/newsvirali.it\/de\/2024\/01\/17\/papst-franziskus-und-ein-perverser-erzbischof-wollen-den-papst-verhaften-lassen\/#article\",\"isPartOf\":{\"@id\":\"https:\/\/newsvirali.it\/de\/2024\/01\/17\/papst-franziskus-und-ein-perverser-erzbischof-wollen-den-papst-verhaften-lassen\/\"},\"author\":{\"name\":\"Cecco Prestina\",\"@id\":\"https:\/\/newsvirali.it\/fr\/#\/schema\/person\/4c835f7b49c9adb58b33901ee816565d\"},\"headline\":\"&#8220;Papa Francesco \u00e8 un pervertito&#8221;, arcivescovo vuol far arrestare il Pontefice\",\"datePublished\":\"2024-01-17T11:08:50+00:00\",\"dateModified\":\"2024-01-17T12:30:18+00:00\",\"mainEntityOfPage\":{\"@id\":\"https:\/\/newsvirali.it\/de\/2024\/01\/17\/papst-franziskus-und-ein-perverser-erzbischof-wollen-den-papst-verhaften-lassen\/\"},\"wordCount\":684,\"commentCount\":0,\"image\":{\"@id\":\"https:\/\/newsvirali.it\/de\/2024\/01\/17\/papst-franziskus-und-ein-perverser-erzbischof-wollen-den-papst-verhaften-lassen\/#primaryimage\"},\"thumbnailUrl\":\"https:\/\/newsvirali.it\/wp-content\/uploads\/2024\/01\/MixCollage-17-Jan-2024-12-02-PM-8679-1.jpg\",\"articleSection\":[\"Cronaca\"],\"inLanguage\":\"de\",\"potentialAction\":[{\"@type\":\"CommentAction\",\"name\":\"Comment\",\"target\":[\"https:\/\/newsvirali.it\/de\/2024\/01\/17\/papst-franziskus-und-ein-perverser-erzbischof-wollen-den-papst-verhaften-lassen\/#respond\"]}],\"copyrightYear\":\"2024\",\"copyrightHolder\":{\"@id\":\"https:\/\/newsvirali.it\/de\/#organization\"}},{\"@type\":\"WebPage\",\"@id\":\"https:\/\/newsvirali.it\/de\/2024\/01\/17\/papst-franziskus-und-ein-perverser-erzbischof-wollen-den-papst-verhaften-lassen\/\",\"url\":\"https:\/\/newsvirali.it\/de\/2024\/01\/17\/papst-franziskus-und-ein-perverser-erzbischof-wollen-den-papst-verhaften-lassen\/\",\"name\":\"\\\"Papa Francesco \u00e8 un pervertito\\\", arcivescovo lo vuole arrestare\",\"isPartOf\":{\"@id\":\"https:\/\/newsvirali.it\/fr\/#website\"},\"primaryImageOfPage\":{\"@id\":\"https:\/\/newsvirali.it\/de\/2024\/01\/17\/papst-franziskus-und-ein-perverser-erzbischof-wollen-den-papst-verhaften-lassen\/#primaryimage\"},\"image\":{\"@id\":\"https:\/\/newsvirali.it\/de\/2024\/01\/17\/papst-franziskus-und-ein-perverser-erzbischof-wollen-den-papst-verhaften-lassen\/#primaryimage\"},\"thumbnailUrl\":\"https:\/\/newsvirali.it\/wp-content\/uploads\/2024\/01\/MixCollage-17-Jan-2024-12-02-PM-8679-1.jpg\",\"datePublished\":\"2024-01-17T11:08:50+00:00\",\"dateModified\":\"2024-01-17T12:30:18+00:00\",\"author\":{\"@id\":\"https:\/\/newsvirali.it\/fr\/#\/schema\/person\/4c835f7b49c9adb58b33901ee816565d\"},\"description\":\"Nuovo attacco dell'arcivescovo Carlo Maria Vigan\u00f2 che vuole fare arrestare papa Francesco per un libro da \\\"pervertiti\\\".\",\"breadcrumb\":{\"@id\":\"https:\/\/newsvirali.it\/de\/2024\/01\/17\/papst-franziskus-und-ein-perverser-erzbischof-wollen-den-papst-verhaften-lassen\/#breadcrumb\"},\"inLanguage\":\"de\",\"potentialAction\":[{\"@type\":\"ReadAction\",\"target\":[\"https:\/\/newsvirali.it\/de\/2024\/01\/17\/papst-franziskus-und-ein-perverser-erzbischof-wollen-den-papst-verhaften-lassen\/\"]}]},{\"@type\":\"ImageObject\",\"inLanguage\":\"de\",\"@id\":\"https:\/\/newsvirali.it\/de\/2024\/01\/17\/papst-franziskus-und-ein-perverser-erzbischof-wollen-den-papst-verhaften-lassen\/#primaryimage\",\"url\":\"https:\/\/newsvirali.it\/wp-content\/uploads\/2024\/01\/MixCollage-17-Jan-2024-12-02-PM-8679-1.jpg\",\"contentUrl\":\"https:\/\/newsvirali.it\/wp-content\/uploads\/2024\/01\/MixCollage-17-Jan-2024-12-02-PM-8679-1.jpg\",\"width\":2560,\"height\":1440,\"caption\":\"\\\"Papa Francesco \u00e8 un pervertito\\\", arcivescovo lo vuole arrestare\"},{\"@type\":\"BreadcrumbList\",\"@id\":\"https:\/\/newsvirali.it\/de\/2024\/01\/17\/papst-franziskus-und-ein-perverser-erzbischof-wollen-den-papst-verhaften-lassen\/#breadcrumb\",\"itemListElement\":[{\"@type\":\"ListItem\",\"position\":1,\"name\":\"Home\",\"item\":\"https:\/\/newsvirali.it\/fr\/\"},{\"@type\":\"ListItem\",\"position\":2,\"name\":\"&#8220;Papa Francesco \u00e8 un pervertito&#8221;, arcivescovo vuol far arrestare il Pontefice\"}]},{\"@type\":\"WebSite\",\"@id\":\"https:\/\/newsvirali.it\/fr\/#website\",\"url\":\"https:\/\/newsvirali.it\/fr\/\",\"name\":\"Bake News\",\"description\":\"\",\"potentialAction\":[{\"@type\":\"SearchAction\",\"target\":{\"@type\":\"EntryPoint\",\"urlTemplate\":\"https:\/\/newsvirali.it\/fr\/?s={search_term_string}\"},\"query-input\":{\"@type\":\"PropertyValueSpecification\",\"valueRequired\":true,\"valueName\":\"search_term_string\"}}],\"inLanguage\":\"de\"},{\"@type\":\"Person\",\"@id\":\"https:\/\/newsvirali.it\/fr\/#\/schema\/person\/4c835f7b49c9adb58b33901ee816565d\",\"name\":\"Cecco Prestina\",\"description\":\"Perch\u00e9 nasconderlo? Cecco Prestina \u00e8 un alias, ma dietro di lui non si cela un algoritmo di intelligenza artificiale. C'\u00e8 un giornalista che ha oltre vent'anni di esperienza tutta sul web. Da quando il primo modem ha iniziato a gracchiare sul territorio italiano con Video on Line, Cecco ha capito che da quel doppino sarebbe passato il futuro. Ha dedidicato tutta la sua carriera a capire Internet e poi i social e ora l'Ai. Una carriera in costante aggiornamento. E questa esperienza la mette in campo ogni giorno. Per\u00f2 ogni tanto Cecco ha voglia anche di non scrivere \\\"pipponi\\\" sulla politica, sull'economia. Ha voglia anche di scrivere qualcosa di divertente. Le notizie che trovate su Bake News sono le stesse che Cecco porta all'aperitivo con gli amici. Quelle di cui discutere per farsi due risate. Notizie, vere (qualche volta si fa fatica a crederlo), strane, divertenti, ma anche serie. Bake News \u00e8 nato per questo, dare al pubblico notizie croccanti e calde come il pane che esce dal forno. E Cecco Prestina \u00e8 nato con Bake News.\",\"url\":\"https:\/\/newsvirali.it\/de\/autore\/cecco-prestina\/\"}]}<\/script>\n<!-- \/ Yoast SEO Premium plugin. -->","yoast_head_json":{"title":"\"Papa Francesco \u00e8 un pervertito\", arcivescovo lo vuole arrestare","description":"Nuovo attacco dell'arcivescovo Carlo Maria Vigan\u00f2 che vuole fare arrestare papa Francesco per un libro da \"pervertiti\".","robots":{"index":"index","follow":"follow","max-snippet":"max-snippet:-1","max-image-preview":"max-image-preview:large","max-video-preview":"max-video-preview:-1"},"canonical":"https:\/\/newsvirali.it\/de\/2024\/01\/17\/papst-franziskus-und-ein-perverser-erzbischof-wollen-den-papst-verhaften-lassen\/","og_locale":"de_DE","og_type":"article","og_title":"\"Papa Francesco \u00e8 un pervertito\", arcivescovo vuol far arrestare il Pontefice","og_description":"Nuovo attacco dell'arcivescovo Carlo Maria Vigan\u00f2 che vuole fare arrestare papa Francesco per un libro da \"pervertiti\".","og_url":"https:\/\/newsvirali.it\/de\/2024\/01\/17\/papst-franziskus-und-ein-perverser-erzbischof-wollen-den-papst-verhaften-lassen\/","og_site_name":"News virali","article_published_time":"2024-01-17T11:08:50+00:00","article_modified_time":"2024-01-17T12:30:18+00:00","og_image":[{"width":2560,"height":1440,"url":"https:\/\/newsvirali.it\/wp-content\/uploads\/2024\/01\/MixCollage-17-Jan-2024-12-02-PM-8679-1.jpg","type":"image\/jpeg"}],"author":"Cecco Prestina","twitter_card":"summary_large_image","twitter_misc":{"Verfasst von":"Cecco Prestina","Gesch\u00e4tzte Lesezeit":"4\u00a0Minuten"},"schema":{"@context":"https:\/\/schema.org","@graph":[{"@type":"NewsArticle","@id":"https:\/\/newsvirali.it\/de\/2024\/01\/17\/papst-franziskus-und-ein-perverser-erzbischof-wollen-den-papst-verhaften-lassen\/#article","isPartOf":{"@id":"https:\/\/newsvirali.it\/de\/2024\/01\/17\/papst-franziskus-und-ein-perverser-erzbischof-wollen-den-papst-verhaften-lassen\/"},"author":{"name":"Cecco Prestina","@id":"https:\/\/newsvirali.it\/fr\/#\/schema\/person\/4c835f7b49c9adb58b33901ee816565d"},"headline":"&#8220;Papa Francesco \u00e8 un pervertito&#8221;, arcivescovo vuol far arrestare il Pontefice","datePublished":"2024-01-17T11:08:50+00:00","dateModified":"2024-01-17T12:30:18+00:00","mainEntityOfPage":{"@id":"https:\/\/newsvirali.it\/de\/2024\/01\/17\/papst-franziskus-und-ein-perverser-erzbischof-wollen-den-papst-verhaften-lassen\/"},"wordCount":684,"commentCount":0,"image":{"@id":"https:\/\/newsvirali.it\/de\/2024\/01\/17\/papst-franziskus-und-ein-perverser-erzbischof-wollen-den-papst-verhaften-lassen\/#primaryimage"},"thumbnailUrl":"https:\/\/newsvirali.it\/wp-content\/uploads\/2024\/01\/MixCollage-17-Jan-2024-12-02-PM-8679-1.jpg","articleSection":["Cronaca"],"inLanguage":"de","potentialAction":[{"@type":"CommentAction","name":"Comment","target":["https:\/\/newsvirali.it\/de\/2024\/01\/17\/papst-franziskus-und-ein-perverser-erzbischof-wollen-den-papst-verhaften-lassen\/#respond"]}],"copyrightYear":"2024","copyrightHolder":{"@id":"https:\/\/newsvirali.it\/de\/#organization"}},{"@type":"WebPage","@id":"https:\/\/newsvirali.it\/de\/2024\/01\/17\/papst-franziskus-und-ein-perverser-erzbischof-wollen-den-papst-verhaften-lassen\/","url":"https:\/\/newsvirali.it\/de\/2024\/01\/17\/papst-franziskus-und-ein-perverser-erzbischof-wollen-den-papst-verhaften-lassen\/","name":"\"Papa Francesco \u00e8 un pervertito\", arcivescovo lo vuole arrestare","isPartOf":{"@id":"https:\/\/newsvirali.it\/fr\/#website"},"primaryImageOfPage":{"@id":"https:\/\/newsvirali.it\/de\/2024\/01\/17\/papst-franziskus-und-ein-perverser-erzbischof-wollen-den-papst-verhaften-lassen\/#primaryimage"},"image":{"@id":"https:\/\/newsvirali.it\/de\/2024\/01\/17\/papst-franziskus-und-ein-perverser-erzbischof-wollen-den-papst-verhaften-lassen\/#primaryimage"},"thumbnailUrl":"https:\/\/newsvirali.it\/wp-content\/uploads\/2024\/01\/MixCollage-17-Jan-2024-12-02-PM-8679-1.jpg","datePublished":"2024-01-17T11:08:50+00:00","dateModified":"2024-01-17T12:30:18+00:00","author":{"@id":"https:\/\/newsvirali.it\/fr\/#\/schema\/person\/4c835f7b49c9adb58b33901ee816565d"},"description":"Nuovo attacco dell'arcivescovo Carlo Maria Vigan\u00f2 che vuole fare arrestare papa Francesco per un libro da \"pervertiti\".","breadcrumb":{"@id":"https:\/\/newsvirali.it\/de\/2024\/01\/17\/papst-franziskus-und-ein-perverser-erzbischof-wollen-den-papst-verhaften-lassen\/#breadcrumb"},"inLanguage":"de","potentialAction":[{"@type":"ReadAction","target":["https:\/\/newsvirali.it\/de\/2024\/01\/17\/papst-franziskus-und-ein-perverser-erzbischof-wollen-den-papst-verhaften-lassen\/"]}]},{"@type":"ImageObject","inLanguage":"de","@id":"https:\/\/newsvirali.it\/de\/2024\/01\/17\/papst-franziskus-und-ein-perverser-erzbischof-wollen-den-papst-verhaften-lassen\/#primaryimage","url":"https:\/\/newsvirali.it\/wp-content\/uploads\/2024\/01\/MixCollage-17-Jan-2024-12-02-PM-8679-1.jpg","contentUrl":"https:\/\/newsvirali.it\/wp-content\/uploads\/2024\/01\/MixCollage-17-Jan-2024-12-02-PM-8679-1.jpg","width":2560,"height":1440,"caption":"\"Papa Francesco \u00e8 un pervertito\", arcivescovo lo vuole arrestare"},{"@type":"BreadcrumbList","@id":"https:\/\/newsvirali.it\/de\/2024\/01\/17\/papst-franziskus-und-ein-perverser-erzbischof-wollen-den-papst-verhaften-lassen\/#breadcrumb","itemListElement":[{"@type":"ListItem","position":1,"name":"Home","item":"https:\/\/newsvirali.it\/fr\/"},{"@type":"ListItem","position":2,"name":"&#8220;Papa Francesco \u00e8 un pervertito&#8221;, arcivescovo vuol far arrestare il Pontefice"}]},{"@type":"WebSite","@id":"https:\/\/newsvirali.it\/fr\/#website","url":"https:\/\/newsvirali.it\/fr\/","name":"Bake News","description":"","potentialAction":[{"@type":"SearchAction","target":{"@type":"EntryPoint","urlTemplate":"https:\/\/newsvirali.it\/fr\/?s={search_term_string}"},"query-input":{"@type":"PropertyValueSpecification","valueRequired":true,"valueName":"search_term_string"}}],"inLanguage":"de"},{"@type":"Person","@id":"https:\/\/newsvirali.it\/fr\/#\/schema\/person\/4c835f7b49c9adb58b33901ee816565d","name":"Cecco Prestina","description":"Perch\u00e9 nasconderlo? Cecco Prestina \u00e8 un alias, ma dietro di lui non si cela un algoritmo di intelligenza artificiale. C'\u00e8 un giornalista che ha oltre vent'anni di esperienza tutta sul web. Da quando il primo modem ha iniziato a gracchiare sul territorio italiano con Video on Line, Cecco ha capito che da quel doppino sarebbe passato il futuro. Ha dedidicato tutta la sua carriera a capire Internet e poi i social e ora l'Ai. Una carriera in costante aggiornamento. E questa esperienza la mette in campo ogni giorno. Per\u00f2 ogni tanto Cecco ha voglia anche di non scrivere \"pipponi\" sulla politica, sull'economia. Ha voglia anche di scrivere qualcosa di divertente. Le notizie che trovate su Bake News sono le stesse che Cecco porta all'aperitivo con gli amici. Quelle di cui discutere per farsi due risate. Notizie, vere (qualche volta si fa fatica a crederlo), strane, divertenti, ma anche serie. Bake News \u00e8 nato per questo, dare al pubblico notizie croccanti e calde come il pane che esce dal forno. E Cecco Prestina \u00e8 nato con Bake News.","url":"https:\/\/newsvirali.it\/de\/autore\/cecco-prestina\/"}]}},"_links":{"self":[{"href":"https:\/\/newsvirali.it\/de\/wp-json\/wp\/v2\/posts\/14553","targetHints":{"allow":["GET"]}}],"collection":[{"href":"https:\/\/newsvirali.it\/de\/wp-json\/wp\/v2\/posts"}],"about":[{"href":"https:\/\/newsvirali.it\/de\/wp-json\/wp\/v2\/types\/post"}],"author":[{"embeddable":true,"href":"https:\/\/newsvirali.it\/de\/wp-json\/wp\/v2\/users\/4"}],"replies":[{"embeddable":true,"href":"https:\/\/newsvirali.it\/de\/wp-json\/wp\/v2\/comments?post=14553"}],"version-history":[{"count":7,"href":"https:\/\/newsvirali.it\/de\/wp-json\/wp\/v2\/posts\/14553\/revisions"}],"predecessor-version":[{"id":14566,"href":"https:\/\/newsvirali.it\/de\/wp-json\/wp\/v2\/posts\/14553\/revisions\/14566"}],"wp:featuredmedia":[{"embeddable":true,"href":"https:\/\/newsvirali.it\/de\/wp-json\/wp\/v2\/media\/14564"}],"wp:attachment":[{"href":"https:\/\/newsvirali.it\/de\/wp-json\/wp\/v2\/media?parent=14553"}],"wp:term":[{"taxonomy":"category","embeddable":true,"href":"https:\/\/newsvirali.it\/de\/wp-json\/wp\/v2\/categories?post=14553"},{"taxonomy":"post_tag","embeddable":true,"href":"https:\/\/newsvirali.it\/de\/wp-json\/wp\/v2\/tags?post=14553"}],"curies":[{"name":"wp","href":"https:\/\/api.w.org\/{rel}","templated":true}]}}