{"id":14129,"date":"2024-01-11T08:43:18","date_gmt":"2024-01-11T07:43:18","guid":{"rendered":"https:\/\/www.bakenews.it\/?p=14129"},"modified":"2024-01-11T08:54:00","modified_gmt":"2024-01-11T07:54:00","slug":"lex-allenatore-della-lazio-sven-goran-eriksson-sta-morendo-di-cancro","status":"publish","type":"post","link":"https:\/\/newsvirali.it\/de\/2024\/01\/11\/der-fruhere-lazio-trainer-sven-goran-eriksson-stirbt-an-krebs\/","title":{"rendered":"Der fr\u00fchere Lazio-Trainer Sven-G\u00f6ran Eriksson stirbt an Krebs"},"content":{"rendered":"<p>Sven-G\u00f6ran Eriksson hat bekannt gegeben, dass er an Krebs im Endstadium leidet und erkl\u00e4rt: \u201eIch muss so lange k\u00e4mpfen, wie ich kann.\u201c Der 75-j\u00e4hrige ehemalige englische Trainer, der in Italien als Trainer von Sampdoria und Lazio Rom bekannt ist, bef\u00fcrchtet, dass er nach seiner Diagnose im letzten Jahr noch ein Jahr oder im schlimmsten Fall etwas weniger zu leben hat. Er sagte: \u201eJeder versteht, dass ich eine Krankheit habe, die nicht gut ist. Jeder stellt sich vor, es sei Krebs, und das ist es auch. Aber ich muss k\u00e4mpfen, solange ich kann.<\/p>\n\n\n\n<p><strong>LESEN SIE AUCH<\/strong><\/p>\n\n\n\n<ul class=\"wp-block-list\">\n<li><a href=\"https:\/\/www.bakenews.it\/lattrice-bridgette-wilson-malata-di-cancro-il-marito-pete-sampras-pregate-per-lei\/\">Die an Krebs erkrankte Schauspielerin Bridgette Wilson und ihr Ehemann Pete Sampras: Beten Sie f\u00fcr sie<\/a><\/li>\n\n\n\n<li><a href=\"https:\/\/www.bakenews.it\/un-14enne-inventa-il-sapone-che-guarisce-il-cancro-alla-pelle\/\">Ein 14-J\u00e4hriger erfindet eine Seife, die Hautkrebs heilt<\/a><\/li>\n\n\n\n<li><a href=\"https:\/\/www.bakenews.it\/star-di-jurassic-park-sam-neill-cancro-sto-morendo\/\">Jurassic Park-Star Sam Neill spricht \u00fcber seine Krebserkrankung: \u201eIch sterbe, es ist ein gro\u00dfes \u00c4rgernis\u201c<\/a><\/li>\n\n\n\n<li><a href=\"https:\/\/www.bakenews.it\/lautaro-martinez-licenzia-baby-sitter-malata-di-cancro-storia\/\">Aus diesem Grund hat Lautaro Martinez die krebskranke Babysitterin entlassen<\/a><\/li>\n<\/ul>\n\n\n\n<h2 class=\"wp-block-heading\" id=\"h-sven-goran-eriksson-annuncia-ho-il-cancro\">Sven-G\u00f6ran Eriksson verk\u00fcndet: Ich habe Krebs<\/h2>\n\n\n\n<p>Eriksson sprach im schwedischen Radio P1 und als er nach der Prognose gefragt wurde, sagte er: \u201eVielleicht im besten Fall ein Jahr, im schlimmsten Fall etwas weniger, oder im besten Fall vielleicht sogar mehr.\u201c Ganz sicher kann man nicht sein. Es ist besser, nicht dar\u00fcber nachzudenken.<\/p>\n\n\n\n<p>Es gab Spekulationen \u00fcber seinen Gesundheitszustand, nachdem er seine T\u00e4tigkeit als Sportdirektor von Karlstad in Schweden aufgegeben hatte. Heute gab er bekannt, dass er letztes Jahr nach einem Lauf zusammengebrochen war und feststellte, dass er schwer krank war. Er sagte: \u201eEs ist nicht gut. Alle gingen davon aus, dass es sich um Krebs handelte, und das ist es auch. Aber ich muss k\u00e4mpfen, solange ich kann. Aber Sie k\u00f6nnen Ihr Gehirn austricksen. Sehen Sie die positive Seite der Dinge, schwelgen Sie nicht in Widrigkeiten, denn das ist nat\u00fcrlich die gr\u00f6\u00dfte Widrigkeit, sondern machen Sie etwas Gutes daraus.\u201c<\/p>\n\n\n\n<h2 class=\"wp-block-heading\" id=\"h-pochi-mesi-fa-e-collassato-durante-una-corsa\">Vor ein paar Monaten brach er beim Laufen zusammen<\/h2>\n\n\n\n<p>Sven-G\u00f6ran Eriksson erz\u00e4hlte P1, dass er w\u00e4hrend eines 5-km-Laufs pl\u00f6tzlich zusammengebrochen sei. Nach R\u00fccksprache mit seinen \u00c4rzten stellte sich heraus, dass Eriksson einen Schlaganfall erlitten hatte und au\u00dferdem an Krebs litt. Er sagte: \u201eSie wissen nicht, wie lange ich schon Krebs habe, vielleicht einen Monat oder ein Jahr.\u201c<\/p>\n\n\n\n<h2 class=\"wp-block-heading\" id=\"h-la-sua-brillante-carriera-da-allenatore\">Seine brillante Trainerkarriere<\/h2>\n\n\n\n<p>In seiner brillanten Managerkarriere war Sven Trainer von IFK G\u00f6teborg, Benfica, Roma, Fiorentina, Sampdoria, Lazio Rom, Manchester City und Leicester City. Er war auch Trainer von Mexiko, der Elfenbeink\u00fcste und den Philippinen. Doch w\u00e4hrend er f\u00fcnf Jahre lang England betreute, wurde er zum ber\u00fchmtesten Fu\u00dfballmanager der Welt.<\/p>\n\n\n\n<p>Zwischen 2001 und 2006 f\u00fchrte er die sogenannte \u201egoldene Generation\u201c von Stars an, darunter David Beckham, Steven Gerrard und Frank Lampard, gewann jedoch nie die erwartete gro\u00dfe Troph\u00e4e.<br>Seine tragische Diagnose erhielt er fast genau 22 Jahre, nachdem er vorzeitig als Lazio-Trainer zur\u00fcckgetreten war, um die Rolle des englischen Trainers zu \u00fcbernehmen. Der Schwede hatte drei Monate zuvor einen F\u00fcnfjahresvertrag unterzeichnet, um im Sommer 2001 zu \u00fcbernehmen.<\/p>\n\n\n\n<p><strong>LESEN SIE WEITERE SPORTNEWS<\/strong><\/p>\n\n\n<ul class=\"wp-block-latest-posts__list wp-block-latest-posts\"><li><a class=\"wp-block-latest-posts__post-title\" href=\"https:\/\/newsvirali.it\/de\/2026\/02\/11\/kostumstrafe-fur-die-olympischen-spiele-2026-eroffnet\/\">Mailand-Cortina 2026: Kost\u00fcmwettbewerb er\u00f6ffnet: L\u00e4uferin entgeht Strafe<\/a><\/li>\n<li><a class=\"wp-block-latest-posts__post-title\" href=\"https:\/\/newsvirali.it\/de\/2026\/01\/30\/deutsche-bob-olympiade-onlyfans\/\">Dank OnlyFans bei den Olympischen Spielen: Das schockierende Gest\u00e4ndnis eines deutschen Bobfahrers<\/a><\/li>\n<li><a class=\"wp-block-latest-posts__post-title\" href=\"https:\/\/newsvirali.it\/de\/2026\/01\/15\/zlatan-ibrahimovic-scheist-sich-in-die-hose\/\">\u201eIch habe mir in die Hose gemacht\u201c: Zlatan Ibrahimovics peinliche Geschichte<\/a><\/li>\n<li><a class=\"wp-block-latest-posts__post-title\" href=\"https:\/\/newsvirali.it\/de\/2025\/12\/29\/der-vorfall-um-anthony-joshua-in-nigeria\/\">Anthony Joshua bei Autounfall in Nigeria verletzt<\/a><\/li>\n<li><a class=\"wp-block-latest-posts__post-title\" href=\"https:\/\/newsvirali.it\/de\/2025\/11\/25\/carlo-vanzinis-krankheit-besorgnis-und-seine-fans-in-den-sozialen-medien\/\">Carlo Vanzini sorgt in den sozialen Medien f\u00fcr Besorgnis unter den Fans: Hier ist, was wir wissen.<\/a><\/li>\n<\/ul><br \/>Folgen Sie uns auch auf Google News: <b><a href=\"https:\/\/news.google.com\/publications\/CAAqBwgKMNqJiwswjMfqAg?hl=it&gl=IT&ceid=IT:it\" target=\"_blank\">klicken Sie hier<\/a><\/b>","protected":false},"excerpt":{"rendered":"<p>Sven-G\u00f6ran Eriksson hat bekannt gegeben, dass er an Krebs im Endstadium leidet und erkl\u00e4rt: \u201eIch muss so lange k\u00e4mpfen, wie ich kann.\u201c Der 75-j\u00e4hrige ehemalige [\u2026]<\/p>","protected":false},"author":4,"featured_media":14130,"comment_status":"open","ping_status":"open","sticky":false,"template":"","format":"standard","meta":{"MSN_Categories":"Uncategorized","MSN_Publish_Option":false,"MSN_Is_Local_News":false,"MSN_Is_AIAC_Included":"Empty","MSN_Location":"[]","MSN_Add_Feature_Img_On_Top_Of_Post":false,"MSN_Has_Custom_Author":false,"MSN_Custom_Author":"","MSN_Has_Custom_Canonical_Url":false,"MSN_Custom_Canonical_Url":"","footnotes":""},"categories":[8],"tags":[],"class_list":["post-14129","post","type-post","status-publish","format-standard","has-post-thumbnail","hentry","category-sport"],"acf":[],"yoast_head":"<!-- This site is optimized with the Yoast SEO Premium plugin v26.7 (Yoast SEO v26.7) - https:\/\/yoast.com\/wordpress\/plugins\/seo\/ -->\n<title>L&#039;ex allenatore Sven-Goran Eriksson sta morendo di cancro<\/title>\n<meta name=\"description\" content=\"L&#039;ex allenatore Sven-Goran Eriksson ha rivelato di avere un cancro terminale, dichiarando: &quot;Mi resta un anno da vivere&quot;.\" \/>\n<meta name=\"robots\" content=\"index, follow, max-snippet:-1, max-image-preview:large, max-video-preview:-1\" \/>\n<link rel=\"canonical\" href=\"https:\/\/newsvirali.it\/de\/2024\/01\/11\/el-ex-entrenador-de-la-lazio-sven-goran-eriksson-muere-de-cancer\/\" \/>\n<meta property=\"og:locale\" content=\"de_DE\" \/>\n<meta property=\"og:type\" content=\"article\" \/>\n<meta property=\"og:title\" content=\"L&#039;ex allenatore della Lazio Sven-Goran Eriksson sta morendo di cancro\" \/>\n<meta property=\"og:description\" content=\"L&#039;ex allenatore Sven-Goran Eriksson ha rivelato di avere un cancro terminale, dichiarando: &quot;Mi resta un anno da vivere&quot;.\" \/>\n<meta property=\"og:url\" content=\"https:\/\/newsvirali.it\/de\/2024\/01\/11\/el-ex-entrenador-de-la-lazio-sven-goran-eriksson-muere-de-cancer\/\" \/>\n<meta property=\"og:site_name\" content=\"News virali\" \/>\n<meta property=\"article:published_time\" content=\"2024-01-11T07:43:18+00:00\" \/>\n<meta property=\"article:modified_time\" content=\"2024-01-11T07:54:00+00:00\" \/>\n<meta property=\"og:image\" content=\"https:\/\/newsvirali.it\/wp-content\/uploads\/2024\/01\/Eriksson.jpg\" \/>\n\t<meta property=\"og:image:width\" content=\"924\" \/>\n\t<meta property=\"og:image:height\" content=\"1199\" \/>\n\t<meta property=\"og:image:type\" content=\"image\/jpeg\" \/>\n<meta name=\"author\" content=\"Cecco Prestina\" \/>\n<meta name=\"twitter:card\" content=\"summary_large_image\" \/>\n<meta name=\"twitter:label1\" content=\"Verfasst von\" \/>\n\t<meta name=\"twitter:data1\" content=\"Cecco Prestina\" \/>\n\t<meta name=\"twitter:label2\" content=\"Gesch\u00e4tzte Lesezeit\" \/>\n\t<meta name=\"twitter:data2\" content=\"3\u00a0Minuten\" \/>\n<script type=\"application\/ld+json\" class=\"yoast-schema-graph\">{\"@context\":\"https:\/\/schema.org\",\"@graph\":[{\"@type\":\"NewsArticle\",\"@id\":\"https:\/\/newsvirali.it\/es\/2024\/01\/11\/el-ex-entrenador-de-la-lazio-sven-goran-eriksson-muere-de-cancer\/#article\",\"isPartOf\":{\"@id\":\"https:\/\/newsvirali.it\/es\/2024\/01\/11\/el-ex-entrenador-de-la-lazio-sven-goran-eriksson-muere-de-cancer\/\"},\"author\":{\"name\":\"Cecco Prestina\",\"@id\":\"https:\/\/newsvirali.it\/fr\/#\/schema\/person\/4c835f7b49c9adb58b33901ee816565d\"},\"headline\":\"L&#8217;ex allenatore della Lazio Sven-Goran Eriksson sta morendo di cancro\",\"datePublished\":\"2024-01-11T07:43:18+00:00\",\"dateModified\":\"2024-01-11T07:54:00+00:00\",\"mainEntityOfPage\":{\"@id\":\"https:\/\/newsvirali.it\/es\/2024\/01\/11\/el-ex-entrenador-de-la-lazio-sven-goran-eriksson-muere-de-cancer\/\"},\"wordCount\":483,\"commentCount\":0,\"image\":{\"@id\":\"https:\/\/newsvirali.it\/es\/2024\/01\/11\/el-ex-entrenador-de-la-lazio-sven-goran-eriksson-muere-de-cancer\/#primaryimage\"},\"thumbnailUrl\":\"https:\/\/newsvirali.it\/wp-content\/uploads\/2024\/01\/Eriksson.jpg\",\"articleSection\":[\"Sport\"],\"inLanguage\":\"de\",\"potentialAction\":[{\"@type\":\"CommentAction\",\"name\":\"Comment\",\"target\":[\"https:\/\/newsvirali.it\/es\/2024\/01\/11\/el-ex-entrenador-de-la-lazio-sven-goran-eriksson-muere-de-cancer\/#respond\"]}],\"copyrightYear\":\"2024\",\"copyrightHolder\":{\"@id\":\"https:\/\/newsvirali.it\/de\/#organization\"}},{\"@type\":\"WebPage\",\"@id\":\"https:\/\/newsvirali.it\/es\/2024\/01\/11\/el-ex-entrenador-de-la-lazio-sven-goran-eriksson-muere-de-cancer\/\",\"url\":\"https:\/\/newsvirali.it\/es\/2024\/01\/11\/el-ex-entrenador-de-la-lazio-sven-goran-eriksson-muere-de-cancer\/\",\"name\":\"L'ex allenatore Sven-Goran Eriksson sta morendo di cancro\",\"isPartOf\":{\"@id\":\"https:\/\/newsvirali.it\/fr\/#website\"},\"primaryImageOfPage\":{\"@id\":\"https:\/\/newsvirali.it\/es\/2024\/01\/11\/el-ex-entrenador-de-la-lazio-sven-goran-eriksson-muere-de-cancer\/#primaryimage\"},\"image\":{\"@id\":\"https:\/\/newsvirali.it\/es\/2024\/01\/11\/el-ex-entrenador-de-la-lazio-sven-goran-eriksson-muere-de-cancer\/#primaryimage\"},\"thumbnailUrl\":\"https:\/\/newsvirali.it\/wp-content\/uploads\/2024\/01\/Eriksson.jpg\",\"datePublished\":\"2024-01-11T07:43:18+00:00\",\"dateModified\":\"2024-01-11T07:54:00+00:00\",\"author\":{\"@id\":\"https:\/\/newsvirali.it\/fr\/#\/schema\/person\/4c835f7b49c9adb58b33901ee816565d\"},\"description\":\"L'ex allenatore Sven-Goran Eriksson ha rivelato di avere un cancro terminale, dichiarando: \\\"Mi resta un anno da vivere\\\".\",\"breadcrumb\":{\"@id\":\"https:\/\/newsvirali.it\/es\/2024\/01\/11\/el-ex-entrenador-de-la-lazio-sven-goran-eriksson-muere-de-cancer\/#breadcrumb\"},\"inLanguage\":\"de\",\"potentialAction\":[{\"@type\":\"ReadAction\",\"target\":[\"https:\/\/newsvirali.it\/es\/2024\/01\/11\/el-ex-entrenador-de-la-lazio-sven-goran-eriksson-muere-de-cancer\/\"]}]},{\"@type\":\"ImageObject\",\"inLanguage\":\"de\",\"@id\":\"https:\/\/newsvirali.it\/es\/2024\/01\/11\/el-ex-entrenador-de-la-lazio-sven-goran-eriksson-muere-de-cancer\/#primaryimage\",\"url\":\"https:\/\/newsvirali.it\/wp-content\/uploads\/2024\/01\/Eriksson.jpg\",\"contentUrl\":\"https:\/\/newsvirali.it\/wp-content\/uploads\/2024\/01\/Eriksson.jpg\",\"width\":924,\"height\":1199,\"caption\":\"L'ex allenatore Sven-Goran Eriksson sta morendo di cancro\"},{\"@type\":\"BreadcrumbList\",\"@id\":\"https:\/\/newsvirali.it\/es\/2024\/01\/11\/el-ex-entrenador-de-la-lazio-sven-goran-eriksson-muere-de-cancer\/#breadcrumb\",\"itemListElement\":[{\"@type\":\"ListItem\",\"position\":1,\"name\":\"Home\",\"item\":\"https:\/\/newsvirali.it\/fr\/\"},{\"@type\":\"ListItem\",\"position\":2,\"name\":\"L&#8217;ex allenatore della Lazio Sven-Goran Eriksson sta morendo di cancro\"}]},{\"@type\":\"WebSite\",\"@id\":\"https:\/\/newsvirali.it\/fr\/#website\",\"url\":\"https:\/\/newsvirali.it\/fr\/\",\"name\":\"Bake News\",\"description\":\"\",\"potentialAction\":[{\"@type\":\"SearchAction\",\"target\":{\"@type\":\"EntryPoint\",\"urlTemplate\":\"https:\/\/newsvirali.it\/fr\/?s={search_term_string}\"},\"query-input\":{\"@type\":\"PropertyValueSpecification\",\"valueRequired\":true,\"valueName\":\"search_term_string\"}}],\"inLanguage\":\"de\"},{\"@type\":\"Person\",\"@id\":\"https:\/\/newsvirali.it\/fr\/#\/schema\/person\/4c835f7b49c9adb58b33901ee816565d\",\"name\":\"Cecco Prestina\",\"description\":\"Perch\u00e9 nasconderlo? Cecco Prestina \u00e8 un alias, ma dietro di lui non si cela un algoritmo di intelligenza artificiale. C'\u00e8 un giornalista che ha oltre vent'anni di esperienza tutta sul web. Da quando il primo modem ha iniziato a gracchiare sul territorio italiano con Video on Line, Cecco ha capito che da quel doppino sarebbe passato il futuro. Ha dedidicato tutta la sua carriera a capire Internet e poi i social e ora l'Ai. Una carriera in costante aggiornamento. E questa esperienza la mette in campo ogni giorno. Per\u00f2 ogni tanto Cecco ha voglia anche di non scrivere \\\"pipponi\\\" sulla politica, sull'economia. Ha voglia anche di scrivere qualcosa di divertente. Le notizie che trovate su Bake News sono le stesse che Cecco porta all'aperitivo con gli amici. Quelle di cui discutere per farsi due risate. Notizie, vere (qualche volta si fa fatica a crederlo), strane, divertenti, ma anche serie. Bake News \u00e8 nato per questo, dare al pubblico notizie croccanti e calde come il pane che esce dal forno. E Cecco Prestina \u00e8 nato con Bake News.\",\"url\":\"https:\/\/newsvirali.it\/de\/autore\/cecco-prestina\/\"}]}<\/script>\n<!-- \/ Yoast SEO Premium plugin. -->","yoast_head_json":{"title":"L'ex allenatore Sven-Goran Eriksson sta morendo di cancro","description":"L'ex allenatore Sven-Goran Eriksson ha rivelato di avere un cancro terminale, dichiarando: \"Mi resta un anno da vivere\".","robots":{"index":"index","follow":"follow","max-snippet":"max-snippet:-1","max-image-preview":"max-image-preview:large","max-video-preview":"max-video-preview:-1"},"canonical":"https:\/\/newsvirali.it\/de\/2024\/01\/11\/el-ex-entrenador-de-la-lazio-sven-goran-eriksson-muere-de-cancer\/","og_locale":"de_DE","og_type":"article","og_title":"L'ex allenatore della Lazio Sven-Goran Eriksson sta morendo di cancro","og_description":"L'ex allenatore Sven-Goran Eriksson ha rivelato di avere un cancro terminale, dichiarando: \"Mi resta un anno da vivere\".","og_url":"https:\/\/newsvirali.it\/de\/2024\/01\/11\/el-ex-entrenador-de-la-lazio-sven-goran-eriksson-muere-de-cancer\/","og_site_name":"News virali","article_published_time":"2024-01-11T07:43:18+00:00","article_modified_time":"2024-01-11T07:54:00+00:00","og_image":[{"width":924,"height":1199,"url":"https:\/\/newsvirali.it\/wp-content\/uploads\/2024\/01\/Eriksson.jpg","type":"image\/jpeg"}],"author":"Cecco Prestina","twitter_card":"summary_large_image","twitter_misc":{"Verfasst von":"Cecco Prestina","Gesch\u00e4tzte Lesezeit":"3\u00a0Minuten"},"schema":{"@context":"https:\/\/schema.org","@graph":[{"@type":"NewsArticle","@id":"https:\/\/newsvirali.it\/es\/2024\/01\/11\/el-ex-entrenador-de-la-lazio-sven-goran-eriksson-muere-de-cancer\/#article","isPartOf":{"@id":"https:\/\/newsvirali.it\/es\/2024\/01\/11\/el-ex-entrenador-de-la-lazio-sven-goran-eriksson-muere-de-cancer\/"},"author":{"name":"Cecco Prestina","@id":"https:\/\/newsvirali.it\/fr\/#\/schema\/person\/4c835f7b49c9adb58b33901ee816565d"},"headline":"L&#8217;ex allenatore della Lazio Sven-Goran Eriksson sta morendo di cancro","datePublished":"2024-01-11T07:43:18+00:00","dateModified":"2024-01-11T07:54:00+00:00","mainEntityOfPage":{"@id":"https:\/\/newsvirali.it\/es\/2024\/01\/11\/el-ex-entrenador-de-la-lazio-sven-goran-eriksson-muere-de-cancer\/"},"wordCount":483,"commentCount":0,"image":{"@id":"https:\/\/newsvirali.it\/es\/2024\/01\/11\/el-ex-entrenador-de-la-lazio-sven-goran-eriksson-muere-de-cancer\/#primaryimage"},"thumbnailUrl":"https:\/\/newsvirali.it\/wp-content\/uploads\/2024\/01\/Eriksson.jpg","articleSection":["Sport"],"inLanguage":"de","potentialAction":[{"@type":"CommentAction","name":"Comment","target":["https:\/\/newsvirali.it\/es\/2024\/01\/11\/el-ex-entrenador-de-la-lazio-sven-goran-eriksson-muere-de-cancer\/#respond"]}],"copyrightYear":"2024","copyrightHolder":{"@id":"https:\/\/newsvirali.it\/de\/#organization"}},{"@type":"WebPage","@id":"https:\/\/newsvirali.it\/es\/2024\/01\/11\/el-ex-entrenador-de-la-lazio-sven-goran-eriksson-muere-de-cancer\/","url":"https:\/\/newsvirali.it\/es\/2024\/01\/11\/el-ex-entrenador-de-la-lazio-sven-goran-eriksson-muere-de-cancer\/","name":"L'ex allenatore Sven-Goran Eriksson sta morendo di cancro","isPartOf":{"@id":"https:\/\/newsvirali.it\/fr\/#website"},"primaryImageOfPage":{"@id":"https:\/\/newsvirali.it\/es\/2024\/01\/11\/el-ex-entrenador-de-la-lazio-sven-goran-eriksson-muere-de-cancer\/#primaryimage"},"image":{"@id":"https:\/\/newsvirali.it\/es\/2024\/01\/11\/el-ex-entrenador-de-la-lazio-sven-goran-eriksson-muere-de-cancer\/#primaryimage"},"thumbnailUrl":"https:\/\/newsvirali.it\/wp-content\/uploads\/2024\/01\/Eriksson.jpg","datePublished":"2024-01-11T07:43:18+00:00","dateModified":"2024-01-11T07:54:00+00:00","author":{"@id":"https:\/\/newsvirali.it\/fr\/#\/schema\/person\/4c835f7b49c9adb58b33901ee816565d"},"description":"L'ex allenatore Sven-Goran Eriksson ha rivelato di avere un cancro terminale, dichiarando: \"Mi resta un anno da vivere\".","breadcrumb":{"@id":"https:\/\/newsvirali.it\/es\/2024\/01\/11\/el-ex-entrenador-de-la-lazio-sven-goran-eriksson-muere-de-cancer\/#breadcrumb"},"inLanguage":"de","potentialAction":[{"@type":"ReadAction","target":["https:\/\/newsvirali.it\/es\/2024\/01\/11\/el-ex-entrenador-de-la-lazio-sven-goran-eriksson-muere-de-cancer\/"]}]},{"@type":"ImageObject","inLanguage":"de","@id":"https:\/\/newsvirali.it\/es\/2024\/01\/11\/el-ex-entrenador-de-la-lazio-sven-goran-eriksson-muere-de-cancer\/#primaryimage","url":"https:\/\/newsvirali.it\/wp-content\/uploads\/2024\/01\/Eriksson.jpg","contentUrl":"https:\/\/newsvirali.it\/wp-content\/uploads\/2024\/01\/Eriksson.jpg","width":924,"height":1199,"caption":"L'ex allenatore Sven-Goran Eriksson sta morendo di cancro"},{"@type":"BreadcrumbList","@id":"https:\/\/newsvirali.it\/es\/2024\/01\/11\/el-ex-entrenador-de-la-lazio-sven-goran-eriksson-muere-de-cancer\/#breadcrumb","itemListElement":[{"@type":"ListItem","position":1,"name":"Home","item":"https:\/\/newsvirali.it\/fr\/"},{"@type":"ListItem","position":2,"name":"L&#8217;ex allenatore della Lazio Sven-Goran Eriksson sta morendo di cancro"}]},{"@type":"WebSite","@id":"https:\/\/newsvirali.it\/fr\/#website","url":"https:\/\/newsvirali.it\/fr\/","name":"Bake News","description":"","potentialAction":[{"@type":"SearchAction","target":{"@type":"EntryPoint","urlTemplate":"https:\/\/newsvirali.it\/fr\/?s={search_term_string}"},"query-input":{"@type":"PropertyValueSpecification","valueRequired":true,"valueName":"search_term_string"}}],"inLanguage":"de"},{"@type":"Person","@id":"https:\/\/newsvirali.it\/fr\/#\/schema\/person\/4c835f7b49c9adb58b33901ee816565d","name":"Cecco Prestina","description":"Perch\u00e9 nasconderlo? Cecco Prestina \u00e8 un alias, ma dietro di lui non si cela un algoritmo di intelligenza artificiale. C'\u00e8 un giornalista che ha oltre vent'anni di esperienza tutta sul web. Da quando il primo modem ha iniziato a gracchiare sul territorio italiano con Video on Line, Cecco ha capito che da quel doppino sarebbe passato il futuro. Ha dedidicato tutta la sua carriera a capire Internet e poi i social e ora l'Ai. Una carriera in costante aggiornamento. E questa esperienza la mette in campo ogni giorno. Per\u00f2 ogni tanto Cecco ha voglia anche di non scrivere \"pipponi\" sulla politica, sull'economia. Ha voglia anche di scrivere qualcosa di divertente. Le notizie che trovate su Bake News sono le stesse che Cecco porta all'aperitivo con gli amici. Quelle di cui discutere per farsi due risate. Notizie, vere (qualche volta si fa fatica a crederlo), strane, divertenti, ma anche serie. Bake News \u00e8 nato per questo, dare al pubblico notizie croccanti e calde come il pane che esce dal forno. E Cecco Prestina \u00e8 nato con Bake News.","url":"https:\/\/newsvirali.it\/de\/autore\/cecco-prestina\/"}]}},"_links":{"self":[{"href":"https:\/\/newsvirali.it\/de\/wp-json\/wp\/v2\/posts\/14129","targetHints":{"allow":["GET"]}}],"collection":[{"href":"https:\/\/newsvirali.it\/de\/wp-json\/wp\/v2\/posts"}],"about":[{"href":"https:\/\/newsvirali.it\/de\/wp-json\/wp\/v2\/types\/post"}],"author":[{"embeddable":true,"href":"https:\/\/newsvirali.it\/de\/wp-json\/wp\/v2\/users\/4"}],"replies":[{"embeddable":true,"href":"https:\/\/newsvirali.it\/de\/wp-json\/wp\/v2\/comments?post=14129"}],"version-history":[{"count":2,"href":"https:\/\/newsvirali.it\/de\/wp-json\/wp\/v2\/posts\/14129\/revisions"}],"predecessor-version":[{"id":14133,"href":"https:\/\/newsvirali.it\/de\/wp-json\/wp\/v2\/posts\/14129\/revisions\/14133"}],"wp:featuredmedia":[{"embeddable":true,"href":"https:\/\/newsvirali.it\/de\/wp-json\/wp\/v2\/media\/14130"}],"wp:attachment":[{"href":"https:\/\/newsvirali.it\/de\/wp-json\/wp\/v2\/media?parent=14129"}],"wp:term":[{"taxonomy":"category","embeddable":true,"href":"https:\/\/newsvirali.it\/de\/wp-json\/wp\/v2\/categories?post=14129"},{"taxonomy":"post_tag","embeddable":true,"href":"https:\/\/newsvirali.it\/de\/wp-json\/wp\/v2\/tags?post=14129"}],"curies":[{"name":"wp","href":"https:\/\/api.w.org\/{rel}","templated":true}]}}