{"id":12745,"date":"2023-12-18T12:43:41","date_gmt":"2023-12-18T11:43:41","guid":{"rendered":"https:\/\/www.bakenews.it\/?p=12745"},"modified":"2023-12-18T12:43:42","modified_gmt":"2023-12-18T11:43:42","slug":"si-lancia-senza-paracadute-spunta-il-filmato-della-morte-ecco-le-sue-ultime-parole","status":"publish","type":"post","link":"https:\/\/newsvirali.it\/de\/2023\/12\/18\/er-springt-ohne-fallschirm-der-film-seines-todes-erscheint-hier-sind-seine-letzten-worte\/","title":{"rendered":"Er springt ohne Fallschirm, der Film seines Todes erscheint: Hier sind seine letzten Worte"},"content":{"rendered":"<p>In den sozialen Medien sind Bodycam-Aufnahmen eines Mannes aufgetaucht, der ohne Fallschirm sprang und seinen Tod filmte. Ivan McGuire war an diesem tragischen Apriltag 1988 bei seinem dritten Sprung und war begeistert von der Aussicht, eine Fallschirmsprungstunde in 10.000 Fu\u00df H\u00f6he zu filmen. Er nahm seine Kamera mit, um einen Sch\u00fcler und einen Ausbilder im Franklin County Sports Parachute Center zu filmen, und sprang aus dem Flugzeug, ohne sich seines fatalen Fehlers bewusst zu sein.<\/p>\n\n\n\n<p><strong>LESEN SIE AUCH<\/strong><\/p>\n\n\n\n<ul class=\"wp-block-list\">\n<li><a href=\"https:\/\/www.bakenews.it\/paracadutista-tuta-alare-decapitato-aereo-pilota-accusato-omicidio\/\">Wingsuit-Fallschirmj\u00e4ger wird im Flugzeug enthauptet: Pilot wird wegen Mordes angeklagt<\/a><\/li>\n\n\n\n<li><a href=\"https:\/\/www.bakenews.it\/uccisa-da-un-aereo-in-atterraggio-unala-lha-colpita-alla-testa-mentre-lavorava\/\">Sie wurde von einem landenden Flugzeug get\u00f6tet und bei der Arbeit von einem Fl\u00fcgel am Kopf getroffen<\/a><\/li>\n<\/ul>\n\n\n\n<h2 class=\"wp-block-heading\" id=\"h-senza-paracadute-ha-filmato-la-sua-morte-le-ultime-parole\">Ohne Fallschirm filmte er seinen Tod: die letzten Worte<\/h2>\n\n\n\n<p>Der 35-j\u00e4hrige McGuire filmte traurigerweise seinen Tod, wobei die Kamera immer noch seinen Sturz aufzeichnete. Vor seinem t\u00f6dlichen Unfall hatte er mehr als 800 Spr\u00fcnge erfolgreich absolviert. Seine Aufnahmen hielten die beunruhigenden Momente vor dem Aufprall auf den Boden fest. Als die Erde immer n\u00e4her kam, schien er ausgestreckt zu haben, um den Fallschirm zu ziehen, doch dann traf ihn die schreckliche Erkenntnis.<br>Die letzten Worte, die McGuire auf der Aufnahme sagte, waren: \u201eOh mein Gott, nein!\u201c Seine Leiche wurde sp\u00e4ter im Wald etwa anderthalb Meilen von dem Flugplatz entfernt gefunden, von dem er gestartet war.<\/p>\n\n\n\n<figure class=\"wp-block-embed is-type-rich is-provider-twitter wp-block-embed-twitter\"><div class=\"wp-block-embed__wrapper\">\n<blockquote class=\"twitter-tweet\" data-width=\"500\" data-dnt=\"true\"><p lang=\"en\" dir=\"ltr\">Fallschirmspringer Ivan McGuire filmte eine Fallschirmspringstunde in 10.000 Fu\u00df H\u00f6he. Voller Vorfreude auf das Filmen schnappte er sich seine Kamera und sprang aus dem Flugzeug. Leider hat er seinen Fallschirm vergessen. McGuire hatte vor diesem t\u00f6dlichen Unfall mehr als 800 erfolgreiche Spr\u00fcnge absolviert. <a href=\"https:\/\/t.co\/uXLGe33kZ5\">pic.twitter.com\/uXLGe33kZ5<\/a><\/p>\u2013 Krankhaftes Wissen (@Morbidful) <a href=\"https:\/\/twitter.com\/Morbidful\/status\/1736064838562931149?ref_src=twsrc%5Etfw\">16. Dezember 2023<\/a><\/blockquote><script async src=\"https:\/\/platform.twitter.com\/widgets.js\" charset=\"utf-8\"><\/script>\n<\/div><\/figure>\n\n\n\n<p>Damals wurde gegen den Piloten Mark Luman ermittelt, ob er \u00fcberpr\u00fcfte, ob McGuire einen Fallschirm trug. FAA-Inspektor Walter Rigsbee sagte: \u201eEs gibt eine Regelung, Nr. 105, die besagt, dass niemand springen darf, es sei denn, der Pilot kontrolliert die Fallschirme.\u201c Nancy Fayard, Ehefrau des Fallschirmsprungzentrumsbesitzers Paul Fayard, sagte damals: \u201eNiemand wusste, dass er ohne Fallschirm ins Flugzeug stieg.\u201c Nat\u00fcrlich wusste niemand, sonst h\u00e4tten sie ihn aufgehalten.\u201c<\/p>\n\n\n\n<p>Foulspiel und Selbstmord wurden jedoch ausgeschlossen und sp\u00e4ter wurde entschieden, dass McGuire einfach seinen Fallschirm vergessen hatte, was zu einem Unfalltod f\u00fchrte. Es wird vermutet, dass er die Kameraausr\u00fcstung m\u00f6glicherweise mit dem Fallschirm verwechselt hat, da diese eine vergleichbare Masse und ein vergleichbares Gewicht hatte \u2013 ein trauriger und bedauerlicher Fehler.<\/p>\n\n\n\n<h2 class=\"wp-block-heading\" id=\"h-paracadutista-salvato-dal-proprio-istruttore\">Fallschirmj\u00e4ger wurde von seinem Ausbilder gerettet<\/h2>\n\n\n\n<p>Aber es gibt auch diejenigen, die sich aus einer \u00e4hnlichen Situation gerettet haben. Als Reaktion auf das tragische Video von Ivan McGuire ver\u00f6ffentlichte ein Benutzer Aufnahmen eines Fallschirmspringlehrers, der seinen Sch\u00fcler rettet. Letzterer fiel w\u00e4hrend des Sprunges in Ohnmacht und der Ausbilder erreichte ihn und \u00f6ffnete seinen Fallschirm.<\/p>\n\n\n\n<figure class=\"wp-block-embed is-type-rich is-provider-twitter wp-block-embed-twitter\"><div class=\"wp-block-embed__wrapper\">\nhttps:\/\/twitter.com\/VisionaryVoid\/status\/1736067367854280781\n<\/div><\/figure>\n\n\n\n<p><strong>LESEN SIE DIE ANDEREN NEUGIERIGEN NACHRICHTEN<\/strong><\/p>\n\n\n<ul class=\"wp-block-latest-posts__list wp-block-latest-posts\"><li><a class=\"wp-block-latest-posts__post-title\" href=\"https:\/\/newsvirali.it\/de\/2026\/02\/09\/blackout-mit-dem-fliegenden-schwein-in-china\/\">Fliegende Schweine verursachen Stromausfall: Lesen Sie die unglaubliche Geschichte (und es liegt nicht an einer KI)<\/a><\/li>\n<li><a class=\"wp-block-latest-posts__post-title\" href=\"https:\/\/newsvirali.it\/de\/2026\/02\/03\/fettleibige-leichen-schonheitsoperationen-in-new-york\/\">Schockierende Sch\u00f6nheitsoperation in New York: Fett von Leichen zur K\u00f6rpervergr\u00f6\u00dferung<\/a><\/li>\n<li><a class=\"wp-block-latest-posts__post-title\" href=\"https:\/\/newsvirali.it\/de\/2026\/01\/28\/junge-steckte-in-28-cm-langem-rohr-fest-kansas\/\">Ein Junge steckte in einem 11-Zoll-Rohr fest, doch im Internet kursieren Zweifel daran, ob er gerettet wurde.<\/a><\/li>\n<li><a class=\"wp-block-latest-posts__post-title\" href=\"https:\/\/newsvirali.it\/de\/2026\/01\/14\/onlyfans-models-in-miami-aus-dem-flugzeug-geschickt\/\">OnlyFans-Models halbnackt von der Polizei aus Flugzeug geworfen<\/a><\/li>\n<li><a class=\"wp-block-latest-posts__post-title\" href=\"https:\/\/newsvirali.it\/de\/2026\/01\/12\/offene-plastikverpackungen\/\">Nie mehr Schere: Eine Mutter verr\u00e4t den einfachen Trick, um selbst die hartn\u00e4ckigsten Plastikverpackungen zu \u00f6ffnen.<\/a><\/li>\n<\/ul><br \/>Folgen Sie uns auch auf Google News: <b><a href=\"https:\/\/news.google.com\/publications\/CAAqBwgKMNqJiwswjMfqAg?hl=it&gl=IT&ceid=IT:it\" target=\"_blank\">klicken Sie hier<\/a><\/b>","protected":false},"excerpt":{"rendered":"<p>Bodycam-Aufnahmen eines Mannes, der ohne Fallschirm sprang und [\u2026]<\/p>","protected":false},"author":4,"featured_media":12752,"comment_status":"open","ping_status":"open","sticky":false,"template":"","format":"standard","meta":{"MSN_Categories":"Uncategorized","MSN_Publish_Option":false,"MSN_Is_Local_News":false,"MSN_Is_AIAC_Included":"Empty","MSN_Location":"[]","MSN_Add_Feature_Img_On_Top_Of_Post":false,"MSN_Has_Custom_Author":false,"MSN_Custom_Author":"","MSN_Has_Custom_Canonical_Url":false,"MSN_Custom_Canonical_Url":"","footnotes":""},"categories":[9],"tags":[],"class_list":["post-12745","post","type-post","status-publish","format-standard","has-post-thumbnail","hentry","category-mondo"],"acf":[],"yoast_head":"<!-- This site is optimized with the Yoast SEO Premium plugin v26.7 (Yoast SEO v26.7) - https:\/\/yoast.com\/wordpress\/plugins\/seo\/ -->\n<title>Si lancia senza paracadute, spunta il filmato della morte<\/title>\n<meta name=\"description\" content=\"Ivan McGuire e la tragedia del salto senza paracadute filmata dalla bodycam: scopri la storia di quella tragica lezione di paracadutismo.\" \/>\n<meta name=\"robots\" content=\"index, follow, max-snippet:-1, max-image-preview:large, max-video-preview:-1\" \/>\n<link rel=\"canonical\" href=\"https:\/\/newsvirali.it\/de\/2023\/12\/18\/er-springt-ohne-fallschirm-der-film-seines-todes-erscheint-hier-sind-seine-letzten-worte\/\" \/>\n<meta property=\"og:locale\" content=\"de_DE\" \/>\n<meta property=\"og:type\" content=\"article\" \/>\n<meta property=\"og:title\" content=\"Si lancia senza paracadute, spunta il filmato della morte: ecco le sue ultime parole\" \/>\n<meta property=\"og:description\" content=\"Ivan McGuire e la tragedia del salto senza paracadute filmata dalla bodycam: scopri la storia di quella tragica lezione di paracadutismo.\" \/>\n<meta property=\"og:url\" content=\"https:\/\/newsvirali.it\/de\/2023\/12\/18\/er-springt-ohne-fallschirm-der-film-seines-todes-erscheint-hier-sind-seine-letzten-worte\/\" \/>\n<meta property=\"og:site_name\" content=\"News virali\" \/>\n<meta property=\"article:published_time\" content=\"2023-12-18T11:43:41+00:00\" \/>\n<meta property=\"article:modified_time\" content=\"2023-12-18T11:43:42+00:00\" \/>\n<meta property=\"og:image\" content=\"https:\/\/newsvirali.it\/wp-content\/uploads\/2023\/12\/vlcsnap-2023-12-18-12h28m22s978.jpg\" \/>\n\t<meta property=\"og:image:width\" content=\"1280\" \/>\n\t<meta property=\"og:image:height\" content=\"720\" \/>\n\t<meta property=\"og:image:type\" content=\"image\/jpeg\" \/>\n<meta name=\"author\" content=\"Cecco Prestina\" \/>\n<meta name=\"twitter:card\" content=\"summary_large_image\" \/>\n<meta name=\"twitter:label1\" content=\"Verfasst von\" \/>\n\t<meta name=\"twitter:data1\" content=\"Cecco Prestina\" \/>\n\t<meta name=\"twitter:label2\" content=\"Gesch\u00e4tzte Lesezeit\" \/>\n\t<meta name=\"twitter:data2\" content=\"3\u00a0Minuten\" \/>\n<script type=\"application\/ld+json\" class=\"yoast-schema-graph\">{\"@context\":\"https:\/\/schema.org\",\"@graph\":[{\"@type\":\"NewsArticle\",\"@id\":\"https:\/\/newsvirali.it\/2023\/12\/18\/si-lancia-senza-paracadute-spunta-il-filmato-della-morte-ecco-le-sue-ultime-parole\/#article\",\"isPartOf\":{\"@id\":\"https:\/\/newsvirali.it\/2023\/12\/18\/si-lancia-senza-paracadute-spunta-il-filmato-della-morte-ecco-le-sue-ultime-parole\/\"},\"author\":{\"name\":\"Cecco Prestina\",\"@id\":\"https:\/\/newsvirali.it\/fr\/#\/schema\/person\/4c835f7b49c9adb58b33901ee816565d\"},\"headline\":\"Si lancia senza paracadute, spunta il filmato della morte: ecco le sue ultime parole\",\"datePublished\":\"2023-12-18T11:43:41+00:00\",\"dateModified\":\"2023-12-18T11:43:42+00:00\",\"mainEntityOfPage\":{\"@id\":\"https:\/\/newsvirali.it\/2023\/12\/18\/si-lancia-senza-paracadute-spunta-il-filmato-della-morte-ecco-le-sue-ultime-parole\/\"},\"wordCount\":432,\"commentCount\":0,\"image\":{\"@id\":\"https:\/\/newsvirali.it\/2023\/12\/18\/si-lancia-senza-paracadute-spunta-il-filmato-della-morte-ecco-le-sue-ultime-parole\/#primaryimage\"},\"thumbnailUrl\":\"https:\/\/newsvirali.it\/wp-content\/uploads\/2023\/12\/vlcsnap-2023-12-18-12h28m22s978.jpg\",\"articleSection\":[\"Mondo\"],\"inLanguage\":\"de\",\"potentialAction\":[{\"@type\":\"CommentAction\",\"name\":\"Comment\",\"target\":[\"https:\/\/newsvirali.it\/2023\/12\/18\/si-lancia-senza-paracadute-spunta-il-filmato-della-morte-ecco-le-sue-ultime-parole\/#respond\"]}],\"copyrightYear\":\"2023\",\"copyrightHolder\":{\"@id\":\"https:\/\/newsvirali.it\/de\/#organization\"}},{\"@type\":\"WebPage\",\"@id\":\"https:\/\/newsvirali.it\/2023\/12\/18\/si-lancia-senza-paracadute-spunta-il-filmato-della-morte-ecco-le-sue-ultime-parole\/\",\"url\":\"https:\/\/newsvirali.it\/2023\/12\/18\/si-lancia-senza-paracadute-spunta-il-filmato-della-morte-ecco-le-sue-ultime-parole\/\",\"name\":\"Si lancia senza paracadute, spunta il filmato della morte\",\"isPartOf\":{\"@id\":\"https:\/\/newsvirali.it\/fr\/#website\"},\"primaryImageOfPage\":{\"@id\":\"https:\/\/newsvirali.it\/2023\/12\/18\/si-lancia-senza-paracadute-spunta-il-filmato-della-morte-ecco-le-sue-ultime-parole\/#primaryimage\"},\"image\":{\"@id\":\"https:\/\/newsvirali.it\/2023\/12\/18\/si-lancia-senza-paracadute-spunta-il-filmato-della-morte-ecco-le-sue-ultime-parole\/#primaryimage\"},\"thumbnailUrl\":\"https:\/\/newsvirali.it\/wp-content\/uploads\/2023\/12\/vlcsnap-2023-12-18-12h28m22s978.jpg\",\"datePublished\":\"2023-12-18T11:43:41+00:00\",\"dateModified\":\"2023-12-18T11:43:42+00:00\",\"author\":{\"@id\":\"https:\/\/newsvirali.it\/fr\/#\/schema\/person\/4c835f7b49c9adb58b33901ee816565d\"},\"description\":\"Ivan McGuire e la tragedia del salto senza paracadute filmata dalla bodycam: scopri la storia di quella tragica lezione di paracadutismo.\",\"breadcrumb\":{\"@id\":\"https:\/\/newsvirali.it\/2023\/12\/18\/si-lancia-senza-paracadute-spunta-il-filmato-della-morte-ecco-le-sue-ultime-parole\/#breadcrumb\"},\"inLanguage\":\"de\",\"potentialAction\":[{\"@type\":\"ReadAction\",\"target\":[\"https:\/\/newsvirali.it\/2023\/12\/18\/si-lancia-senza-paracadute-spunta-il-filmato-della-morte-ecco-le-sue-ultime-parole\/\"]}]},{\"@type\":\"ImageObject\",\"inLanguage\":\"de\",\"@id\":\"https:\/\/newsvirali.it\/2023\/12\/18\/si-lancia-senza-paracadute-spunta-il-filmato-della-morte-ecco-le-sue-ultime-parole\/#primaryimage\",\"url\":\"https:\/\/newsvirali.it\/wp-content\/uploads\/2023\/12\/vlcsnap-2023-12-18-12h28m22s978.jpg\",\"contentUrl\":\"https:\/\/newsvirali.it\/wp-content\/uploads\/2023\/12\/vlcsnap-2023-12-18-12h28m22s978.jpg\",\"width\":1280,\"height\":720,\"caption\":\"Si lancia senza paracadute, spunta il filmato della morte\"},{\"@type\":\"BreadcrumbList\",\"@id\":\"https:\/\/newsvirali.it\/2023\/12\/18\/si-lancia-senza-paracadute-spunta-il-filmato-della-morte-ecco-le-sue-ultime-parole\/#breadcrumb\",\"itemListElement\":[{\"@type\":\"ListItem\",\"position\":1,\"name\":\"Home\",\"item\":\"https:\/\/newsvirali.it\/fr\/\"},{\"@type\":\"ListItem\",\"position\":2,\"name\":\"Si lancia senza paracadute, spunta il filmato della morte: ecco le sue ultime parole\"}]},{\"@type\":\"WebSite\",\"@id\":\"https:\/\/newsvirali.it\/fr\/#website\",\"url\":\"https:\/\/newsvirali.it\/fr\/\",\"name\":\"Bake News\",\"description\":\"\",\"potentialAction\":[{\"@type\":\"SearchAction\",\"target\":{\"@type\":\"EntryPoint\",\"urlTemplate\":\"https:\/\/newsvirali.it\/fr\/?s={search_term_string}\"},\"query-input\":{\"@type\":\"PropertyValueSpecification\",\"valueRequired\":true,\"valueName\":\"search_term_string\"}}],\"inLanguage\":\"de\"},{\"@type\":\"Person\",\"@id\":\"https:\/\/newsvirali.it\/fr\/#\/schema\/person\/4c835f7b49c9adb58b33901ee816565d\",\"name\":\"Cecco Prestina\",\"description\":\"Perch\u00e9 nasconderlo? Cecco Prestina \u00e8 un alias, ma dietro di lui non si cela un algoritmo di intelligenza artificiale. C'\u00e8 un giornalista che ha oltre vent'anni di esperienza tutta sul web. Da quando il primo modem ha iniziato a gracchiare sul territorio italiano con Video on Line, Cecco ha capito che da quel doppino sarebbe passato il futuro. Ha dedidicato tutta la sua carriera a capire Internet e poi i social e ora l'Ai. Una carriera in costante aggiornamento. E questa esperienza la mette in campo ogni giorno. Per\u00f2 ogni tanto Cecco ha voglia anche di non scrivere \\\"pipponi\\\" sulla politica, sull'economia. Ha voglia anche di scrivere qualcosa di divertente. Le notizie che trovate su Bake News sono le stesse che Cecco porta all'aperitivo con gli amici. Quelle di cui discutere per farsi due risate. Notizie, vere (qualche volta si fa fatica a crederlo), strane, divertenti, ma anche serie. Bake News \u00e8 nato per questo, dare al pubblico notizie croccanti e calde come il pane che esce dal forno. E Cecco Prestina \u00e8 nato con Bake News.\",\"url\":\"https:\/\/newsvirali.it\/de\/autore\/cecco-prestina\/\"}]}<\/script>\n<!-- \/ Yoast SEO Premium plugin. -->","yoast_head_json":{"title":"Si lancia senza paracadute, spunta il filmato della morte","description":"Ivan McGuire e la tragedia del salto senza paracadute filmata dalla bodycam: scopri la storia di quella tragica lezione di paracadutismo.","robots":{"index":"index","follow":"follow","max-snippet":"max-snippet:-1","max-image-preview":"max-image-preview:large","max-video-preview":"max-video-preview:-1"},"canonical":"https:\/\/newsvirali.it\/de\/2023\/12\/18\/er-springt-ohne-fallschirm-der-film-seines-todes-erscheint-hier-sind-seine-letzten-worte\/","og_locale":"de_DE","og_type":"article","og_title":"Si lancia senza paracadute, spunta il filmato della morte: ecco le sue ultime parole","og_description":"Ivan McGuire e la tragedia del salto senza paracadute filmata dalla bodycam: scopri la storia di quella tragica lezione di paracadutismo.","og_url":"https:\/\/newsvirali.it\/de\/2023\/12\/18\/er-springt-ohne-fallschirm-der-film-seines-todes-erscheint-hier-sind-seine-letzten-worte\/","og_site_name":"News virali","article_published_time":"2023-12-18T11:43:41+00:00","article_modified_time":"2023-12-18T11:43:42+00:00","og_image":[{"width":1280,"height":720,"url":"https:\/\/newsvirali.it\/wp-content\/uploads\/2023\/12\/vlcsnap-2023-12-18-12h28m22s978.jpg","type":"image\/jpeg"}],"author":"Cecco Prestina","twitter_card":"summary_large_image","twitter_misc":{"Verfasst von":"Cecco Prestina","Gesch\u00e4tzte Lesezeit":"3\u00a0Minuten"},"schema":{"@context":"https:\/\/schema.org","@graph":[{"@type":"NewsArticle","@id":"https:\/\/newsvirali.it\/2023\/12\/18\/si-lancia-senza-paracadute-spunta-il-filmato-della-morte-ecco-le-sue-ultime-parole\/#article","isPartOf":{"@id":"https:\/\/newsvirali.it\/2023\/12\/18\/si-lancia-senza-paracadute-spunta-il-filmato-della-morte-ecco-le-sue-ultime-parole\/"},"author":{"name":"Cecco Prestina","@id":"https:\/\/newsvirali.it\/fr\/#\/schema\/person\/4c835f7b49c9adb58b33901ee816565d"},"headline":"Si lancia senza paracadute, spunta il filmato della morte: ecco le sue ultime parole","datePublished":"2023-12-18T11:43:41+00:00","dateModified":"2023-12-18T11:43:42+00:00","mainEntityOfPage":{"@id":"https:\/\/newsvirali.it\/2023\/12\/18\/si-lancia-senza-paracadute-spunta-il-filmato-della-morte-ecco-le-sue-ultime-parole\/"},"wordCount":432,"commentCount":0,"image":{"@id":"https:\/\/newsvirali.it\/2023\/12\/18\/si-lancia-senza-paracadute-spunta-il-filmato-della-morte-ecco-le-sue-ultime-parole\/#primaryimage"},"thumbnailUrl":"https:\/\/newsvirali.it\/wp-content\/uploads\/2023\/12\/vlcsnap-2023-12-18-12h28m22s978.jpg","articleSection":["Mondo"],"inLanguage":"de","potentialAction":[{"@type":"CommentAction","name":"Comment","target":["https:\/\/newsvirali.it\/2023\/12\/18\/si-lancia-senza-paracadute-spunta-il-filmato-della-morte-ecco-le-sue-ultime-parole\/#respond"]}],"copyrightYear":"2023","copyrightHolder":{"@id":"https:\/\/newsvirali.it\/de\/#organization"}},{"@type":"WebPage","@id":"https:\/\/newsvirali.it\/2023\/12\/18\/si-lancia-senza-paracadute-spunta-il-filmato-della-morte-ecco-le-sue-ultime-parole\/","url":"https:\/\/newsvirali.it\/2023\/12\/18\/si-lancia-senza-paracadute-spunta-il-filmato-della-morte-ecco-le-sue-ultime-parole\/","name":"Si lancia senza paracadute, spunta il filmato della morte","isPartOf":{"@id":"https:\/\/newsvirali.it\/fr\/#website"},"primaryImageOfPage":{"@id":"https:\/\/newsvirali.it\/2023\/12\/18\/si-lancia-senza-paracadute-spunta-il-filmato-della-morte-ecco-le-sue-ultime-parole\/#primaryimage"},"image":{"@id":"https:\/\/newsvirali.it\/2023\/12\/18\/si-lancia-senza-paracadute-spunta-il-filmato-della-morte-ecco-le-sue-ultime-parole\/#primaryimage"},"thumbnailUrl":"https:\/\/newsvirali.it\/wp-content\/uploads\/2023\/12\/vlcsnap-2023-12-18-12h28m22s978.jpg","datePublished":"2023-12-18T11:43:41+00:00","dateModified":"2023-12-18T11:43:42+00:00","author":{"@id":"https:\/\/newsvirali.it\/fr\/#\/schema\/person\/4c835f7b49c9adb58b33901ee816565d"},"description":"Ivan McGuire e la tragedia del salto senza paracadute filmata dalla bodycam: scopri la storia di quella tragica lezione di paracadutismo.","breadcrumb":{"@id":"https:\/\/newsvirali.it\/2023\/12\/18\/si-lancia-senza-paracadute-spunta-il-filmato-della-morte-ecco-le-sue-ultime-parole\/#breadcrumb"},"inLanguage":"de","potentialAction":[{"@type":"ReadAction","target":["https:\/\/newsvirali.it\/2023\/12\/18\/si-lancia-senza-paracadute-spunta-il-filmato-della-morte-ecco-le-sue-ultime-parole\/"]}]},{"@type":"ImageObject","inLanguage":"de","@id":"https:\/\/newsvirali.it\/2023\/12\/18\/si-lancia-senza-paracadute-spunta-il-filmato-della-morte-ecco-le-sue-ultime-parole\/#primaryimage","url":"https:\/\/newsvirali.it\/wp-content\/uploads\/2023\/12\/vlcsnap-2023-12-18-12h28m22s978.jpg","contentUrl":"https:\/\/newsvirali.it\/wp-content\/uploads\/2023\/12\/vlcsnap-2023-12-18-12h28m22s978.jpg","width":1280,"height":720,"caption":"Si lancia senza paracadute, spunta il filmato della morte"},{"@type":"BreadcrumbList","@id":"https:\/\/newsvirali.it\/2023\/12\/18\/si-lancia-senza-paracadute-spunta-il-filmato-della-morte-ecco-le-sue-ultime-parole\/#breadcrumb","itemListElement":[{"@type":"ListItem","position":1,"name":"Home","item":"https:\/\/newsvirali.it\/fr\/"},{"@type":"ListItem","position":2,"name":"Si lancia senza paracadute, spunta il filmato della morte: ecco le sue ultime parole"}]},{"@type":"WebSite","@id":"https:\/\/newsvirali.it\/fr\/#website","url":"https:\/\/newsvirali.it\/fr\/","name":"Bake News","description":"","potentialAction":[{"@type":"SearchAction","target":{"@type":"EntryPoint","urlTemplate":"https:\/\/newsvirali.it\/fr\/?s={search_term_string}"},"query-input":{"@type":"PropertyValueSpecification","valueRequired":true,"valueName":"search_term_string"}}],"inLanguage":"de"},{"@type":"Person","@id":"https:\/\/newsvirali.it\/fr\/#\/schema\/person\/4c835f7b49c9adb58b33901ee816565d","name":"Cecco Prestina","description":"Perch\u00e9 nasconderlo? Cecco Prestina \u00e8 un alias, ma dietro di lui non si cela un algoritmo di intelligenza artificiale. C'\u00e8 un giornalista che ha oltre vent'anni di esperienza tutta sul web. Da quando il primo modem ha iniziato a gracchiare sul territorio italiano con Video on Line, Cecco ha capito che da quel doppino sarebbe passato il futuro. Ha dedidicato tutta la sua carriera a capire Internet e poi i social e ora l'Ai. Una carriera in costante aggiornamento. E questa esperienza la mette in campo ogni giorno. Per\u00f2 ogni tanto Cecco ha voglia anche di non scrivere \"pipponi\" sulla politica, sull'economia. Ha voglia anche di scrivere qualcosa di divertente. Le notizie che trovate su Bake News sono le stesse che Cecco porta all'aperitivo con gli amici. Quelle di cui discutere per farsi due risate. Notizie, vere (qualche volta si fa fatica a crederlo), strane, divertenti, ma anche serie. Bake News \u00e8 nato per questo, dare al pubblico notizie croccanti e calde come il pane che esce dal forno. E Cecco Prestina \u00e8 nato con Bake News.","url":"https:\/\/newsvirali.it\/de\/autore\/cecco-prestina\/"}]}},"_links":{"self":[{"href":"https:\/\/newsvirali.it\/de\/wp-json\/wp\/v2\/posts\/12745","targetHints":{"allow":["GET"]}}],"collection":[{"href":"https:\/\/newsvirali.it\/de\/wp-json\/wp\/v2\/posts"}],"about":[{"href":"https:\/\/newsvirali.it\/de\/wp-json\/wp\/v2\/types\/post"}],"author":[{"embeddable":true,"href":"https:\/\/newsvirali.it\/de\/wp-json\/wp\/v2\/users\/4"}],"replies":[{"embeddable":true,"href":"https:\/\/newsvirali.it\/de\/wp-json\/wp\/v2\/comments?post=12745"}],"version-history":[{"count":3,"href":"https:\/\/newsvirali.it\/de\/wp-json\/wp\/v2\/posts\/12745\/revisions"}],"predecessor-version":[{"id":12758,"href":"https:\/\/newsvirali.it\/de\/wp-json\/wp\/v2\/posts\/12745\/revisions\/12758"}],"wp:featuredmedia":[{"embeddable":true,"href":"https:\/\/newsvirali.it\/de\/wp-json\/wp\/v2\/media\/12752"}],"wp:attachment":[{"href":"https:\/\/newsvirali.it\/de\/wp-json\/wp\/v2\/media?parent=12745"}],"wp:term":[{"taxonomy":"category","embeddable":true,"href":"https:\/\/newsvirali.it\/de\/wp-json\/wp\/v2\/categories?post=12745"},{"taxonomy":"post_tag","embeddable":true,"href":"https:\/\/newsvirali.it\/de\/wp-json\/wp\/v2\/tags?post=12745"}],"curies":[{"name":"wp","href":"https:\/\/api.w.org\/{rel}","templated":true}]}}