{"id":12448,"date":"2023-12-13T16:34:00","date_gmt":"2023-12-13T15:34:00","guid":{"rendered":"https:\/\/www.bakenews.it\/?p=12448"},"modified":"2023-12-13T16:34:01","modified_gmt":"2023-12-13T15:34:01","slug":"comico-americano-adescato-da-una-donna-sui-social-rapito-e-ucciso-in-colombia","status":"publish","type":"post","link":"https:\/\/newsvirali.it\/de\/2023\/12\/13\/amerikanischer-komiker-der-in-den-sozialen-medien-von-einer-frau-angelockt-wurde-die-in-kolumbien-entfuhrt-und-getotet-wurde\/","title":{"rendered":"Amerikanischer Komiker, der in den sozialen Medien von einer Frau angelockt wurde, die in Kolumbien entf\u00fchrt und get\u00f6tet wurde"},"content":{"rendered":"<p>Ein amerikanischer Komiker und Aktivist wurde von einer Gruppe M\u00e4nner entf\u00fchrt und erstochen, nachdem er mit einer Frau ausgegangen war, die er im Urlaub in Kolumbien online kennengelernt hatte. <a href=\"https:\/\/www.facebook.com\/tougerxiong.hmongcomedian\/\" target=\"_blank\" rel=\"noreferrer noopener\">Tou Ger Xiong<\/a>Der 50-j\u00e4hrige Amerikaner asiatischer Abstammung, der in Minnesota lebt, war im Urlaub in dem s\u00fcdamerikanischen Land, als er verschwand. Nach Angaben des Gerichtsmediziners erlitt er mindestens zw\u00f6lf Stichwunden. Xiong war am 29. November in Medell\u00edn angekommen, um die Weihnachtsferien mit seiner Familie zu verbringen, bevor er mit einer Frau in Kontakt kam, die er \u00fcber soziale Medien kennengelernt hatte.<\/p>\n\n\n\n<p><strong>LESEN SIE AUCH<\/strong><\/p>\n\n\n\n<ul class=\"wp-block-list\">\n<li><a href=\"https:\/\/www.bakenews.it\/le-tolgono-gli-8-figli-e-lei-li-rapisce-tutti-dalle-famiglie-affidatarie-arrestata\/\">Sie nehmen ihr acht Kinder weg und sie entf\u00fchrt sie alle aus ihren Pflegefamilien: verhaftet<\/a><\/li>\n\n\n\n<li><a href=\"https:\/\/www.bakenews.it\/ex-prete-confessa-omicidio-bimba-50-anni-fa\/\">Ehemaliger Priester gesteht Mord an kleinem M\u00e4dchen vor 50 Jahren, Polizei: \u201eSie wird in der Zelle sterben\u201c<\/a><\/li>\n\n\n\n<li><a href=\"https:\/\/www.bakenews.it\/holly-willoughby-terrorizzata-rapimento-lascia-tv\/\">Holly Willoughby, die Angst vor dem Plan, sie zu entf\u00fchren, ver\u00e4ngstigt, verl\u00e4sst das Fernsehen<\/a><\/li>\n<\/ul>\n\n\n\n<h2 class=\"wp-block-heading\" id=\"h-era-stato-chiesto-un-riscatto-di-2mila-dollari\">Es wurde ein L\u00f6segeld von zweitausend Dollar gefordert<\/h2>\n\n\n\n<p>Er hatte geplant, die mysteri\u00f6se Frau am 10. Dezember zu treffen, wurde jedoch von einer Gruppe M\u00e4nner angegriffen und entf\u00fchrt. Gegen 19 Uhr Ortszeit hatte der Komiker einen Freund in Kolumbien angerufen und ihm mitgeteilt, dass die M\u00e4nner 2.000 US-Dollar (8 Millionen kolumbianische Pesos) in bar f\u00fcr seine Freilassung forderten, wie die Lokalzeitung El Colombiano berichtete. Xiong erz\u00e4hlte seinem Freund, der den Polizeibericht erstattete, auch, dass er laut KSTP \u201emit vorgehaltener Waffe festgehalten\u201c worden sei.<\/p>\n\n\n\n<h2 class=\"wp-block-heading\" id=\"h-comico-americano-ucciso-in-colombia-con-12-coltellate\">Amerikanischer Komiker in Kolumbien mit 12 Stichwunden get\u00f6tet<\/h2>\n\n\n\n<p>Stunden zuvor sei die Polizei in der Wohnung gewesen, in der Xiong wohnte, weil eine Frau Gegenst\u00e4nde aus der Wohnung mitgenommen hatte und weggelaufen sei, bevor die Polizei sie festnehmen konnte, sagten Beamte. Xiongs Leiche wurde in einer Schlucht in La Corcovado gefunden. Zus\u00e4tzlich zu den Stichwunden wies der K\u00f6rper mehrere Prellungen auf, die durch den Sturz aus mehr als 20 Metern H\u00f6he entstanden waren, wie lokale Medien berichteten. Die Entf\u00fchrer t\u00f6teten Xiong, bevor die Zahlung geleistet wurde, und es wurde eine Untersuchung eingeleitet, um festzustellen, ob Xiongs Tod auf einen Fluchtversuch zur\u00fcckzuf\u00fchren war.<\/p>\n\n\n\n<p>Laut Xiongs Bruder war einer der mutma\u00dflichen Entf\u00fchrer bereits festgenommen worden. \u201eSie fanden einige Kleidungsst\u00fccke und etwas Blut auf der Tasche, und es gelang ihnen, sie zu beschlagnahmen und einen der Verd\u00e4chtigen zu verhaften\u201c, sagte Eh Xiong gegen\u00fcber KSTP. Xiong brachte seine Vorfahren mit dem Hmong-Volk in Verbindung, einer indigenen Gruppe Ost- und S\u00fcdostasiens, und war der Jahrgangsbeste der Humboldt High School. Er wurde 1973 in Laos geboren, w\u00e4hrend sein Vater f\u00fcr die CIA arbeitete, bevor er 1975 in ein Fl\u00fcchtlingslager in Thailand floh, um der kommunistischen Macht\u00fcbernahme in Laos zu entkommen. Laut seiner Website wanderte er dann 1992 nach St. Paul aus.<\/p>\n\n\n\n<p><strong>LESEN SIE ANDERE WELT-NEWS<\/strong><\/p>\n\n\n<ul class=\"wp-block-latest-posts__list wp-block-latest-posts\"><li><a class=\"wp-block-latest-posts__post-title\" href=\"https:\/\/newsvirali.it\/de\/2026\/02\/12\/emma-amit-tote-teufelskrabbe\/\">Vloggerin Emma Amit stirbt nach dem Verzehr einer giftigen Teufelskrabbe<\/a><\/li>\n<li><a class=\"wp-block-latest-posts__post-title\" href=\"https:\/\/newsvirali.it\/de\/2026\/02\/05\/drei-schwestern-begingen-selbstmord-in-indien\/\">Eltern konfiszieren Handys wegen exzessiven Spielens: Drei Schwestern begehen Selbstmord<\/a><\/li>\n<li><a class=\"wp-block-latest-posts__post-title\" href=\"https:\/\/newsvirali.it\/de\/2026\/01\/30\/festnahme-in-einem-ferienresort-in-florida-wegen-obszoner-handlungen\/\">Schockierende Szenen in einem Ferienresort in Florida: Mann wegen exhibitionistischer Handlungen mit einem Staubsauger verhaftet<\/a><\/li>\n<li><a class=\"wp-block-latest-posts__post-title\" href=\"https:\/\/newsvirali.it\/de\/2026\/01\/28\/betrunkener-vater-erhangt-sohn-in-schockierendem-video\/\">Betrunkener Vater h\u00e4ngt Sohn aus dem Fenster: Schockierendes Video<\/a><\/li>\n<li><a class=\"wp-block-latest-posts__post-title\" href=\"https:\/\/newsvirali.it\/de\/2026\/01\/27\/schwangere-lehrerin-und-13-jahrige-schulerin\/\">Lehrerin gibt zu, von 13-j\u00e4hrigem Sch\u00fcler schwanger geworden zu sein<\/a><\/li>\n<\/ul><br \/>Folgen Sie uns auch auf Google News: <b><a href=\"https:\/\/news.google.com\/publications\/CAAqBwgKMNqJiwswjMfqAg?hl=it&gl=IT&ceid=IT:it\" target=\"_blank\">klicken Sie hier<\/a><\/b>","protected":false},"excerpt":{"rendered":"<p>Ein amerikanischer Komiker und Aktivist wurde von einer Gruppe M\u00e4nner entf\u00fchrt und erstochen, nachdem er ausgegangen war [...]<\/p>","protected":false},"author":4,"featured_media":12449,"comment_status":"open","ping_status":"open","sticky":false,"template":"","format":"standard","meta":{"MSN_Categories":"Uncategorized","MSN_Publish_Option":false,"MSN_Is_Local_News":false,"MSN_Is_AIAC_Included":"Empty","MSN_Location":"[]","MSN_Add_Feature_Img_On_Top_Of_Post":false,"MSN_Has_Custom_Author":false,"MSN_Custom_Author":"","MSN_Has_Custom_Canonical_Url":false,"MSN_Custom_Canonical_Url":"","footnotes":""},"categories":[9],"tags":[],"class_list":["post-12448","post","type-post","status-publish","format-standard","has-post-thumbnail","hentry","category-mondo"],"acf":[],"yoast_head":"<!-- This site is optimized with the Yoast SEO Premium plugin v26.7 (Yoast SEO v26.7) - https:\/\/yoast.com\/wordpress\/plugins\/seo\/ -->\n<title>Comico americano adescato sui social: rapito e ucciso in Colombia<\/title>\n<meta name=\"description\" content=\"Un comico americano \u00e8 stato rapito e ucciso dopo essere uscito con una donna conosciuta online mentre era in vacanza in Colombia.\" \/>\n<meta name=\"robots\" content=\"index, follow, max-snippet:-1, max-image-preview:large, max-video-preview:-1\" \/>\n<link rel=\"canonical\" href=\"https:\/\/newsvirali.it\/de\/2023\/12\/13\/amerikanischer-komiker-der-in-den-sozialen-medien-von-einer-frau-angelockt-wurde-die-in-kolumbien-entfuhrt-und-getotet-wurde\/\" \/>\n<meta property=\"og:locale\" content=\"de_DE\" \/>\n<meta property=\"og:type\" content=\"article\" \/>\n<meta property=\"og:title\" content=\"Comico americano adescato da una donna sui social rapito e ucciso in Colombia\" \/>\n<meta property=\"og:description\" content=\"Un comico americano \u00e8 stato rapito e ucciso dopo essere uscito con una donna conosciuta online mentre era in vacanza in Colombia.\" \/>\n<meta property=\"og:url\" content=\"https:\/\/newsvirali.it\/de\/2023\/12\/13\/amerikanischer-komiker-der-in-den-sozialen-medien-von-einer-frau-angelockt-wurde-die-in-kolumbien-entfuhrt-und-getotet-wurde\/\" \/>\n<meta property=\"og:site_name\" content=\"News virali\" \/>\n<meta property=\"article:published_time\" content=\"2023-12-13T15:34:00+00:00\" \/>\n<meta property=\"article:modified_time\" content=\"2023-12-13T15:34:01+00:00\" \/>\n<meta property=\"og:image\" content=\"https:\/\/newsvirali.it\/wp-content\/uploads\/2023\/12\/MixCollage-13-Dec-2023-04-29-PM-487.jpg\" \/>\n\t<meta property=\"og:image:width\" content=\"2560\" \/>\n\t<meta property=\"og:image:height\" content=\"1440\" \/>\n\t<meta property=\"og:image:type\" content=\"image\/jpeg\" \/>\n<meta name=\"author\" content=\"Cecco Prestina\" \/>\n<meta name=\"twitter:card\" content=\"summary_large_image\" \/>\n<meta name=\"twitter:label1\" content=\"Verfasst von\" \/>\n\t<meta name=\"twitter:data1\" content=\"Cecco Prestina\" \/>\n\t<meta name=\"twitter:label2\" content=\"Gesch\u00e4tzte Lesezeit\" \/>\n\t<meta name=\"twitter:data2\" content=\"3\u00a0Minuten\" \/>\n<script type=\"application\/ld+json\" class=\"yoast-schema-graph\">{\"@context\":\"https:\/\/schema.org\",\"@graph\":[{\"@type\":\"NewsArticle\",\"@id\":\"https:\/\/newsvirali.it\/2023\/12\/13\/comico-americano-adescato-da-una-donna-sui-social-rapito-e-ucciso-in-colombia\/#article\",\"isPartOf\":{\"@id\":\"https:\/\/newsvirali.it\/2023\/12\/13\/comico-americano-adescato-da-una-donna-sui-social-rapito-e-ucciso-in-colombia\/\"},\"author\":{\"name\":\"Cecco Prestina\",\"@id\":\"https:\/\/newsvirali.it\/fr\/#\/schema\/person\/4c835f7b49c9adb58b33901ee816565d\"},\"headline\":\"Comico americano adescato da una donna sui social rapito e ucciso in Colombia\",\"datePublished\":\"2023-12-13T15:34:00+00:00\",\"dateModified\":\"2023-12-13T15:34:01+00:00\",\"mainEntityOfPage\":{\"@id\":\"https:\/\/newsvirali.it\/2023\/12\/13\/comico-americano-adescato-da-una-donna-sui-social-rapito-e-ucciso-in-colombia\/\"},\"wordCount\":431,\"commentCount\":0,\"image\":{\"@id\":\"https:\/\/newsvirali.it\/2023\/12\/13\/comico-americano-adescato-da-una-donna-sui-social-rapito-e-ucciso-in-colombia\/#primaryimage\"},\"thumbnailUrl\":\"https:\/\/newsvirali.it\/wp-content\/uploads\/2023\/12\/MixCollage-13-Dec-2023-04-29-PM-487.jpg\",\"articleSection\":[\"Mondo\"],\"inLanguage\":\"de\",\"potentialAction\":[{\"@type\":\"CommentAction\",\"name\":\"Comment\",\"target\":[\"https:\/\/newsvirali.it\/2023\/12\/13\/comico-americano-adescato-da-una-donna-sui-social-rapito-e-ucciso-in-colombia\/#respond\"]}],\"copyrightYear\":\"2023\",\"copyrightHolder\":{\"@id\":\"https:\/\/newsvirali.it\/de\/#organization\"}},{\"@type\":\"WebPage\",\"@id\":\"https:\/\/newsvirali.it\/2023\/12\/13\/comico-americano-adescato-da-una-donna-sui-social-rapito-e-ucciso-in-colombia\/\",\"url\":\"https:\/\/newsvirali.it\/2023\/12\/13\/comico-americano-adescato-da-una-donna-sui-social-rapito-e-ucciso-in-colombia\/\",\"name\":\"Comico americano adescato sui social: rapito e ucciso in Colombia\",\"isPartOf\":{\"@id\":\"https:\/\/newsvirali.it\/fr\/#website\"},\"primaryImageOfPage\":{\"@id\":\"https:\/\/newsvirali.it\/2023\/12\/13\/comico-americano-adescato-da-una-donna-sui-social-rapito-e-ucciso-in-colombia\/#primaryimage\"},\"image\":{\"@id\":\"https:\/\/newsvirali.it\/2023\/12\/13\/comico-americano-adescato-da-una-donna-sui-social-rapito-e-ucciso-in-colombia\/#primaryimage\"},\"thumbnailUrl\":\"https:\/\/newsvirali.it\/wp-content\/uploads\/2023\/12\/MixCollage-13-Dec-2023-04-29-PM-487.jpg\",\"datePublished\":\"2023-12-13T15:34:00+00:00\",\"dateModified\":\"2023-12-13T15:34:01+00:00\",\"author\":{\"@id\":\"https:\/\/newsvirali.it\/fr\/#\/schema\/person\/4c835f7b49c9adb58b33901ee816565d\"},\"description\":\"Un comico americano \u00e8 stato rapito e ucciso dopo essere uscito con una donna conosciuta online mentre era in vacanza in Colombia.\",\"breadcrumb\":{\"@id\":\"https:\/\/newsvirali.it\/2023\/12\/13\/comico-americano-adescato-da-una-donna-sui-social-rapito-e-ucciso-in-colombia\/#breadcrumb\"},\"inLanguage\":\"de\",\"potentialAction\":[{\"@type\":\"ReadAction\",\"target\":[\"https:\/\/newsvirali.it\/2023\/12\/13\/comico-americano-adescato-da-una-donna-sui-social-rapito-e-ucciso-in-colombia\/\"]}]},{\"@type\":\"ImageObject\",\"inLanguage\":\"de\",\"@id\":\"https:\/\/newsvirali.it\/2023\/12\/13\/comico-americano-adescato-da-una-donna-sui-social-rapito-e-ucciso-in-colombia\/#primaryimage\",\"url\":\"https:\/\/newsvirali.it\/wp-content\/uploads\/2023\/12\/MixCollage-13-Dec-2023-04-29-PM-487.jpg\",\"contentUrl\":\"https:\/\/newsvirali.it\/wp-content\/uploads\/2023\/12\/MixCollage-13-Dec-2023-04-29-PM-487.jpg\",\"width\":2560,\"height\":1440,\"caption\":\"Comico americano adescato da una donna sui social rapito e ucciso in Colombia\"},{\"@type\":\"BreadcrumbList\",\"@id\":\"https:\/\/newsvirali.it\/2023\/12\/13\/comico-americano-adescato-da-una-donna-sui-social-rapito-e-ucciso-in-colombia\/#breadcrumb\",\"itemListElement\":[{\"@type\":\"ListItem\",\"position\":1,\"name\":\"Home\",\"item\":\"https:\/\/newsvirali.it\/fr\/\"},{\"@type\":\"ListItem\",\"position\":2,\"name\":\"Comico americano adescato da una donna sui social rapito e ucciso in Colombia\"}]},{\"@type\":\"WebSite\",\"@id\":\"https:\/\/newsvirali.it\/fr\/#website\",\"url\":\"https:\/\/newsvirali.it\/fr\/\",\"name\":\"Bake News\",\"description\":\"\",\"potentialAction\":[{\"@type\":\"SearchAction\",\"target\":{\"@type\":\"EntryPoint\",\"urlTemplate\":\"https:\/\/newsvirali.it\/fr\/?s={search_term_string}\"},\"query-input\":{\"@type\":\"PropertyValueSpecification\",\"valueRequired\":true,\"valueName\":\"search_term_string\"}}],\"inLanguage\":\"de\"},{\"@type\":\"Person\",\"@id\":\"https:\/\/newsvirali.it\/fr\/#\/schema\/person\/4c835f7b49c9adb58b33901ee816565d\",\"name\":\"Cecco Prestina\",\"description\":\"Perch\u00e9 nasconderlo? Cecco Prestina \u00e8 un alias, ma dietro di lui non si cela un algoritmo di intelligenza artificiale. C'\u00e8 un giornalista che ha oltre vent'anni di esperienza tutta sul web. Da quando il primo modem ha iniziato a gracchiare sul territorio italiano con Video on Line, Cecco ha capito che da quel doppino sarebbe passato il futuro. Ha dedidicato tutta la sua carriera a capire Internet e poi i social e ora l'Ai. Una carriera in costante aggiornamento. E questa esperienza la mette in campo ogni giorno. Per\u00f2 ogni tanto Cecco ha voglia anche di non scrivere \\\"pipponi\\\" sulla politica, sull'economia. Ha voglia anche di scrivere qualcosa di divertente. Le notizie che trovate su Bake News sono le stesse che Cecco porta all'aperitivo con gli amici. Quelle di cui discutere per farsi due risate. Notizie, vere (qualche volta si fa fatica a crederlo), strane, divertenti, ma anche serie. Bake News \u00e8 nato per questo, dare al pubblico notizie croccanti e calde come il pane che esce dal forno. E Cecco Prestina \u00e8 nato con Bake News.\",\"url\":\"https:\/\/newsvirali.it\/de\/autore\/cecco-prestina\/\"}]}<\/script>\n<!-- \/ Yoast SEO Premium plugin. -->","yoast_head_json":{"title":"Comico americano adescato sui social: rapito e ucciso in Colombia","description":"Un comico americano \u00e8 stato rapito e ucciso dopo essere uscito con una donna conosciuta online mentre era in vacanza in Colombia.","robots":{"index":"index","follow":"follow","max-snippet":"max-snippet:-1","max-image-preview":"max-image-preview:large","max-video-preview":"max-video-preview:-1"},"canonical":"https:\/\/newsvirali.it\/de\/2023\/12\/13\/amerikanischer-komiker-der-in-den-sozialen-medien-von-einer-frau-angelockt-wurde-die-in-kolumbien-entfuhrt-und-getotet-wurde\/","og_locale":"de_DE","og_type":"article","og_title":"Comico americano adescato da una donna sui social rapito e ucciso in Colombia","og_description":"Un comico americano \u00e8 stato rapito e ucciso dopo essere uscito con una donna conosciuta online mentre era in vacanza in Colombia.","og_url":"https:\/\/newsvirali.it\/de\/2023\/12\/13\/amerikanischer-komiker-der-in-den-sozialen-medien-von-einer-frau-angelockt-wurde-die-in-kolumbien-entfuhrt-und-getotet-wurde\/","og_site_name":"News virali","article_published_time":"2023-12-13T15:34:00+00:00","article_modified_time":"2023-12-13T15:34:01+00:00","og_image":[{"width":2560,"height":1440,"url":"https:\/\/newsvirali.it\/wp-content\/uploads\/2023\/12\/MixCollage-13-Dec-2023-04-29-PM-487.jpg","type":"image\/jpeg"}],"author":"Cecco Prestina","twitter_card":"summary_large_image","twitter_misc":{"Verfasst von":"Cecco Prestina","Gesch\u00e4tzte Lesezeit":"3\u00a0Minuten"},"schema":{"@context":"https:\/\/schema.org","@graph":[{"@type":"NewsArticle","@id":"https:\/\/newsvirali.it\/2023\/12\/13\/comico-americano-adescato-da-una-donna-sui-social-rapito-e-ucciso-in-colombia\/#article","isPartOf":{"@id":"https:\/\/newsvirali.it\/2023\/12\/13\/comico-americano-adescato-da-una-donna-sui-social-rapito-e-ucciso-in-colombia\/"},"author":{"name":"Cecco Prestina","@id":"https:\/\/newsvirali.it\/fr\/#\/schema\/person\/4c835f7b49c9adb58b33901ee816565d"},"headline":"Comico americano adescato da una donna sui social rapito e ucciso in Colombia","datePublished":"2023-12-13T15:34:00+00:00","dateModified":"2023-12-13T15:34:01+00:00","mainEntityOfPage":{"@id":"https:\/\/newsvirali.it\/2023\/12\/13\/comico-americano-adescato-da-una-donna-sui-social-rapito-e-ucciso-in-colombia\/"},"wordCount":431,"commentCount":0,"image":{"@id":"https:\/\/newsvirali.it\/2023\/12\/13\/comico-americano-adescato-da-una-donna-sui-social-rapito-e-ucciso-in-colombia\/#primaryimage"},"thumbnailUrl":"https:\/\/newsvirali.it\/wp-content\/uploads\/2023\/12\/MixCollage-13-Dec-2023-04-29-PM-487.jpg","articleSection":["Mondo"],"inLanguage":"de","potentialAction":[{"@type":"CommentAction","name":"Comment","target":["https:\/\/newsvirali.it\/2023\/12\/13\/comico-americano-adescato-da-una-donna-sui-social-rapito-e-ucciso-in-colombia\/#respond"]}],"copyrightYear":"2023","copyrightHolder":{"@id":"https:\/\/newsvirali.it\/de\/#organization"}},{"@type":"WebPage","@id":"https:\/\/newsvirali.it\/2023\/12\/13\/comico-americano-adescato-da-una-donna-sui-social-rapito-e-ucciso-in-colombia\/","url":"https:\/\/newsvirali.it\/2023\/12\/13\/comico-americano-adescato-da-una-donna-sui-social-rapito-e-ucciso-in-colombia\/","name":"Comico americano adescato sui social: rapito e ucciso in Colombia","isPartOf":{"@id":"https:\/\/newsvirali.it\/fr\/#website"},"primaryImageOfPage":{"@id":"https:\/\/newsvirali.it\/2023\/12\/13\/comico-americano-adescato-da-una-donna-sui-social-rapito-e-ucciso-in-colombia\/#primaryimage"},"image":{"@id":"https:\/\/newsvirali.it\/2023\/12\/13\/comico-americano-adescato-da-una-donna-sui-social-rapito-e-ucciso-in-colombia\/#primaryimage"},"thumbnailUrl":"https:\/\/newsvirali.it\/wp-content\/uploads\/2023\/12\/MixCollage-13-Dec-2023-04-29-PM-487.jpg","datePublished":"2023-12-13T15:34:00+00:00","dateModified":"2023-12-13T15:34:01+00:00","author":{"@id":"https:\/\/newsvirali.it\/fr\/#\/schema\/person\/4c835f7b49c9adb58b33901ee816565d"},"description":"Un comico americano \u00e8 stato rapito e ucciso dopo essere uscito con una donna conosciuta online mentre era in vacanza in Colombia.","breadcrumb":{"@id":"https:\/\/newsvirali.it\/2023\/12\/13\/comico-americano-adescato-da-una-donna-sui-social-rapito-e-ucciso-in-colombia\/#breadcrumb"},"inLanguage":"de","potentialAction":[{"@type":"ReadAction","target":["https:\/\/newsvirali.it\/2023\/12\/13\/comico-americano-adescato-da-una-donna-sui-social-rapito-e-ucciso-in-colombia\/"]}]},{"@type":"ImageObject","inLanguage":"de","@id":"https:\/\/newsvirali.it\/2023\/12\/13\/comico-americano-adescato-da-una-donna-sui-social-rapito-e-ucciso-in-colombia\/#primaryimage","url":"https:\/\/newsvirali.it\/wp-content\/uploads\/2023\/12\/MixCollage-13-Dec-2023-04-29-PM-487.jpg","contentUrl":"https:\/\/newsvirali.it\/wp-content\/uploads\/2023\/12\/MixCollage-13-Dec-2023-04-29-PM-487.jpg","width":2560,"height":1440,"caption":"Comico americano adescato da una donna sui social rapito e ucciso in Colombia"},{"@type":"BreadcrumbList","@id":"https:\/\/newsvirali.it\/2023\/12\/13\/comico-americano-adescato-da-una-donna-sui-social-rapito-e-ucciso-in-colombia\/#breadcrumb","itemListElement":[{"@type":"ListItem","position":1,"name":"Home","item":"https:\/\/newsvirali.it\/fr\/"},{"@type":"ListItem","position":2,"name":"Comico americano adescato da una donna sui social rapito e ucciso in Colombia"}]},{"@type":"WebSite","@id":"https:\/\/newsvirali.it\/fr\/#website","url":"https:\/\/newsvirali.it\/fr\/","name":"Bake News","description":"","potentialAction":[{"@type":"SearchAction","target":{"@type":"EntryPoint","urlTemplate":"https:\/\/newsvirali.it\/fr\/?s={search_term_string}"},"query-input":{"@type":"PropertyValueSpecification","valueRequired":true,"valueName":"search_term_string"}}],"inLanguage":"de"},{"@type":"Person","@id":"https:\/\/newsvirali.it\/fr\/#\/schema\/person\/4c835f7b49c9adb58b33901ee816565d","name":"Cecco Prestina","description":"Perch\u00e9 nasconderlo? Cecco Prestina \u00e8 un alias, ma dietro di lui non si cela un algoritmo di intelligenza artificiale. C'\u00e8 un giornalista che ha oltre vent'anni di esperienza tutta sul web. Da quando il primo modem ha iniziato a gracchiare sul territorio italiano con Video on Line, Cecco ha capito che da quel doppino sarebbe passato il futuro. Ha dedidicato tutta la sua carriera a capire Internet e poi i social e ora l'Ai. Una carriera in costante aggiornamento. E questa esperienza la mette in campo ogni giorno. Per\u00f2 ogni tanto Cecco ha voglia anche di non scrivere \"pipponi\" sulla politica, sull'economia. Ha voglia anche di scrivere qualcosa di divertente. Le notizie che trovate su Bake News sono le stesse che Cecco porta all'aperitivo con gli amici. Quelle di cui discutere per farsi due risate. Notizie, vere (qualche volta si fa fatica a crederlo), strane, divertenti, ma anche serie. Bake News \u00e8 nato per questo, dare al pubblico notizie croccanti e calde come il pane che esce dal forno. E Cecco Prestina \u00e8 nato con Bake News.","url":"https:\/\/newsvirali.it\/de\/autore\/cecco-prestina\/"}]}},"_links":{"self":[{"href":"https:\/\/newsvirali.it\/de\/wp-json\/wp\/v2\/posts\/12448","targetHints":{"allow":["GET"]}}],"collection":[{"href":"https:\/\/newsvirali.it\/de\/wp-json\/wp\/v2\/posts"}],"about":[{"href":"https:\/\/newsvirali.it\/de\/wp-json\/wp\/v2\/types\/post"}],"author":[{"embeddable":true,"href":"https:\/\/newsvirali.it\/de\/wp-json\/wp\/v2\/users\/4"}],"replies":[{"embeddable":true,"href":"https:\/\/newsvirali.it\/de\/wp-json\/wp\/v2\/comments?post=12448"}],"version-history":[{"count":1,"href":"https:\/\/newsvirali.it\/de\/wp-json\/wp\/v2\/posts\/12448\/revisions"}],"predecessor-version":[{"id":12450,"href":"https:\/\/newsvirali.it\/de\/wp-json\/wp\/v2\/posts\/12448\/revisions\/12450"}],"wp:featuredmedia":[{"embeddable":true,"href":"https:\/\/newsvirali.it\/de\/wp-json\/wp\/v2\/media\/12449"}],"wp:attachment":[{"href":"https:\/\/newsvirali.it\/de\/wp-json\/wp\/v2\/media?parent=12448"}],"wp:term":[{"taxonomy":"category","embeddable":true,"href":"https:\/\/newsvirali.it\/de\/wp-json\/wp\/v2\/categories?post=12448"},{"taxonomy":"post_tag","embeddable":true,"href":"https:\/\/newsvirali.it\/de\/wp-json\/wp\/v2\/tags?post=12448"}],"curies":[{"name":"wp","href":"https:\/\/api.w.org\/{rel}","templated":true}]}}