{"id":12176,"date":"2023-12-11T12:10:49","date_gmt":"2023-12-11T11:10:49","guid":{"rendered":"https:\/\/www.bakenews.it\/?p=12176"},"modified":"2023-12-11T12:10:50","modified_gmt":"2023-12-11T11:10:50","slug":"argentina-lex-presidente-cristina-kirchner-saluta-il-popolo-col-dito-medio","status":"publish","type":"post","link":"https:\/\/newsvirali.it\/de\/2023\/12\/11\/argentiniens-ehemalige-prasidentin-cristina-kirchner-begrust-das-volk-mit-dem-mittelfinger\/","title":{"rendered":"Argentiniens ehemalige Pr\u00e4sidentin Cristina Kirchner begr\u00fc\u00dft das Volk mit dem Mittelfinger"},"content":{"rendered":"<p>Die ehemalige argentinische Pr\u00e4sidentin Cristina Kirchner begr\u00fc\u00dft bei ihrem j\u00fcngsten \u00f6ffentlichen Auftritt die Menschen, die sie beleidigten, mit dem Mittelfinger. Dies geschah an dem Tag, an dem Javier Milei als neuer Pr\u00e4sident Argentiniens vereidigt wurde. Die Zeremonie fand im Kongressgeb\u00e4ude unter dem Vorsitz von Cristina Kirchner, ehemaliger Pr\u00e4sidentin und ehemaliger Vizepr\u00e4sidentin des Landes, statt. Kirchner, der die Wahlen gegen Milei verloren hatte, begr\u00fc\u00dfte die Anwesenden mit einer polemischen Geste. Als er durch den Flur ging, zeigte er einem Unterst\u00fctzer des neuen Pr\u00e4sidenten den Mittelfinger. Die Geste wurde von der Kamera festgehalten und l\u00f6ste Kontroversen aus. Manche empfanden es als einen Akt des Trotzes, andere als einfache Geste des \u00c4rgers.<\/p>\n\n\n\n<p><strong>LESEN SIE AUCH<\/strong><\/p>\n\n\n\n<ul class=\"wp-block-list\">\n<li><a href=\"https:\/\/www.bakenews.it\/gaffe-in-diretta-alla-bbc-la-conduttrice-del-tg-fa-un-gestaccio\/\">Fauxpas live auf der BBC, der Nachrichtenmoderator macht eine unh\u00f6fliche Geste<\/a><\/li>\n\n\n\n<li><a href=\"https:\/\/www.bakenews.it\/insuilti-figlio-paris-hilton-risposta-da-applausi\/\">\u201eWas f\u00fcr ein Arschloch!\u201c, beleidigte Paris Hiltons Sohn \u2013 seine Antwort l\u00f6ste Applaus aus<\/a><\/li>\n\n\n\n<li><a href=\"https:\/\/www.bakenews.it\/lex-ostaggio-israeliana-diventa-eroina-per-lo-sguardo-si-sfida-al-carceriere\/\">Die ehemalige israelische Geisel wird durch den Blick, mit dem sie den Gef\u00e4ngnisw\u00e4rter herausfordert, zur Heldin<\/a><\/li>\n<\/ul>\n\n\n\n<h2 class=\"wp-block-heading\" id=\"h-il-dito-medio-della-kirchner-diventa-virale\">Kirchners Mittelfinger geht viral<\/h2>\n\n\n\n<p>Mileis Amtseinf\u00fchrungszeremonie war gepr\u00e4gt von der umstrittenen Geste der ehemaligen argentinischen Pr\u00e4sidentin Cristina Kirchner, die die Wahlen gegen Milei verlor. Bei seinem Einzug in den Kongress zeigte Kirchner einem Unterst\u00fctzer des neuen Pr\u00e4sidenten den Mittelfinger. Beim Betreten des Pr\u00e4sidentenpalastes begr\u00fc\u00dfte Kirchner die Anwesenden. Pl\u00f6tzlich h\u00f6rte sie, wie jemand etwas rief, was ihr offensichtlich nicht gefiel. Die Geste wurde von der Kamera festgehalten und das kurze Video kursierte in den sozialen Medien von Konto zu Konto.<\/p>\n\n\n\n<figure class=\"wp-block-embed is-type-rich is-provider-twitter wp-block-embed-twitter\"><div class=\"wp-block-embed__wrapper\">\n<blockquote class=\"twitter-tweet\" data-width=\"500\" data-dnt=\"true\"><p lang=\"es\" dir=\"ltr\">Cristina Kirchner entmachtet die Macht mit den ungeb\u00fchrlichen Gesten einer Ex-Pr\u00e4sidentin. Es gibt verschiedene Korruptionsskandale mit Zahlen von 1.000 Mio. <a href=\"https:\/\/t.co\/dRL60pTZXB\">pic.twitter.com\/dRL60pTZXB<\/a><\/p>\u2013 Kapit\u00e4n Bitcoin (@CapitanBitcoin) <a href=\"https:\/\/twitter.com\/CapitanBitcoin\/status\/1733941369595400645?ref_src=twsrc%5Etfw\">10. Dezember 2023<\/a><\/blockquote><script async src=\"https:\/\/platform.twitter.com\/widgets.js\" charset=\"utf-8\"><\/script>\n<\/div><\/figure>\n\n\n\n<p>Die Geste wurde von der Kamera festgehalten und l\u00f6ste in den sozialen Medien Kontroversen aus. Kirchner hatte schon immer ein widerspr\u00fcchliches Verh\u00e4ltnis zu Milei. Die beiden Politiker vertreten zwei gegens\u00e4tzliche Visionen von Argentinien. Milei ist ein Libert\u00e4rer, w\u00e4hrend Kirchner ein Sozialdemokrat ist. Kirchners Geste wurde von vielen als Zeichen der Unzufriedenheit mit der Wahlniederlage interpretiert. Die fr\u00fchere Pr\u00e4sidentin erkl\u00e4rte, dass sie Mileis Sieg nicht akzeptieren und weiterhin f\u00fcr ihre Ideen k\u00e4mpfen werde.<\/p>\n\n\n\n<p><strong>LESEN SIE ANDERE WELT-NEWS<\/strong><\/p>\n\n\n<ul class=\"wp-block-latest-posts__list wp-block-latest-posts\"><li><a class=\"wp-block-latest-posts__post-title\" href=\"https:\/\/newsvirali.it\/de\/2026\/02\/12\/emma-amit-tote-teufelskrabbe\/\">Vloggerin Emma Amit stirbt nach dem Verzehr einer giftigen Teufelskrabbe<\/a><\/li>\n<li><a class=\"wp-block-latest-posts__post-title\" href=\"https:\/\/newsvirali.it\/de\/2026\/02\/05\/drei-schwestern-begingen-selbstmord-in-indien\/\">Eltern konfiszieren Handys wegen exzessiven Spielens: Drei Schwestern begehen Selbstmord<\/a><\/li>\n<li><a class=\"wp-block-latest-posts__post-title\" href=\"https:\/\/newsvirali.it\/de\/2026\/01\/30\/festnahme-in-einem-ferienresort-in-florida-wegen-obszoner-handlungen\/\">Schockierende Szenen in einem Ferienresort in Florida: Mann wegen exhibitionistischer Handlungen mit einem Staubsauger verhaftet<\/a><\/li>\n<li><a class=\"wp-block-latest-posts__post-title\" href=\"https:\/\/newsvirali.it\/de\/2026\/01\/28\/betrunkener-vater-erhangt-sohn-in-schockierendem-video\/\">Betrunkener Vater h\u00e4ngt Sohn aus dem Fenster: Schockierendes Video<\/a><\/li>\n<li><a class=\"wp-block-latest-posts__post-title\" href=\"https:\/\/newsvirali.it\/de\/2026\/01\/27\/schwangere-lehrerin-und-13-jahrige-schulerin\/\">Lehrerin gibt zu, von 13-j\u00e4hrigem Sch\u00fcler schwanger geworden zu sein<\/a><\/li>\n<\/ul><br \/>Folgen Sie uns auch auf Google News: <b><a href=\"https:\/\/news.google.com\/publications\/CAAqBwgKMNqJiwswjMfqAg?hl=it&gl=IT&ceid=IT:it\" target=\"_blank\">klicken Sie hier<\/a><\/b>","protected":false},"excerpt":{"rendered":"<p>Die fr\u00fchere argentinische Pr\u00e4sidentin Cristina Kirchner gr\u00fc\u00dft bei ihrem j\u00fcngsten \u00f6ffentlichen Auftritt die Menschen, die sie beleidigten, mit dem Finger und sch\u00fcttelt den Kopf.<\/p>","protected":false},"author":4,"featured_media":12177,"comment_status":"open","ping_status":"open","sticky":false,"template":"","format":"standard","meta":{"MSN_Categories":"Uncategorized","MSN_Publish_Option":false,"MSN_Is_Local_News":false,"MSN_Is_AIAC_Included":"Empty","MSN_Location":"[]","MSN_Add_Feature_Img_On_Top_Of_Post":false,"MSN_Has_Custom_Author":false,"MSN_Custom_Author":"","MSN_Has_Custom_Canonical_Url":false,"MSN_Custom_Canonical_Url":"","footnotes":""},"categories":[9],"tags":[],"class_list":["post-12176","post","type-post","status-publish","format-standard","has-post-thumbnail","hentry","category-mondo"],"acf":[],"yoast_head":"<!-- This site is optimized with the Yoast SEO Premium plugin v26.7 (Yoast SEO v26.7) - https:\/\/yoast.com\/wordpress\/plugins\/seo\/ -->\n<title>Argentina, ex presidente Kirchner saluta popolo col dito medio<\/title>\n<meta name=\"description\" content=\"L&#039;ex presidente Kirchner nella sua ultima uscita pubblica saluta il popolo, che la stava insultando, con un dito medio.\" \/>\n<meta name=\"robots\" content=\"index, follow, max-snippet:-1, max-image-preview:large, max-video-preview:-1\" \/>\n<link rel=\"canonical\" href=\"https:\/\/newsvirali.it\/de\/2023\/12\/11\/argentiniens-ehemalige-prasidentin-cristina-kirchner-begrust-das-volk-mit-dem-mittelfinger\/\" \/>\n<meta property=\"og:locale\" content=\"de_DE\" \/>\n<meta property=\"og:type\" content=\"article\" \/>\n<meta property=\"og:title\" content=\"Argentina, l&#039;ex presidente Cristina Kirchner saluta il popolo col dito medio\" \/>\n<meta property=\"og:description\" content=\"L&#039;ex presidente Kirchner nella sua ultima uscita pubblica saluta il popolo, che la stava insultando, con un dito medio.\" \/>\n<meta property=\"og:url\" content=\"https:\/\/newsvirali.it\/de\/2023\/12\/11\/argentiniens-ehemalige-prasidentin-cristina-kirchner-begrust-das-volk-mit-dem-mittelfinger\/\" \/>\n<meta property=\"og:site_name\" content=\"News virali\" \/>\n<meta property=\"article:published_time\" content=\"2023-12-11T11:10:49+00:00\" \/>\n<meta property=\"article:modified_time\" content=\"2023-12-11T11:10:50+00:00\" \/>\n<meta property=\"og:image\" content=\"https:\/\/newsvirali.it\/wp-content\/uploads\/2023\/12\/combo-1.jpg\" \/>\n\t<meta property=\"og:image:width\" content=\"1280\" \/>\n\t<meta property=\"og:image:height\" content=\"720\" \/>\n\t<meta property=\"og:image:type\" content=\"image\/jpeg\" \/>\n<meta name=\"author\" content=\"Cecco Prestina\" \/>\n<meta name=\"twitter:card\" content=\"summary_large_image\" \/>\n<meta name=\"twitter:label1\" content=\"Verfasst von\" \/>\n\t<meta name=\"twitter:data1\" content=\"Cecco Prestina\" \/>\n\t<meta name=\"twitter:label2\" content=\"Gesch\u00e4tzte Lesezeit\" \/>\n\t<meta name=\"twitter:data2\" content=\"2\u00a0Minuten\" \/>\n<script type=\"application\/ld+json\" class=\"yoast-schema-graph\">{\"@context\":\"https:\/\/schema.org\",\"@graph\":[{\"@type\":\"NewsArticle\",\"@id\":\"https:\/\/newsvirali.it\/2023\/12\/11\/argentina-lex-presidente-cristina-kirchner-saluta-il-popolo-col-dito-medio\/#article\",\"isPartOf\":{\"@id\":\"https:\/\/newsvirali.it\/2023\/12\/11\/argentina-lex-presidente-cristina-kirchner-saluta-il-popolo-col-dito-medio\/\"},\"author\":{\"name\":\"Cecco Prestina\",\"@id\":\"https:\/\/newsvirali.it\/fr\/#\/schema\/person\/4c835f7b49c9adb58b33901ee816565d\"},\"headline\":\"Argentina, l&#8217;ex presidente Cristina Kirchner saluta il popolo col dito medio\",\"datePublished\":\"2023-12-11T11:10:49+00:00\",\"dateModified\":\"2023-12-11T11:10:50+00:00\",\"mainEntityOfPage\":{\"@id\":\"https:\/\/newsvirali.it\/2023\/12\/11\/argentina-lex-presidente-cristina-kirchner-saluta-il-popolo-col-dito-medio\/\"},\"wordCount\":330,\"commentCount\":0,\"image\":{\"@id\":\"https:\/\/newsvirali.it\/2023\/12\/11\/argentina-lex-presidente-cristina-kirchner-saluta-il-popolo-col-dito-medio\/#primaryimage\"},\"thumbnailUrl\":\"https:\/\/newsvirali.it\/wp-content\/uploads\/2023\/12\/combo-1.jpg\",\"articleSection\":[\"Mondo\"],\"inLanguage\":\"de\",\"potentialAction\":[{\"@type\":\"CommentAction\",\"name\":\"Comment\",\"target\":[\"https:\/\/newsvirali.it\/2023\/12\/11\/argentina-lex-presidente-cristina-kirchner-saluta-il-popolo-col-dito-medio\/#respond\"]}],\"copyrightYear\":\"2023\",\"copyrightHolder\":{\"@id\":\"https:\/\/newsvirali.it\/de\/#organization\"}},{\"@type\":\"WebPage\",\"@id\":\"https:\/\/newsvirali.it\/2023\/12\/11\/argentina-lex-presidente-cristina-kirchner-saluta-il-popolo-col-dito-medio\/\",\"url\":\"https:\/\/newsvirali.it\/2023\/12\/11\/argentina-lex-presidente-cristina-kirchner-saluta-il-popolo-col-dito-medio\/\",\"name\":\"Argentina, ex presidente Kirchner saluta popolo col dito medio\",\"isPartOf\":{\"@id\":\"https:\/\/newsvirali.it\/fr\/#website\"},\"primaryImageOfPage\":{\"@id\":\"https:\/\/newsvirali.it\/2023\/12\/11\/argentina-lex-presidente-cristina-kirchner-saluta-il-popolo-col-dito-medio\/#primaryimage\"},\"image\":{\"@id\":\"https:\/\/newsvirali.it\/2023\/12\/11\/argentina-lex-presidente-cristina-kirchner-saluta-il-popolo-col-dito-medio\/#primaryimage\"},\"thumbnailUrl\":\"https:\/\/newsvirali.it\/wp-content\/uploads\/2023\/12\/combo-1.jpg\",\"datePublished\":\"2023-12-11T11:10:49+00:00\",\"dateModified\":\"2023-12-11T11:10:50+00:00\",\"author\":{\"@id\":\"https:\/\/newsvirali.it\/fr\/#\/schema\/person\/4c835f7b49c9adb58b33901ee816565d\"},\"description\":\"L'ex presidente Kirchner nella sua ultima uscita pubblica saluta il popolo, che la stava insultando, con un dito medio.\",\"breadcrumb\":{\"@id\":\"https:\/\/newsvirali.it\/2023\/12\/11\/argentina-lex-presidente-cristina-kirchner-saluta-il-popolo-col-dito-medio\/#breadcrumb\"},\"inLanguage\":\"de\",\"potentialAction\":[{\"@type\":\"ReadAction\",\"target\":[\"https:\/\/newsvirali.it\/2023\/12\/11\/argentina-lex-presidente-cristina-kirchner-saluta-il-popolo-col-dito-medio\/\"]}]},{\"@type\":\"ImageObject\",\"inLanguage\":\"de\",\"@id\":\"https:\/\/newsvirali.it\/2023\/12\/11\/argentina-lex-presidente-cristina-kirchner-saluta-il-popolo-col-dito-medio\/#primaryimage\",\"url\":\"https:\/\/newsvirali.it\/wp-content\/uploads\/2023\/12\/combo-1.jpg\",\"contentUrl\":\"https:\/\/newsvirali.it\/wp-content\/uploads\/2023\/12\/combo-1.jpg\",\"width\":1280,\"height\":720,\"caption\":\"Argentina, l'ex presidente Cristina Kirchner saluta il popolo col dito medio\"},{\"@type\":\"BreadcrumbList\",\"@id\":\"https:\/\/newsvirali.it\/2023\/12\/11\/argentina-lex-presidente-cristina-kirchner-saluta-il-popolo-col-dito-medio\/#breadcrumb\",\"itemListElement\":[{\"@type\":\"ListItem\",\"position\":1,\"name\":\"Home\",\"item\":\"https:\/\/newsvirali.it\/fr\/\"},{\"@type\":\"ListItem\",\"position\":2,\"name\":\"Argentina, l&#8217;ex presidente Cristina Kirchner saluta il popolo col dito medio\"}]},{\"@type\":\"WebSite\",\"@id\":\"https:\/\/newsvirali.it\/fr\/#website\",\"url\":\"https:\/\/newsvirali.it\/fr\/\",\"name\":\"Bake News\",\"description\":\"\",\"potentialAction\":[{\"@type\":\"SearchAction\",\"target\":{\"@type\":\"EntryPoint\",\"urlTemplate\":\"https:\/\/newsvirali.it\/fr\/?s={search_term_string}\"},\"query-input\":{\"@type\":\"PropertyValueSpecification\",\"valueRequired\":true,\"valueName\":\"search_term_string\"}}],\"inLanguage\":\"de\"},{\"@type\":\"Person\",\"@id\":\"https:\/\/newsvirali.it\/fr\/#\/schema\/person\/4c835f7b49c9adb58b33901ee816565d\",\"name\":\"Cecco Prestina\",\"description\":\"Perch\u00e9 nasconderlo? Cecco Prestina \u00e8 un alias, ma dietro di lui non si cela un algoritmo di intelligenza artificiale. C'\u00e8 un giornalista che ha oltre vent'anni di esperienza tutta sul web. Da quando il primo modem ha iniziato a gracchiare sul territorio italiano con Video on Line, Cecco ha capito che da quel doppino sarebbe passato il futuro. Ha dedidicato tutta la sua carriera a capire Internet e poi i social e ora l'Ai. Una carriera in costante aggiornamento. E questa esperienza la mette in campo ogni giorno. Per\u00f2 ogni tanto Cecco ha voglia anche di non scrivere \\\"pipponi\\\" sulla politica, sull'economia. Ha voglia anche di scrivere qualcosa di divertente. Le notizie che trovate su Bake News sono le stesse che Cecco porta all'aperitivo con gli amici. Quelle di cui discutere per farsi due risate. Notizie, vere (qualche volta si fa fatica a crederlo), strane, divertenti, ma anche serie. Bake News \u00e8 nato per questo, dare al pubblico notizie croccanti e calde come il pane che esce dal forno. E Cecco Prestina \u00e8 nato con Bake News.\",\"url\":\"https:\/\/newsvirali.it\/de\/autore\/cecco-prestina\/\"}]}<\/script>\n<!-- \/ Yoast SEO Premium plugin. -->","yoast_head_json":{"title":"Argentina, ex presidente Kirchner saluta popolo col dito medio","description":"L'ex presidente Kirchner nella sua ultima uscita pubblica saluta il popolo, che la stava insultando, con un dito medio.","robots":{"index":"index","follow":"follow","max-snippet":"max-snippet:-1","max-image-preview":"max-image-preview:large","max-video-preview":"max-video-preview:-1"},"canonical":"https:\/\/newsvirali.it\/de\/2023\/12\/11\/argentiniens-ehemalige-prasidentin-cristina-kirchner-begrust-das-volk-mit-dem-mittelfinger\/","og_locale":"de_DE","og_type":"article","og_title":"Argentina, l'ex presidente Cristina Kirchner saluta il popolo col dito medio","og_description":"L'ex presidente Kirchner nella sua ultima uscita pubblica saluta il popolo, che la stava insultando, con un dito medio.","og_url":"https:\/\/newsvirali.it\/de\/2023\/12\/11\/argentiniens-ehemalige-prasidentin-cristina-kirchner-begrust-das-volk-mit-dem-mittelfinger\/","og_site_name":"News virali","article_published_time":"2023-12-11T11:10:49+00:00","article_modified_time":"2023-12-11T11:10:50+00:00","og_image":[{"width":1280,"height":720,"url":"https:\/\/newsvirali.it\/wp-content\/uploads\/2023\/12\/combo-1.jpg","type":"image\/jpeg"}],"author":"Cecco Prestina","twitter_card":"summary_large_image","twitter_misc":{"Verfasst von":"Cecco Prestina","Gesch\u00e4tzte Lesezeit":"2\u00a0Minuten"},"schema":{"@context":"https:\/\/schema.org","@graph":[{"@type":"NewsArticle","@id":"https:\/\/newsvirali.it\/2023\/12\/11\/argentina-lex-presidente-cristina-kirchner-saluta-il-popolo-col-dito-medio\/#article","isPartOf":{"@id":"https:\/\/newsvirali.it\/2023\/12\/11\/argentina-lex-presidente-cristina-kirchner-saluta-il-popolo-col-dito-medio\/"},"author":{"name":"Cecco Prestina","@id":"https:\/\/newsvirali.it\/fr\/#\/schema\/person\/4c835f7b49c9adb58b33901ee816565d"},"headline":"Argentina, l&#8217;ex presidente Cristina Kirchner saluta il popolo col dito medio","datePublished":"2023-12-11T11:10:49+00:00","dateModified":"2023-12-11T11:10:50+00:00","mainEntityOfPage":{"@id":"https:\/\/newsvirali.it\/2023\/12\/11\/argentina-lex-presidente-cristina-kirchner-saluta-il-popolo-col-dito-medio\/"},"wordCount":330,"commentCount":0,"image":{"@id":"https:\/\/newsvirali.it\/2023\/12\/11\/argentina-lex-presidente-cristina-kirchner-saluta-il-popolo-col-dito-medio\/#primaryimage"},"thumbnailUrl":"https:\/\/newsvirali.it\/wp-content\/uploads\/2023\/12\/combo-1.jpg","articleSection":["Mondo"],"inLanguage":"de","potentialAction":[{"@type":"CommentAction","name":"Comment","target":["https:\/\/newsvirali.it\/2023\/12\/11\/argentina-lex-presidente-cristina-kirchner-saluta-il-popolo-col-dito-medio\/#respond"]}],"copyrightYear":"2023","copyrightHolder":{"@id":"https:\/\/newsvirali.it\/de\/#organization"}},{"@type":"WebPage","@id":"https:\/\/newsvirali.it\/2023\/12\/11\/argentina-lex-presidente-cristina-kirchner-saluta-il-popolo-col-dito-medio\/","url":"https:\/\/newsvirali.it\/2023\/12\/11\/argentina-lex-presidente-cristina-kirchner-saluta-il-popolo-col-dito-medio\/","name":"Argentina, ex presidente Kirchner saluta popolo col dito medio","isPartOf":{"@id":"https:\/\/newsvirali.it\/fr\/#website"},"primaryImageOfPage":{"@id":"https:\/\/newsvirali.it\/2023\/12\/11\/argentina-lex-presidente-cristina-kirchner-saluta-il-popolo-col-dito-medio\/#primaryimage"},"image":{"@id":"https:\/\/newsvirali.it\/2023\/12\/11\/argentina-lex-presidente-cristina-kirchner-saluta-il-popolo-col-dito-medio\/#primaryimage"},"thumbnailUrl":"https:\/\/newsvirali.it\/wp-content\/uploads\/2023\/12\/combo-1.jpg","datePublished":"2023-12-11T11:10:49+00:00","dateModified":"2023-12-11T11:10:50+00:00","author":{"@id":"https:\/\/newsvirali.it\/fr\/#\/schema\/person\/4c835f7b49c9adb58b33901ee816565d"},"description":"L'ex presidente Kirchner nella sua ultima uscita pubblica saluta il popolo, che la stava insultando, con un dito medio.","breadcrumb":{"@id":"https:\/\/newsvirali.it\/2023\/12\/11\/argentina-lex-presidente-cristina-kirchner-saluta-il-popolo-col-dito-medio\/#breadcrumb"},"inLanguage":"de","potentialAction":[{"@type":"ReadAction","target":["https:\/\/newsvirali.it\/2023\/12\/11\/argentina-lex-presidente-cristina-kirchner-saluta-il-popolo-col-dito-medio\/"]}]},{"@type":"ImageObject","inLanguage":"de","@id":"https:\/\/newsvirali.it\/2023\/12\/11\/argentina-lex-presidente-cristina-kirchner-saluta-il-popolo-col-dito-medio\/#primaryimage","url":"https:\/\/newsvirali.it\/wp-content\/uploads\/2023\/12\/combo-1.jpg","contentUrl":"https:\/\/newsvirali.it\/wp-content\/uploads\/2023\/12\/combo-1.jpg","width":1280,"height":720,"caption":"Argentina, l'ex presidente Cristina Kirchner saluta il popolo col dito medio"},{"@type":"BreadcrumbList","@id":"https:\/\/newsvirali.it\/2023\/12\/11\/argentina-lex-presidente-cristina-kirchner-saluta-il-popolo-col-dito-medio\/#breadcrumb","itemListElement":[{"@type":"ListItem","position":1,"name":"Home","item":"https:\/\/newsvirali.it\/fr\/"},{"@type":"ListItem","position":2,"name":"Argentina, l&#8217;ex presidente Cristina Kirchner saluta il popolo col dito medio"}]},{"@type":"WebSite","@id":"https:\/\/newsvirali.it\/fr\/#website","url":"https:\/\/newsvirali.it\/fr\/","name":"Bake News","description":"","potentialAction":[{"@type":"SearchAction","target":{"@type":"EntryPoint","urlTemplate":"https:\/\/newsvirali.it\/fr\/?s={search_term_string}"},"query-input":{"@type":"PropertyValueSpecification","valueRequired":true,"valueName":"search_term_string"}}],"inLanguage":"de"},{"@type":"Person","@id":"https:\/\/newsvirali.it\/fr\/#\/schema\/person\/4c835f7b49c9adb58b33901ee816565d","name":"Cecco Prestina","description":"Perch\u00e9 nasconderlo? Cecco Prestina \u00e8 un alias, ma dietro di lui non si cela un algoritmo di intelligenza artificiale. C'\u00e8 un giornalista che ha oltre vent'anni di esperienza tutta sul web. Da quando il primo modem ha iniziato a gracchiare sul territorio italiano con Video on Line, Cecco ha capito che da quel doppino sarebbe passato il futuro. Ha dedidicato tutta la sua carriera a capire Internet e poi i social e ora l'Ai. Una carriera in costante aggiornamento. E questa esperienza la mette in campo ogni giorno. Per\u00f2 ogni tanto Cecco ha voglia anche di non scrivere \"pipponi\" sulla politica, sull'economia. Ha voglia anche di scrivere qualcosa di divertente. Le notizie che trovate su Bake News sono le stesse che Cecco porta all'aperitivo con gli amici. Quelle di cui discutere per farsi due risate. Notizie, vere (qualche volta si fa fatica a crederlo), strane, divertenti, ma anche serie. Bake News \u00e8 nato per questo, dare al pubblico notizie croccanti e calde come il pane che esce dal forno. E Cecco Prestina \u00e8 nato con Bake News.","url":"https:\/\/newsvirali.it\/de\/autore\/cecco-prestina\/"}]}},"_links":{"self":[{"href":"https:\/\/newsvirali.it\/de\/wp-json\/wp\/v2\/posts\/12176","targetHints":{"allow":["GET"]}}],"collection":[{"href":"https:\/\/newsvirali.it\/de\/wp-json\/wp\/v2\/posts"}],"about":[{"href":"https:\/\/newsvirali.it\/de\/wp-json\/wp\/v2\/types\/post"}],"author":[{"embeddable":true,"href":"https:\/\/newsvirali.it\/de\/wp-json\/wp\/v2\/users\/4"}],"replies":[{"embeddable":true,"href":"https:\/\/newsvirali.it\/de\/wp-json\/wp\/v2\/comments?post=12176"}],"version-history":[{"count":3,"href":"https:\/\/newsvirali.it\/de\/wp-json\/wp\/v2\/posts\/12176\/revisions"}],"predecessor-version":[{"id":12192,"href":"https:\/\/newsvirali.it\/de\/wp-json\/wp\/v2\/posts\/12176\/revisions\/12192"}],"wp:featuredmedia":[{"embeddable":true,"href":"https:\/\/newsvirali.it\/de\/wp-json\/wp\/v2\/media\/12177"}],"wp:attachment":[{"href":"https:\/\/newsvirali.it\/de\/wp-json\/wp\/v2\/media?parent=12176"}],"wp:term":[{"taxonomy":"category","embeddable":true,"href":"https:\/\/newsvirali.it\/de\/wp-json\/wp\/v2\/categories?post=12176"},{"taxonomy":"post_tag","embeddable":true,"href":"https:\/\/newsvirali.it\/de\/wp-json\/wp\/v2\/tags?post=12176"}],"curies":[{"name":"wp","href":"https:\/\/api.w.org\/{rel}","templated":true}]}}