{"id":11023,"date":"2023-11-28T19:24:22","date_gmt":"2023-11-28T18:24:22","guid":{"rendered":"https:\/\/www.bakenews.it\/?p=11023"},"modified":"2023-11-28T19:24:23","modified_gmt":"2023-11-28T18:24:23","slug":"commento-razzista-sul-figlio-di-harry-e-stato-re-carlo-a-chiedere-quanto-puo-diventare-nero","status":"publish","type":"post","link":"https:\/\/newsvirali.it\/de\/2023\/11\/28\/in-einem-rassistischen-kommentar-uber-harrys-sohn-war-es-konig-charles-der-fragte-wie-schwarz-er-werden-konne\/","title":{"rendered":"Rassistischer Kommentar \u00fcber Harrys Sohn, es war K\u00f6nig Charles, der fragte: \u201eWie schwarz kann er werden?\u201c"},"content":{"rendered":"<p>Wer ist der Rassist im Buckingham Palace? Das haben sich Millionen von Menschen schon seit Tagen nach dem j\u00fcngsten Buch \u201eEndgame\u201c von Omid Scobie gefragt. Ausschlaggebend ist der Name der Person, die eine Frage zur Hautfarbe von Harrys und Meghans erstgeborenem Kind gestellt hat. W\u00e4hrend in den meisten L\u00e4ndern der Name weggelassen wurde, hat ihn in Holland jemand bei der \u00dcbersetzung weggelassen. Das ist K\u00f6nig Charles. Er ist derjenige, der die Frage gestellt h\u00e4tte: \u201eWie schwarz kann dieses Kind werden?\u201c<\/p>\n\n\n\n<p><strong>LESEN SIE AUCH<\/strong><\/p>\n\n\n\n<ul class=\"wp-block-list\">\n<li><a href=\"https:\/\/www.bakenews.it\/aereo-perde-finestrini-re-carlo-equipaggio-accorge-alta-quota\/\">Flugzeug von K\u00f6nig Charles verliert Fenster: Die Besatzung bemerkt es in gro\u00dfer H\u00f6he<\/a><\/li>\n\n\n\n<li><a href=\"https:\/\/www.bakenews.it\/dita-a-salsiccia-di-re-carlo-fanno-paura-bullizzato-social\/\">Die \u201eWurstfinger\u201c von K\u00f6nig Charles sind be\u00e4ngstigend: Sie werden in den sozialen Medien gemobbt<\/a><\/li>\n\n\n\n<li><a href=\"https:\/\/www.bakenews.it\/harry-e-meghan-massacrati-dai-griffin-ecco-come-peter-li-prende-in-giro\/\">Harry und Meghan von den Griffins massakriert: So macht sich Peter \u00fcber sie lustig<\/a><\/li>\n\n\n\n<li><a href=\"https:\/\/www.bakenews.it\/scazzottata-tra-william-ed-harry-chi-vince-lo-dicono-gli-inglesi-e-google\/\">Faustkampf zwischen William und Harry, wer gewinnt? Die Engl\u00e4nder sagen es (und Google)<\/a><\/li>\n<\/ul>\n\n\n\n<p>Eine beispiellose Untersuchung der Geheimnisse und Skandale der britischen K\u00f6nigsfamilie, die die Spannungen, Ambitionen und Rivalit\u00e4ten beleuchtet, die die Zukunft der Monarchie bedrohen. Dies ist der Text, den Omid Scobie in seinem Buch \u201eEndgame\u201c vorschl\u00e4gt. Innerhalb der k\u00f6niglichen Familie: Zwischen Rivalit\u00e4ten, Geheimnissen und Rache steht die Zukunft der Monarchie auf dem Spiel.\u201c<\/p>\n\n\n\n<figure class=\"wp-block-embed is-type-rich is-provider-twitter wp-block-embed-twitter\"><div class=\"wp-block-embed__wrapper\">\n<blockquote class=\"twitter-tweet\" data-width=\"500\" data-dnt=\"true\"><p lang=\"nl\" dir=\"ltr\">&#039;EINDSTRIJD&#039; Transporter <a href=\"https:\/\/twitter.com\/scobie?ref_src=twsrc%5Etfw\">@Scobie<\/a> Ich muss aus dem Handel kommen und die NLse-Mitarbeiter auf die Suche nach einem Agenten in VS machen. \u201e\u00dcber eine der Passagen wird vielfach gesprochen.\u201c<br>Er sah (oa) te gaan om de Passage \u00fcber Charles&#039; Kommentar zum Thema Archie. <a href=\"https:\/\/t.co\/RoOhzsnWED\">https:\/\/t.co\/RoOhzsnWED<\/a><\/p>\u2014 Rick Evers (@RickEversRoyal) <a href=\"https:\/\/twitter.com\/RickEversRoyal\/status\/1729507918448402738?ref_src=twsrc%5Etfw\">28. November 2023<\/a><\/blockquote><script async src=\"https:\/\/platform.twitter.com\/widgets.js\" charset=\"utf-8\"><\/script>\n<\/div><\/figure>\n\n\n\n<h2 class=\"wp-block-heading\" id=\"h-le-accuse-alla-famiglia-reale\">Die Vorw\u00fcrfe gegen die k\u00f6nigliche Familie<\/h2>\n\n\n\n<p>Scobie ist ein Journalist und Autor, der das Leben der Royals seit \u00fcber einem Jahrzehnt genau verfolgt und privilegierten Zugang zu Dianas Kindern und ihren Kreisen hat. Scobie enth\u00fcllt alles, was Harry nicht sagen konnte, von Meghans Anschuldigungen \u00fcber Mitglieder der k\u00f6niglichen Familie, die \u201ebesorgt\u201c \u00fcber die Hautfarbe ihres Sohnes sind, \u00fcber die K\u00e4lte von Charles und William bis hin zu Kates Passivit\u00e4t. Charles wird als gescheiterter Vater und betr\u00fcgerischer Ehemann dargestellt, der negative Informationen \u00fcber Harry an die Presse weitergegeben hat. Andrea wird vorgeworfen, seine Verbindungen zu Jeffrey Epstein, dem milliardenschweren P\u00e4dophilen, vertuscht zu haben. Das Gericht wird als ein rassistisches, frauenfeindliches und schikanierendes Umfeld beschrieben, das Harry und Meghan behindert und isoliert hat. Ein bombastisches Buch, das unbequeme Wahrheiten \u00fcber die britische Krone erforscht, f\u00fcnfhundert Seiten \u00fcber den Hintergrund der k\u00f6niglichen Saga.<\/p>\n\n\n\n<h2 class=\"wp-block-heading\" id=\"h-re-carlo-razzista-il-libro-ritirato-nei-paesi-bassi\">\u201eK\u00f6nig Karl rassistisch\u201c, das Buch wurde in den Niederlanden zur\u00fcckgezogen<\/h2>\n\n\n\n<p>Das umstrittene Buch \u201eEndgame\u201c \u00fcber das britische K\u00f6nigshaus wird in den Niederlanden unmittelbar nach seinem Erscheinungsdatum vom Markt genommen. Laut dem niederl\u00e4ndischen Verleger Xander Publishers \u201ewaren mehrere Passagen Gegenstand von Diskussionen und wurden m\u00f6glicherweise nicht korrekt wiedergegeben.\u201c Eine angeblich rassistische \u00c4u\u00dferung des amtierenden britischen K\u00f6nigs Charles \u00fcber die Hautfarbe seines Neffen Archie findet sich in der niederl\u00e4ndischen Fassung, nicht jedoch in der englischen.<\/p>\n\n\n\n<p>Ein niederl\u00e4ndischer Journalist, der den Schritt bemerkte, sagte auf seinem X-Profil: \u201eDie NL-Version (Niederlande) von \u201aEndgame\u2018 muss aus dem Verkauf genommen werden, sagt der niederl\u00e4ndische Verleger auf Anfrage des amerikanischen Agenten.\u201c \u201eEinige Passagen haben zu Diskussionen gef\u00fchrt und wurden m\u00f6glicherweise nicht korrekt wiedergegeben. \u201eDies scheint auch mit der Anschuldigung gegen K\u00f6nig Charles bez\u00fcglich der Hautfarbe von Archie zusammenzuh\u00e4ngen.\u201c<\/p>\n\n\n\n<p>Der Buckingham Palace gab keinen Kommentar ab, aber Herausgeber Xander best\u00e4tigte, dass er in letzter Minute eine Anfrage aus den USA erhalten hatte, den Verkauf von Endgame auszusetzen. Ein Sprecher sagte, man warte \u201eauf weitere Anweisungen\u201c. Weder die Namen noch die Namen der Mitglieder der k\u00f6niglichen Familie, die die Kommentare abgegeben haben k\u00f6nnten, werden in der englischen Version von Scobies Buch ver\u00f6ffentlicht, obwohl der Autor zum ersten Mal verr\u00e4t, wie Briefe zwischen Meghan und dem K\u00f6nig ausgetauscht wurden.<\/p>\n\n\n\n<h2 class=\"wp-block-heading\" id=\"h-harry-e-meghan-avevano-scagionato-la-regina-e-filippo\">Harry und Meghan h\u00e4tten die Queen und Philip \u201eentlastet\u201c.<\/h2>\n\n\n\n<p>Darin hei\u00dft es: \u201eAls Harry und Meghan mit Oprah sprachen, verzichteten sie darauf, zu verraten, wer an diesem Austausch beteiligt war. (Ein Vertreter des Paares stellte lediglich klar, dass es sich nicht um die K\u00f6nigin oder Prinz Philip handelte.) \u201eIch denke, es w\u00fcrde ihnen sehr schaden\u201c, sagte Meghan. \u201eAber auf den Seiten dieser privaten Briefe wurden zwei Identit\u00e4ten enth\u00fcllt. Die Gesetze im Vereinigten K\u00f6nigreich hindern mich daran, zu melden, wer sie waren.\u201c<\/p>\n\n\n\n<p>Das Buch geht weiter detailliert auf die Reaktion des K\u00f6nigs auf Meghan ein und wie er deutlich machen wollte, dass \u201ekein b\u00f6ser Wille oder zuf\u00e4llige Vorurteile vorhanden waren, als die beiden Menschen \u00fcber sein zuk\u00fcnftiges Enkelkind sprachen.\u201c<\/p>\n\n\n\n<p><strong>AKTUELLE ARTIKEL<\/strong><\/p>\n\n\n<ul class=\"wp-block-latest-posts__list wp-block-latest-posts\"><li><a class=\"wp-block-latest-posts__post-title\" href=\"https:\/\/newsvirali.it\/de\/2026\/02\/12\/emma-amit-tote-teufelskrabbe\/\">Vloggerin Emma Amit stirbt nach dem Verzehr einer giftigen Teufelskrabbe<\/a><\/li>\n<li><a class=\"wp-block-latest-posts__post-title\" href=\"https:\/\/newsvirali.it\/de\/2026\/02\/11\/kostumstrafe-fur-die-olympischen-spiele-2026-eroffnet\/\">Mailand-Cortina 2026: Kost\u00fcmwettbewerb er\u00f6ffnet: L\u00e4uferin entgeht Strafe<\/a><\/li>\n<li><a class=\"wp-block-latest-posts__post-title\" href=\"https:\/\/newsvirali.it\/de\/2026\/02\/09\/blackout-mit-dem-fliegenden-schwein-in-china\/\">Fliegende Schweine verursachen Stromausfall: Lesen Sie die unglaubliche Geschichte (und es liegt nicht an einer KI)<\/a><\/li>\n<li><a class=\"wp-block-latest-posts__post-title\" href=\"https:\/\/newsvirali.it\/de\/2026\/02\/05\/drei-schwestern-begingen-selbstmord-in-indien\/\">Eltern konfiszieren Handys wegen exzessiven Spielens: Drei Schwestern begehen Selbstmord<\/a><\/li>\n<li><a class=\"wp-block-latest-posts__post-title\" href=\"https:\/\/newsvirali.it\/de\/2026\/02\/04\/spacex-xai-strategie-musk-weltraumrechenzentren\/\">Es ist keine Fusion: Musks wahrer Plan hinter SpaceX und xAI<\/a><\/li>\n<\/ul><br \/>Folgen Sie uns auch auf Google News: <b><a href=\"https:\/\/news.google.com\/publications\/CAAqBwgKMNqJiwswjMfqAg?hl=it&gl=IT&ceid=IT:it\" target=\"_blank\">klicken Sie hier<\/a><\/b>","protected":false},"excerpt":{"rendered":"<p>Buckingham Palace und die rassistische Aff\u00e4re um Harry und Meghan: Die niederl\u00e4ndische Ausgabe des Buches \u201eEndgame\u201c l\u00f6st Panik aus: Hier ist, was passiert.<\/p>","protected":false},"author":4,"featured_media":11024,"comment_status":"open","ping_status":"open","sticky":false,"template":"","format":"standard","meta":{"MSN_Categories":"Uncategorized","MSN_Publish_Option":false,"MSN_Is_Local_News":false,"MSN_Is_AIAC_Included":"Empty","MSN_Location":"[]","MSN_Add_Feature_Img_On_Top_Of_Post":false,"MSN_Has_Custom_Author":false,"MSN_Custom_Author":"","MSN_Has_Custom_Canonical_Url":false,"MSN_Custom_Canonical_Url":"","footnotes":""},"categories":[9],"tags":[329,314,315],"class_list":["post-11023","post","type-post","status-publish","format-standard","has-post-thumbnail","hentry","category-mondo","tag-harry-e-meghan","tag-principe-harry","tag-reali-inglesi"],"acf":[],"yoast_head":"<!-- This site is optimized with the Yoast SEO Premium plugin v26.7 (Yoast SEO v26.7) - https:\/\/yoast.com\/wordpress\/plugins\/seo\/ -->\n<title>Battuta sul figlio di Harry, scoperto il razzista di Buckingham Palace<\/title>\n<meta name=\"description\" content=\"Buckingham Palace e l&#039;affaire razzista che coinvolge Harry e Meghan: la copia olandese del libro Endgame scatena il panico: ecco che succede.\" \/>\n<meta name=\"robots\" content=\"index, follow, max-snippet:-1, max-image-preview:large, max-video-preview:-1\" \/>\n<link rel=\"canonical\" href=\"https:\/\/newsvirali.it\/de\/2023\/11\/28\/in-einem-rassistischen-kommentar-uber-harrys-sohn-war-es-konig-charles-der-fragte-wie-schwarz-er-werden-konne\/\" \/>\n<meta property=\"og:locale\" content=\"de_DE\" \/>\n<meta property=\"og:type\" content=\"article\" \/>\n<meta property=\"og:title\" content=\"Commento razzista sul figlio di Harry, \u00e8 stato Re Carlo a chiedere: &quot;Quanto pu\u00f2 diventare nero?&quot;\" \/>\n<meta property=\"og:description\" content=\"Buckingham Palace e l&#039;affaire razzista che coinvolge Harry e Meghan: la copia olandese del libro Endgame scatena il panico: ecco che succede.\" \/>\n<meta property=\"og:url\" content=\"https:\/\/newsvirali.it\/de\/2023\/11\/28\/in-einem-rassistischen-kommentar-uber-harrys-sohn-war-es-konig-charles-der-fragte-wie-schwarz-er-werden-konne\/\" \/>\n<meta property=\"og:site_name\" content=\"News virali\" \/>\n<meta property=\"article:published_time\" content=\"2023-11-28T18:24:22+00:00\" \/>\n<meta property=\"article:modified_time\" content=\"2023-11-28T18:24:23+00:00\" \/>\n<meta property=\"og:image\" content=\"https:\/\/newsvirali.it\/wp-content\/uploads\/2023\/11\/Screenshot_1-16.jpg\" \/>\n\t<meta property=\"og:image:width\" content=\"881\" \/>\n\t<meta property=\"og:image:height\" content=\"611\" \/>\n\t<meta property=\"og:image:type\" content=\"image\/jpeg\" \/>\n<meta name=\"author\" content=\"Cecco Prestina\" \/>\n<meta name=\"twitter:card\" content=\"summary_large_image\" \/>\n<meta name=\"twitter:label1\" content=\"Verfasst von\" \/>\n\t<meta name=\"twitter:data1\" content=\"Cecco Prestina\" \/>\n\t<meta name=\"twitter:label2\" content=\"Gesch\u00e4tzte Lesezeit\" \/>\n\t<meta name=\"twitter:data2\" content=\"4\u00a0Minuten\" \/>\n<script type=\"application\/ld+json\" class=\"yoast-schema-graph\">{\"@context\":\"https:\/\/schema.org\",\"@graph\":[{\"@type\":\"NewsArticle\",\"@id\":\"https:\/\/newsvirali.it\/2023\/11\/28\/commento-razzista-sul-figlio-di-harry-e-stato-re-carlo-a-chiedere-quanto-puo-diventare-nero\/#article\",\"isPartOf\":{\"@id\":\"https:\/\/newsvirali.it\/2023\/11\/28\/commento-razzista-sul-figlio-di-harry-e-stato-re-carlo-a-chiedere-quanto-puo-diventare-nero\/\"},\"author\":{\"name\":\"Cecco Prestina\",\"@id\":\"https:\/\/newsvirali.it\/fr\/#\/schema\/person\/4c835f7b49c9adb58b33901ee816565d\"},\"headline\":\"Commento razzista sul figlio di Harry, \u00e8 stato Re Carlo a chiedere: &#8220;Quanto pu\u00f2 diventare nero?&#8221;\",\"datePublished\":\"2023-11-28T18:24:22+00:00\",\"dateModified\":\"2023-11-28T18:24:23+00:00\",\"mainEntityOfPage\":{\"@id\":\"https:\/\/newsvirali.it\/2023\/11\/28\/commento-razzista-sul-figlio-di-harry-e-stato-re-carlo-a-chiedere-quanto-puo-diventare-nero\/\"},\"wordCount\":705,\"commentCount\":0,\"image\":{\"@id\":\"https:\/\/newsvirali.it\/2023\/11\/28\/commento-razzista-sul-figlio-di-harry-e-stato-re-carlo-a-chiedere-quanto-puo-diventare-nero\/#primaryimage\"},\"thumbnailUrl\":\"https:\/\/newsvirali.it\/wp-content\/uploads\/2023\/11\/Screenshot_1-16.jpg\",\"keywords\":[\"harry e meghan\",\"principe harry\",\"reali inglesi\"],\"articleSection\":[\"Mondo\"],\"inLanguage\":\"de\",\"potentialAction\":[{\"@type\":\"CommentAction\",\"name\":\"Comment\",\"target\":[\"https:\/\/newsvirali.it\/2023\/11\/28\/commento-razzista-sul-figlio-di-harry-e-stato-re-carlo-a-chiedere-quanto-puo-diventare-nero\/#respond\"]}],\"copyrightYear\":\"2023\",\"copyrightHolder\":{\"@id\":\"https:\/\/newsvirali.it\/de\/#organization\"}},{\"@type\":\"WebPage\",\"@id\":\"https:\/\/newsvirali.it\/2023\/11\/28\/commento-razzista-sul-figlio-di-harry-e-stato-re-carlo-a-chiedere-quanto-puo-diventare-nero\/\",\"url\":\"https:\/\/newsvirali.it\/2023\/11\/28\/commento-razzista-sul-figlio-di-harry-e-stato-re-carlo-a-chiedere-quanto-puo-diventare-nero\/\",\"name\":\"Battuta sul figlio di Harry, scoperto il razzista di Buckingham Palace\",\"isPartOf\":{\"@id\":\"https:\/\/newsvirali.it\/fr\/#website\"},\"primaryImageOfPage\":{\"@id\":\"https:\/\/newsvirali.it\/2023\/11\/28\/commento-razzista-sul-figlio-di-harry-e-stato-re-carlo-a-chiedere-quanto-puo-diventare-nero\/#primaryimage\"},\"image\":{\"@id\":\"https:\/\/newsvirali.it\/2023\/11\/28\/commento-razzista-sul-figlio-di-harry-e-stato-re-carlo-a-chiedere-quanto-puo-diventare-nero\/#primaryimage\"},\"thumbnailUrl\":\"https:\/\/newsvirali.it\/wp-content\/uploads\/2023\/11\/Screenshot_1-16.jpg\",\"datePublished\":\"2023-11-28T18:24:22+00:00\",\"dateModified\":\"2023-11-28T18:24:23+00:00\",\"author\":{\"@id\":\"https:\/\/newsvirali.it\/fr\/#\/schema\/person\/4c835f7b49c9adb58b33901ee816565d\"},\"description\":\"Buckingham Palace e l'affaire razzista che coinvolge Harry e Meghan: la copia olandese del libro Endgame scatena il panico: ecco che succede.\",\"breadcrumb\":{\"@id\":\"https:\/\/newsvirali.it\/2023\/11\/28\/commento-razzista-sul-figlio-di-harry-e-stato-re-carlo-a-chiedere-quanto-puo-diventare-nero\/#breadcrumb\"},\"inLanguage\":\"de\",\"potentialAction\":[{\"@type\":\"ReadAction\",\"target\":[\"https:\/\/newsvirali.it\/2023\/11\/28\/commento-razzista-sul-figlio-di-harry-e-stato-re-carlo-a-chiedere-quanto-puo-diventare-nero\/\"]}]},{\"@type\":\"ImageObject\",\"inLanguage\":\"de\",\"@id\":\"https:\/\/newsvirali.it\/2023\/11\/28\/commento-razzista-sul-figlio-di-harry-e-stato-re-carlo-a-chiedere-quanto-puo-diventare-nero\/#primaryimage\",\"url\":\"https:\/\/newsvirali.it\/wp-content\/uploads\/2023\/11\/Screenshot_1-16.jpg\",\"contentUrl\":\"https:\/\/newsvirali.it\/wp-content\/uploads\/2023\/11\/Screenshot_1-16.jpg\",\"width\":881,\"height\":611,\"caption\":\"Commento razzista sul figlio di Harry, \u00e8 stato Re Carlo a chiedere: \\\"Quanto pu\u00f2 diventare nero?\\\"\"},{\"@type\":\"BreadcrumbList\",\"@id\":\"https:\/\/newsvirali.it\/2023\/11\/28\/commento-razzista-sul-figlio-di-harry-e-stato-re-carlo-a-chiedere-quanto-puo-diventare-nero\/#breadcrumb\",\"itemListElement\":[{\"@type\":\"ListItem\",\"position\":1,\"name\":\"Home\",\"item\":\"https:\/\/newsvirali.it\/fr\/\"},{\"@type\":\"ListItem\",\"position\":2,\"name\":\"Commento razzista sul figlio di Harry, \u00e8 stato Re Carlo a chiedere: &#8220;Quanto pu\u00f2 diventare nero?&#8221;\"}]},{\"@type\":\"WebSite\",\"@id\":\"https:\/\/newsvirali.it\/fr\/#website\",\"url\":\"https:\/\/newsvirali.it\/fr\/\",\"name\":\"Bake News\",\"description\":\"\",\"potentialAction\":[{\"@type\":\"SearchAction\",\"target\":{\"@type\":\"EntryPoint\",\"urlTemplate\":\"https:\/\/newsvirali.it\/fr\/?s={search_term_string}\"},\"query-input\":{\"@type\":\"PropertyValueSpecification\",\"valueRequired\":true,\"valueName\":\"search_term_string\"}}],\"inLanguage\":\"de\"},{\"@type\":\"Person\",\"@id\":\"https:\/\/newsvirali.it\/fr\/#\/schema\/person\/4c835f7b49c9adb58b33901ee816565d\",\"name\":\"Cecco Prestina\",\"description\":\"Perch\u00e9 nasconderlo? Cecco Prestina \u00e8 un alias, ma dietro di lui non si cela un algoritmo di intelligenza artificiale. C'\u00e8 un giornalista che ha oltre vent'anni di esperienza tutta sul web. Da quando il primo modem ha iniziato a gracchiare sul territorio italiano con Video on Line, Cecco ha capito che da quel doppino sarebbe passato il futuro. Ha dedidicato tutta la sua carriera a capire Internet e poi i social e ora l'Ai. Una carriera in costante aggiornamento. E questa esperienza la mette in campo ogni giorno. Per\u00f2 ogni tanto Cecco ha voglia anche di non scrivere \\\"pipponi\\\" sulla politica, sull'economia. Ha voglia anche di scrivere qualcosa di divertente. Le notizie che trovate su Bake News sono le stesse che Cecco porta all'aperitivo con gli amici. Quelle di cui discutere per farsi due risate. Notizie, vere (qualche volta si fa fatica a crederlo), strane, divertenti, ma anche serie. Bake News \u00e8 nato per questo, dare al pubblico notizie croccanti e calde come il pane che esce dal forno. E Cecco Prestina \u00e8 nato con Bake News.\",\"url\":\"https:\/\/newsvirali.it\/de\/autore\/cecco-prestina\/\"}]}<\/script>\n<!-- \/ Yoast SEO Premium plugin. -->","yoast_head_json":{"title":"Battuta sul figlio di Harry, scoperto il razzista di Buckingham Palace","description":"Buckingham Palace e l'affaire razzista che coinvolge Harry e Meghan: la copia olandese del libro Endgame scatena il panico: ecco che succede.","robots":{"index":"index","follow":"follow","max-snippet":"max-snippet:-1","max-image-preview":"max-image-preview:large","max-video-preview":"max-video-preview:-1"},"canonical":"https:\/\/newsvirali.it\/de\/2023\/11\/28\/in-einem-rassistischen-kommentar-uber-harrys-sohn-war-es-konig-charles-der-fragte-wie-schwarz-er-werden-konne\/","og_locale":"de_DE","og_type":"article","og_title":"Commento razzista sul figlio di Harry, \u00e8 stato Re Carlo a chiedere: \"Quanto pu\u00f2 diventare nero?\"","og_description":"Buckingham Palace e l'affaire razzista che coinvolge Harry e Meghan: la copia olandese del libro Endgame scatena il panico: ecco che succede.","og_url":"https:\/\/newsvirali.it\/de\/2023\/11\/28\/in-einem-rassistischen-kommentar-uber-harrys-sohn-war-es-konig-charles-der-fragte-wie-schwarz-er-werden-konne\/","og_site_name":"News virali","article_published_time":"2023-11-28T18:24:22+00:00","article_modified_time":"2023-11-28T18:24:23+00:00","og_image":[{"width":881,"height":611,"url":"https:\/\/newsvirali.it\/wp-content\/uploads\/2023\/11\/Screenshot_1-16.jpg","type":"image\/jpeg"}],"author":"Cecco Prestina","twitter_card":"summary_large_image","twitter_misc":{"Verfasst von":"Cecco Prestina","Gesch\u00e4tzte Lesezeit":"4\u00a0Minuten"},"schema":{"@context":"https:\/\/schema.org","@graph":[{"@type":"NewsArticle","@id":"https:\/\/newsvirali.it\/2023\/11\/28\/commento-razzista-sul-figlio-di-harry-e-stato-re-carlo-a-chiedere-quanto-puo-diventare-nero\/#article","isPartOf":{"@id":"https:\/\/newsvirali.it\/2023\/11\/28\/commento-razzista-sul-figlio-di-harry-e-stato-re-carlo-a-chiedere-quanto-puo-diventare-nero\/"},"author":{"name":"Cecco Prestina","@id":"https:\/\/newsvirali.it\/fr\/#\/schema\/person\/4c835f7b49c9adb58b33901ee816565d"},"headline":"Commento razzista sul figlio di Harry, \u00e8 stato Re Carlo a chiedere: &#8220;Quanto pu\u00f2 diventare nero?&#8221;","datePublished":"2023-11-28T18:24:22+00:00","dateModified":"2023-11-28T18:24:23+00:00","mainEntityOfPage":{"@id":"https:\/\/newsvirali.it\/2023\/11\/28\/commento-razzista-sul-figlio-di-harry-e-stato-re-carlo-a-chiedere-quanto-puo-diventare-nero\/"},"wordCount":705,"commentCount":0,"image":{"@id":"https:\/\/newsvirali.it\/2023\/11\/28\/commento-razzista-sul-figlio-di-harry-e-stato-re-carlo-a-chiedere-quanto-puo-diventare-nero\/#primaryimage"},"thumbnailUrl":"https:\/\/newsvirali.it\/wp-content\/uploads\/2023\/11\/Screenshot_1-16.jpg","keywords":["harry e meghan","principe harry","reali inglesi"],"articleSection":["Mondo"],"inLanguage":"de","potentialAction":[{"@type":"CommentAction","name":"Comment","target":["https:\/\/newsvirali.it\/2023\/11\/28\/commento-razzista-sul-figlio-di-harry-e-stato-re-carlo-a-chiedere-quanto-puo-diventare-nero\/#respond"]}],"copyrightYear":"2023","copyrightHolder":{"@id":"https:\/\/newsvirali.it\/de\/#organization"}},{"@type":"WebPage","@id":"https:\/\/newsvirali.it\/2023\/11\/28\/commento-razzista-sul-figlio-di-harry-e-stato-re-carlo-a-chiedere-quanto-puo-diventare-nero\/","url":"https:\/\/newsvirali.it\/2023\/11\/28\/commento-razzista-sul-figlio-di-harry-e-stato-re-carlo-a-chiedere-quanto-puo-diventare-nero\/","name":"Battuta sul figlio di Harry, scoperto il razzista di Buckingham Palace","isPartOf":{"@id":"https:\/\/newsvirali.it\/fr\/#website"},"primaryImageOfPage":{"@id":"https:\/\/newsvirali.it\/2023\/11\/28\/commento-razzista-sul-figlio-di-harry-e-stato-re-carlo-a-chiedere-quanto-puo-diventare-nero\/#primaryimage"},"image":{"@id":"https:\/\/newsvirali.it\/2023\/11\/28\/commento-razzista-sul-figlio-di-harry-e-stato-re-carlo-a-chiedere-quanto-puo-diventare-nero\/#primaryimage"},"thumbnailUrl":"https:\/\/newsvirali.it\/wp-content\/uploads\/2023\/11\/Screenshot_1-16.jpg","datePublished":"2023-11-28T18:24:22+00:00","dateModified":"2023-11-28T18:24:23+00:00","author":{"@id":"https:\/\/newsvirali.it\/fr\/#\/schema\/person\/4c835f7b49c9adb58b33901ee816565d"},"description":"Buckingham Palace e l'affaire razzista che coinvolge Harry e Meghan: la copia olandese del libro Endgame scatena il panico: ecco che succede.","breadcrumb":{"@id":"https:\/\/newsvirali.it\/2023\/11\/28\/commento-razzista-sul-figlio-di-harry-e-stato-re-carlo-a-chiedere-quanto-puo-diventare-nero\/#breadcrumb"},"inLanguage":"de","potentialAction":[{"@type":"ReadAction","target":["https:\/\/newsvirali.it\/2023\/11\/28\/commento-razzista-sul-figlio-di-harry-e-stato-re-carlo-a-chiedere-quanto-puo-diventare-nero\/"]}]},{"@type":"ImageObject","inLanguage":"de","@id":"https:\/\/newsvirali.it\/2023\/11\/28\/commento-razzista-sul-figlio-di-harry-e-stato-re-carlo-a-chiedere-quanto-puo-diventare-nero\/#primaryimage","url":"https:\/\/newsvirali.it\/wp-content\/uploads\/2023\/11\/Screenshot_1-16.jpg","contentUrl":"https:\/\/newsvirali.it\/wp-content\/uploads\/2023\/11\/Screenshot_1-16.jpg","width":881,"height":611,"caption":"Commento razzista sul figlio di Harry, \u00e8 stato Re Carlo a chiedere: \"Quanto pu\u00f2 diventare nero?\""},{"@type":"BreadcrumbList","@id":"https:\/\/newsvirali.it\/2023\/11\/28\/commento-razzista-sul-figlio-di-harry-e-stato-re-carlo-a-chiedere-quanto-puo-diventare-nero\/#breadcrumb","itemListElement":[{"@type":"ListItem","position":1,"name":"Home","item":"https:\/\/newsvirali.it\/fr\/"},{"@type":"ListItem","position":2,"name":"Commento razzista sul figlio di Harry, \u00e8 stato Re Carlo a chiedere: &#8220;Quanto pu\u00f2 diventare nero?&#8221;"}]},{"@type":"WebSite","@id":"https:\/\/newsvirali.it\/fr\/#website","url":"https:\/\/newsvirali.it\/fr\/","name":"Bake News","description":"","potentialAction":[{"@type":"SearchAction","target":{"@type":"EntryPoint","urlTemplate":"https:\/\/newsvirali.it\/fr\/?s={search_term_string}"},"query-input":{"@type":"PropertyValueSpecification","valueRequired":true,"valueName":"search_term_string"}}],"inLanguage":"de"},{"@type":"Person","@id":"https:\/\/newsvirali.it\/fr\/#\/schema\/person\/4c835f7b49c9adb58b33901ee816565d","name":"Cecco Prestina","description":"Perch\u00e9 nasconderlo? Cecco Prestina \u00e8 un alias, ma dietro di lui non si cela un algoritmo di intelligenza artificiale. C'\u00e8 un giornalista che ha oltre vent'anni di esperienza tutta sul web. Da quando il primo modem ha iniziato a gracchiare sul territorio italiano con Video on Line, Cecco ha capito che da quel doppino sarebbe passato il futuro. Ha dedidicato tutta la sua carriera a capire Internet e poi i social e ora l'Ai. Una carriera in costante aggiornamento. E questa esperienza la mette in campo ogni giorno. Per\u00f2 ogni tanto Cecco ha voglia anche di non scrivere \"pipponi\" sulla politica, sull'economia. Ha voglia anche di scrivere qualcosa di divertente. Le notizie che trovate su Bake News sono le stesse che Cecco porta all'aperitivo con gli amici. Quelle di cui discutere per farsi due risate. Notizie, vere (qualche volta si fa fatica a crederlo), strane, divertenti, ma anche serie. Bake News \u00e8 nato per questo, dare al pubblico notizie croccanti e calde come il pane che esce dal forno. E Cecco Prestina \u00e8 nato con Bake News.","url":"https:\/\/newsvirali.it\/de\/autore\/cecco-prestina\/"}]}},"_links":{"self":[{"href":"https:\/\/newsvirali.it\/de\/wp-json\/wp\/v2\/posts\/11023","targetHints":{"allow":["GET"]}}],"collection":[{"href":"https:\/\/newsvirali.it\/de\/wp-json\/wp\/v2\/posts"}],"about":[{"href":"https:\/\/newsvirali.it\/de\/wp-json\/wp\/v2\/types\/post"}],"author":[{"embeddable":true,"href":"https:\/\/newsvirali.it\/de\/wp-json\/wp\/v2\/users\/4"}],"replies":[{"embeddable":true,"href":"https:\/\/newsvirali.it\/de\/wp-json\/wp\/v2\/comments?post=11023"}],"version-history":[{"count":2,"href":"https:\/\/newsvirali.it\/de\/wp-json\/wp\/v2\/posts\/11023\/revisions"}],"predecessor-version":[{"id":11026,"href":"https:\/\/newsvirali.it\/de\/wp-json\/wp\/v2\/posts\/11023\/revisions\/11026"}],"wp:featuredmedia":[{"embeddable":true,"href":"https:\/\/newsvirali.it\/de\/wp-json\/wp\/v2\/media\/11024"}],"wp:attachment":[{"href":"https:\/\/newsvirali.it\/de\/wp-json\/wp\/v2\/media?parent=11023"}],"wp:term":[{"taxonomy":"category","embeddable":true,"href":"https:\/\/newsvirali.it\/de\/wp-json\/wp\/v2\/categories?post=11023"},{"taxonomy":"post_tag","embeddable":true,"href":"https:\/\/newsvirali.it\/de\/wp-json\/wp\/v2\/tags?post=11023"}],"curies":[{"name":"wp","href":"https:\/\/api.w.org\/{rel}","templated":true}]}}