{"id":10729,"date":"2023-11-27T13:19:41","date_gmt":"2023-11-27T12:19:41","guid":{"rendered":"https:\/\/www.bakenews.it\/?p=10729"},"modified":"2023-11-27T13:19:42","modified_gmt":"2023-11-27T12:19:42","slug":"tragica-carambola-sbalzata-fuori-dal-bus-finisce-tagliata-in-due-da-un-treno","status":"publish","type":"post","link":"https:\/\/newsvirali.it\/de\/2023\/11\/27\/die-tragische-karambole-wird-aus-dem-bus-geworfen-und-von-einem-zug-in-zwei-teile-zerschnitten\/","title":{"rendered":"Die tragische Karambole wird aus dem Bus geworfen und von einem Zug in zwei Teile zerschnitten"},"content":{"rendered":"<p>Eine Frau wurde bei einem seltsamen Unfall, bei dem sie zun\u00e4chst aus einem Bus st\u00fcrzte und dann von einem Zug erfasst wurde, in zwei H\u00e4lften geschnitten und starb. Julia de Albuquerque Violato sa\u00df an Bord eines Busses, der auf den Gleisen landete, als ein entgegenkommender G\u00fcterzug auf ihn zuraste. Die gesamte Szene wurde in mehreren schockierenden Videos festgehalten, die die letzten Momente festhielten, bevor der 37-J\u00e4hrige unter grausamen Umst\u00e4nden get\u00f6tet wurde.<\/p>\n\n\n\n<p><strong>LESEN SIE AUCH<\/strong><\/p>\n\n\n\n<ul class=\"wp-block-list\">\n<li><a href=\"https:\/\/www.bakenews.it\/bimbo-decapitato-in-incidente-stradale-i-chirurghi-fanno-il-miracolo\/\">Kind bei Verkehrsunfall enthauptet: Chirurgen vollbringen ein Wunder<\/a><\/li>\n\n\n\n<li><a href=\"https:\/\/www.bakenews.it\/aereo-perde-finestrini-re-carlo-equipaggio-accorge-alta-quota\/\">Flugzeug von K\u00f6nig Charles verliert Fenster: Die Besatzung bemerkt es in gro\u00dfer H\u00f6he<\/a><\/li>\n\n\n\n<li><a href=\"https:\/\/www.bakenews.it\/giocatore-di-hockey-muore-durante-partita-il-video-shock-della-tragedia\/\">Eishockeyspieler stirbt w\u00e4hrend Spiel: das schockierende Video der Trag\u00f6die<\/a><\/li>\n<\/ul>\n\n\n\n<h2 class=\"wp-block-heading\" id=\"h-tagliata-in-due-da-un-treno\">Von einem Zug in zwei Teile geteilt<\/h2>\n\n\n\n<p>Ein Autofahrer, der darauf wartete, den Bahn\u00fcbergang zu \u00fcberqueren, nahm das Ger\u00e4usch des G\u00fcterzuges auf, um den Bus zum Weiterfahren zu bewegen. Die Auswirkungen waren unvermeidlich. Julia wurde aus dem Bus geschleudert und landete auf den Gleisen, wo sie vom entgegenkommenden Zug in zwei H\u00e4lften geteilt wurde. Zus\u00e4tzlich zu seinem tragischen Tod wurden f\u00fcnf Menschen verletzt.<\/p>\n\n\n\n<p>Feuerwehrleute in Brasilien sagten, sie sei aus dem Bus geworfen und vom Zug erfasst worden. Vier der f\u00fcnf Verletzten wurden ebenfalls namentlich genannt: Nildete Antunes Vitor, Julio Botelho Fernandes, Janderson Rodrigues da Costa und Pedro Domiense Campos. Das f\u00fcnfte Opfer, ein 19-j\u00e4hriges M\u00e4dchen, wurde nicht namentlich genannt, wurde jedoch ins Krankenhaus eingeliefert, ebenfalls unter Schock, nachdem es nach dem Horrorvorfall und den darauf folgenden chaotischen Szenen einen Nervenzusammenbruch erlitten hatte.<\/p>\n\n\n\n<h2 class=\"wp-block-heading\" id=\"h-la-madre-della-vittima-tornava-dalla-beneficenza\">Die Mutter des Opfers: \u201eEr kam von einer Wohlt\u00e4tigkeitsorganisation zur\u00fcck\u201c<\/h2>\n\n\n\n<p>Julias Mutter, Ana Rosa, 72, machte den Busfahrer f\u00fcr den Tod ihrer Tochter verantwortlich und sagte: \u201eEs war kein Unfall, es war ein Verbrechen.\u201c <a href=\"https:\/\/www.dailystar.co.uk\/news\/world-news\/woman-cut-half-after-falling-31532250\" target=\"_blank\" rel=\"noreferrer noopener\">er erz\u00e4hlte dem Daily Star<\/a>. Er sagte auch, dass Julia gerade Kleidung zu einem Wohlt\u00e4tigkeitsladen brachte, als sich der tragische Unfall ereignete. Ana Rosa erinnert sich auch liebevoll an ihre Tochter und sagt: \u201eSie hat sich um mich gek\u00fcmmert, weil ich zwar ein aktiver Mensch bin, aber schon \u00e4lter. Er sagte immer, er wolle nicht vor mir sterben. Er k\u00fcmmerte sich so sehr um mich und liebte mich so sehr. Ich wei\u00df nicht, wie ich ohne sie leben soll.<\/p>\n\n\n\n<p><strong>LESEN SIE ANDERE WELT-NEWS<\/strong><\/p>\n\n\n<ul class=\"wp-block-latest-posts__list wp-block-latest-posts\"><li><a class=\"wp-block-latest-posts__post-title\" href=\"https:\/\/newsvirali.it\/de\/2026\/02\/12\/emma-amit-tote-teufelskrabbe\/\">Vloggerin Emma Amit stirbt nach dem Verzehr einer giftigen Teufelskrabbe<\/a><\/li>\n<li><a class=\"wp-block-latest-posts__post-title\" href=\"https:\/\/newsvirali.it\/de\/2026\/02\/05\/drei-schwestern-begingen-selbstmord-in-indien\/\">Eltern konfiszieren Handys wegen exzessiven Spielens: Drei Schwestern begehen Selbstmord<\/a><\/li>\n<li><a class=\"wp-block-latest-posts__post-title\" href=\"https:\/\/newsvirali.it\/de\/2026\/01\/30\/festnahme-in-einem-ferienresort-in-florida-wegen-obszoner-handlungen\/\">Schockierende Szenen in einem Ferienresort in Florida: Mann wegen exhibitionistischer Handlungen mit einem Staubsauger verhaftet<\/a><\/li>\n<li><a class=\"wp-block-latest-posts__post-title\" href=\"https:\/\/newsvirali.it\/de\/2026\/01\/28\/betrunkener-vater-erhangt-sohn-in-schockierendem-video\/\">Betrunkener Vater h\u00e4ngt Sohn aus dem Fenster: Schockierendes Video<\/a><\/li>\n<li><a class=\"wp-block-latest-posts__post-title\" href=\"https:\/\/newsvirali.it\/de\/2026\/01\/27\/schwangere-lehrerin-und-13-jahrige-schulerin\/\">Lehrerin gibt zu, von 13-j\u00e4hrigem Sch\u00fcler schwanger geworden zu sein<\/a><\/li>\n<\/ul><br \/>Folgen Sie uns auch auf Google News: <b><a href=\"https:\/\/news.google.com\/publications\/CAAqBwgKMNqJiwswjMfqAg?hl=it&gl=IT&ceid=IT:it\" target=\"_blank\">klicken Sie hier<\/a><\/b>","protected":false},"excerpt":{"rendered":"<p>Eine Frau starb in zwei H\u00e4lften geschnitten bei einem seltsamen Unfall, bei dem sie zum ersten Mal aus einem Bus st\u00fcrzte und [\u2026]<\/p>","protected":false},"author":4,"featured_media":10730,"comment_status":"open","ping_status":"open","sticky":false,"template":"","format":"standard","meta":{"MSN_Categories":"Uncategorized","MSN_Publish_Option":false,"MSN_Is_Local_News":false,"MSN_Is_AIAC_Included":"Empty","MSN_Location":"[]","MSN_Add_Feature_Img_On_Top_Of_Post":false,"MSN_Has_Custom_Author":false,"MSN_Custom_Author":"","MSN_Has_Custom_Canonical_Url":false,"MSN_Custom_Canonical_Url":"","footnotes":""},"categories":[9],"tags":[],"class_list":["post-10729","post","type-post","status-publish","format-standard","has-post-thumbnail","hentry","category-mondo"],"acf":[],"yoast_head":"<!-- This site is optimized with the Yoast SEO Premium plugin v26.7 (Yoast SEO v26.7) - https:\/\/yoast.com\/wordpress\/plugins\/seo\/ -->\n<title>Sbalzata fuori dal bus finisce tagliata in due da un treno<\/title>\n<meta name=\"description\" content=\"Un tragico incidente dove la vittima \u00e8 stata prima sbalzata fuori da un bus e poi \u00e8 finita tagliata in due da un treno: ecco la dinamica.\" \/>\n<meta name=\"robots\" content=\"index, follow, max-snippet:-1, max-image-preview:large, max-video-preview:-1\" \/>\n<link rel=\"canonical\" href=\"https:\/\/newsvirali.it\/de\/2023\/11\/27\/die-tragische-karambole-wird-aus-dem-bus-geworfen-und-von-einem-zug-in-zwei-teile-zerschnitten\/\" \/>\n<meta property=\"og:locale\" content=\"de_DE\" \/>\n<meta property=\"og:type\" content=\"article\" \/>\n<meta property=\"og:title\" content=\"Tragica carambola, sbalzata fuori dal bus finisce tagliata in due da un treno\" \/>\n<meta property=\"og:description\" content=\"Un tragico incidente dove la vittima \u00e8 stata prima sbalzata fuori da un bus e poi \u00e8 finita tagliata in due da un treno: ecco la dinamica.\" \/>\n<meta property=\"og:url\" content=\"https:\/\/newsvirali.it\/de\/2023\/11\/27\/die-tragische-karambole-wird-aus-dem-bus-geworfen-und-von-einem-zug-in-zwei-teile-zerschnitten\/\" \/>\n<meta property=\"og:site_name\" content=\"News virali\" \/>\n<meta property=\"article:published_time\" content=\"2023-11-27T12:19:41+00:00\" \/>\n<meta property=\"article:modified_time\" content=\"2023-11-27T12:19:42+00:00\" \/>\n<meta property=\"og:image\" content=\"https:\/\/newsvirali.it\/wp-content\/uploads\/2023\/11\/MixCollage-27-Nov-2023-01-10-PM-2449.jpg\" \/>\n\t<meta property=\"og:image:width\" content=\"2000\" \/>\n\t<meta property=\"og:image:height\" content=\"1125\" \/>\n\t<meta property=\"og:image:type\" content=\"image\/jpeg\" \/>\n<meta name=\"author\" content=\"Cecco Prestina\" \/>\n<meta name=\"twitter:card\" content=\"summary_large_image\" \/>\n<meta name=\"twitter:label1\" content=\"Verfasst von\" \/>\n\t<meta name=\"twitter:data1\" content=\"Cecco Prestina\" \/>\n\t<meta name=\"twitter:label2\" content=\"Gesch\u00e4tzte Lesezeit\" \/>\n\t<meta name=\"twitter:data2\" content=\"2\u00a0Minuten\" \/>\n<script type=\"application\/ld+json\" class=\"yoast-schema-graph\">{\"@context\":\"https:\/\/schema.org\",\"@graph\":[{\"@type\":\"NewsArticle\",\"@id\":\"https:\/\/newsvirali.it\/2023\/11\/27\/tragica-carambola-sbalzata-fuori-dal-bus-finisce-tagliata-in-due-da-un-treno\/#article\",\"isPartOf\":{\"@id\":\"https:\/\/newsvirali.it\/2023\/11\/27\/tragica-carambola-sbalzata-fuori-dal-bus-finisce-tagliata-in-due-da-un-treno\/\"},\"author\":{\"name\":\"Cecco Prestina\",\"@id\":\"https:\/\/newsvirali.it\/fr\/#\/schema\/person\/4c835f7b49c9adb58b33901ee816565d\"},\"headline\":\"Tragica carambola, sbalzata fuori dal bus finisce tagliata in due da un treno\",\"datePublished\":\"2023-11-27T12:19:41+00:00\",\"dateModified\":\"2023-11-27T12:19:42+00:00\",\"mainEntityOfPage\":{\"@id\":\"https:\/\/newsvirali.it\/2023\/11\/27\/tragica-carambola-sbalzata-fuori-dal-bus-finisce-tagliata-in-due-da-un-treno\/\"},\"wordCount\":380,\"commentCount\":0,\"image\":{\"@id\":\"https:\/\/newsvirali.it\/2023\/11\/27\/tragica-carambola-sbalzata-fuori-dal-bus-finisce-tagliata-in-due-da-un-treno\/#primaryimage\"},\"thumbnailUrl\":\"https:\/\/newsvirali.it\/wp-content\/uploads\/2023\/11\/MixCollage-27-Nov-2023-01-10-PM-2449.jpg\",\"articleSection\":[\"Mondo\"],\"inLanguage\":\"de\",\"potentialAction\":[{\"@type\":\"CommentAction\",\"name\":\"Comment\",\"target\":[\"https:\/\/newsvirali.it\/2023\/11\/27\/tragica-carambola-sbalzata-fuori-dal-bus-finisce-tagliata-in-due-da-un-treno\/#respond\"]}],\"copyrightYear\":\"2023\",\"copyrightHolder\":{\"@id\":\"https:\/\/newsvirali.it\/de\/#organization\"}},{\"@type\":\"WebPage\",\"@id\":\"https:\/\/newsvirali.it\/2023\/11\/27\/tragica-carambola-sbalzata-fuori-dal-bus-finisce-tagliata-in-due-da-un-treno\/\",\"url\":\"https:\/\/newsvirali.it\/2023\/11\/27\/tragica-carambola-sbalzata-fuori-dal-bus-finisce-tagliata-in-due-da-un-treno\/\",\"name\":\"Sbalzata fuori dal bus finisce tagliata in due da un treno\",\"isPartOf\":{\"@id\":\"https:\/\/newsvirali.it\/fr\/#website\"},\"primaryImageOfPage\":{\"@id\":\"https:\/\/newsvirali.it\/2023\/11\/27\/tragica-carambola-sbalzata-fuori-dal-bus-finisce-tagliata-in-due-da-un-treno\/#primaryimage\"},\"image\":{\"@id\":\"https:\/\/newsvirali.it\/2023\/11\/27\/tragica-carambola-sbalzata-fuori-dal-bus-finisce-tagliata-in-due-da-un-treno\/#primaryimage\"},\"thumbnailUrl\":\"https:\/\/newsvirali.it\/wp-content\/uploads\/2023\/11\/MixCollage-27-Nov-2023-01-10-PM-2449.jpg\",\"datePublished\":\"2023-11-27T12:19:41+00:00\",\"dateModified\":\"2023-11-27T12:19:42+00:00\",\"author\":{\"@id\":\"https:\/\/newsvirali.it\/fr\/#\/schema\/person\/4c835f7b49c9adb58b33901ee816565d\"},\"description\":\"Un tragico incidente dove la vittima \u00e8 stata prima sbalzata fuori da un bus e poi \u00e8 finita tagliata in due da un treno: ecco la dinamica.\",\"breadcrumb\":{\"@id\":\"https:\/\/newsvirali.it\/2023\/11\/27\/tragica-carambola-sbalzata-fuori-dal-bus-finisce-tagliata-in-due-da-un-treno\/#breadcrumb\"},\"inLanguage\":\"de\",\"potentialAction\":[{\"@type\":\"ReadAction\",\"target\":[\"https:\/\/newsvirali.it\/2023\/11\/27\/tragica-carambola-sbalzata-fuori-dal-bus-finisce-tagliata-in-due-da-un-treno\/\"]}]},{\"@type\":\"ImageObject\",\"inLanguage\":\"de\",\"@id\":\"https:\/\/newsvirali.it\/2023\/11\/27\/tragica-carambola-sbalzata-fuori-dal-bus-finisce-tagliata-in-due-da-un-treno\/#primaryimage\",\"url\":\"https:\/\/newsvirali.it\/wp-content\/uploads\/2023\/11\/MixCollage-27-Nov-2023-01-10-PM-2449.jpg\",\"contentUrl\":\"https:\/\/newsvirali.it\/wp-content\/uploads\/2023\/11\/MixCollage-27-Nov-2023-01-10-PM-2449.jpg\",\"width\":2000,\"height\":1125,\"caption\":\"Tragica carambola, sbalzata fuori dal bus finisce tagliata in due da un treno\"},{\"@type\":\"BreadcrumbList\",\"@id\":\"https:\/\/newsvirali.it\/2023\/11\/27\/tragica-carambola-sbalzata-fuori-dal-bus-finisce-tagliata-in-due-da-un-treno\/#breadcrumb\",\"itemListElement\":[{\"@type\":\"ListItem\",\"position\":1,\"name\":\"Home\",\"item\":\"https:\/\/newsvirali.it\/fr\/\"},{\"@type\":\"ListItem\",\"position\":2,\"name\":\"Tragica carambola, sbalzata fuori dal bus finisce tagliata in due da un treno\"}]},{\"@type\":\"WebSite\",\"@id\":\"https:\/\/newsvirali.it\/fr\/#website\",\"url\":\"https:\/\/newsvirali.it\/fr\/\",\"name\":\"Bake News\",\"description\":\"\",\"potentialAction\":[{\"@type\":\"SearchAction\",\"target\":{\"@type\":\"EntryPoint\",\"urlTemplate\":\"https:\/\/newsvirali.it\/fr\/?s={search_term_string}\"},\"query-input\":{\"@type\":\"PropertyValueSpecification\",\"valueRequired\":true,\"valueName\":\"search_term_string\"}}],\"inLanguage\":\"de\"},{\"@type\":\"Person\",\"@id\":\"https:\/\/newsvirali.it\/fr\/#\/schema\/person\/4c835f7b49c9adb58b33901ee816565d\",\"name\":\"Cecco Prestina\",\"description\":\"Perch\u00e9 nasconderlo? Cecco Prestina \u00e8 un alias, ma dietro di lui non si cela un algoritmo di intelligenza artificiale. C'\u00e8 un giornalista che ha oltre vent'anni di esperienza tutta sul web. Da quando il primo modem ha iniziato a gracchiare sul territorio italiano con Video on Line, Cecco ha capito che da quel doppino sarebbe passato il futuro. Ha dedidicato tutta la sua carriera a capire Internet e poi i social e ora l'Ai. Una carriera in costante aggiornamento. E questa esperienza la mette in campo ogni giorno. Per\u00f2 ogni tanto Cecco ha voglia anche di non scrivere \\\"pipponi\\\" sulla politica, sull'economia. Ha voglia anche di scrivere qualcosa di divertente. Le notizie che trovate su Bake News sono le stesse che Cecco porta all'aperitivo con gli amici. Quelle di cui discutere per farsi due risate. Notizie, vere (qualche volta si fa fatica a crederlo), strane, divertenti, ma anche serie. Bake News \u00e8 nato per questo, dare al pubblico notizie croccanti e calde come il pane che esce dal forno. E Cecco Prestina \u00e8 nato con Bake News.\",\"url\":\"https:\/\/newsvirali.it\/de\/autore\/cecco-prestina\/\"}]}<\/script>\n<!-- \/ Yoast SEO Premium plugin. -->","yoast_head_json":{"title":"Sbalzata fuori dal bus finisce tagliata in due da un treno","description":"Un tragico incidente dove la vittima \u00e8 stata prima sbalzata fuori da un bus e poi \u00e8 finita tagliata in due da un treno: ecco la dinamica.","robots":{"index":"index","follow":"follow","max-snippet":"max-snippet:-1","max-image-preview":"max-image-preview:large","max-video-preview":"max-video-preview:-1"},"canonical":"https:\/\/newsvirali.it\/de\/2023\/11\/27\/die-tragische-karambole-wird-aus-dem-bus-geworfen-und-von-einem-zug-in-zwei-teile-zerschnitten\/","og_locale":"de_DE","og_type":"article","og_title":"Tragica carambola, sbalzata fuori dal bus finisce tagliata in due da un treno","og_description":"Un tragico incidente dove la vittima \u00e8 stata prima sbalzata fuori da un bus e poi \u00e8 finita tagliata in due da un treno: ecco la dinamica.","og_url":"https:\/\/newsvirali.it\/de\/2023\/11\/27\/die-tragische-karambole-wird-aus-dem-bus-geworfen-und-von-einem-zug-in-zwei-teile-zerschnitten\/","og_site_name":"News virali","article_published_time":"2023-11-27T12:19:41+00:00","article_modified_time":"2023-11-27T12:19:42+00:00","og_image":[{"width":2000,"height":1125,"url":"https:\/\/newsvirali.it\/wp-content\/uploads\/2023\/11\/MixCollage-27-Nov-2023-01-10-PM-2449.jpg","type":"image\/jpeg"}],"author":"Cecco Prestina","twitter_card":"summary_large_image","twitter_misc":{"Verfasst von":"Cecco Prestina","Gesch\u00e4tzte Lesezeit":"2\u00a0Minuten"},"schema":{"@context":"https:\/\/schema.org","@graph":[{"@type":"NewsArticle","@id":"https:\/\/newsvirali.it\/2023\/11\/27\/tragica-carambola-sbalzata-fuori-dal-bus-finisce-tagliata-in-due-da-un-treno\/#article","isPartOf":{"@id":"https:\/\/newsvirali.it\/2023\/11\/27\/tragica-carambola-sbalzata-fuori-dal-bus-finisce-tagliata-in-due-da-un-treno\/"},"author":{"name":"Cecco Prestina","@id":"https:\/\/newsvirali.it\/fr\/#\/schema\/person\/4c835f7b49c9adb58b33901ee816565d"},"headline":"Tragica carambola, sbalzata fuori dal bus finisce tagliata in due da un treno","datePublished":"2023-11-27T12:19:41+00:00","dateModified":"2023-11-27T12:19:42+00:00","mainEntityOfPage":{"@id":"https:\/\/newsvirali.it\/2023\/11\/27\/tragica-carambola-sbalzata-fuori-dal-bus-finisce-tagliata-in-due-da-un-treno\/"},"wordCount":380,"commentCount":0,"image":{"@id":"https:\/\/newsvirali.it\/2023\/11\/27\/tragica-carambola-sbalzata-fuori-dal-bus-finisce-tagliata-in-due-da-un-treno\/#primaryimage"},"thumbnailUrl":"https:\/\/newsvirali.it\/wp-content\/uploads\/2023\/11\/MixCollage-27-Nov-2023-01-10-PM-2449.jpg","articleSection":["Mondo"],"inLanguage":"de","potentialAction":[{"@type":"CommentAction","name":"Comment","target":["https:\/\/newsvirali.it\/2023\/11\/27\/tragica-carambola-sbalzata-fuori-dal-bus-finisce-tagliata-in-due-da-un-treno\/#respond"]}],"copyrightYear":"2023","copyrightHolder":{"@id":"https:\/\/newsvirali.it\/de\/#organization"}},{"@type":"WebPage","@id":"https:\/\/newsvirali.it\/2023\/11\/27\/tragica-carambola-sbalzata-fuori-dal-bus-finisce-tagliata-in-due-da-un-treno\/","url":"https:\/\/newsvirali.it\/2023\/11\/27\/tragica-carambola-sbalzata-fuori-dal-bus-finisce-tagliata-in-due-da-un-treno\/","name":"Sbalzata fuori dal bus finisce tagliata in due da un treno","isPartOf":{"@id":"https:\/\/newsvirali.it\/fr\/#website"},"primaryImageOfPage":{"@id":"https:\/\/newsvirali.it\/2023\/11\/27\/tragica-carambola-sbalzata-fuori-dal-bus-finisce-tagliata-in-due-da-un-treno\/#primaryimage"},"image":{"@id":"https:\/\/newsvirali.it\/2023\/11\/27\/tragica-carambola-sbalzata-fuori-dal-bus-finisce-tagliata-in-due-da-un-treno\/#primaryimage"},"thumbnailUrl":"https:\/\/newsvirali.it\/wp-content\/uploads\/2023\/11\/MixCollage-27-Nov-2023-01-10-PM-2449.jpg","datePublished":"2023-11-27T12:19:41+00:00","dateModified":"2023-11-27T12:19:42+00:00","author":{"@id":"https:\/\/newsvirali.it\/fr\/#\/schema\/person\/4c835f7b49c9adb58b33901ee816565d"},"description":"Un tragico incidente dove la vittima \u00e8 stata prima sbalzata fuori da un bus e poi \u00e8 finita tagliata in due da un treno: ecco la dinamica.","breadcrumb":{"@id":"https:\/\/newsvirali.it\/2023\/11\/27\/tragica-carambola-sbalzata-fuori-dal-bus-finisce-tagliata-in-due-da-un-treno\/#breadcrumb"},"inLanguage":"de","potentialAction":[{"@type":"ReadAction","target":["https:\/\/newsvirali.it\/2023\/11\/27\/tragica-carambola-sbalzata-fuori-dal-bus-finisce-tagliata-in-due-da-un-treno\/"]}]},{"@type":"ImageObject","inLanguage":"de","@id":"https:\/\/newsvirali.it\/2023\/11\/27\/tragica-carambola-sbalzata-fuori-dal-bus-finisce-tagliata-in-due-da-un-treno\/#primaryimage","url":"https:\/\/newsvirali.it\/wp-content\/uploads\/2023\/11\/MixCollage-27-Nov-2023-01-10-PM-2449.jpg","contentUrl":"https:\/\/newsvirali.it\/wp-content\/uploads\/2023\/11\/MixCollage-27-Nov-2023-01-10-PM-2449.jpg","width":2000,"height":1125,"caption":"Tragica carambola, sbalzata fuori dal bus finisce tagliata in due da un treno"},{"@type":"BreadcrumbList","@id":"https:\/\/newsvirali.it\/2023\/11\/27\/tragica-carambola-sbalzata-fuori-dal-bus-finisce-tagliata-in-due-da-un-treno\/#breadcrumb","itemListElement":[{"@type":"ListItem","position":1,"name":"Home","item":"https:\/\/newsvirali.it\/fr\/"},{"@type":"ListItem","position":2,"name":"Tragica carambola, sbalzata fuori dal bus finisce tagliata in due da un treno"}]},{"@type":"WebSite","@id":"https:\/\/newsvirali.it\/fr\/#website","url":"https:\/\/newsvirali.it\/fr\/","name":"Bake News","description":"","potentialAction":[{"@type":"SearchAction","target":{"@type":"EntryPoint","urlTemplate":"https:\/\/newsvirali.it\/fr\/?s={search_term_string}"},"query-input":{"@type":"PropertyValueSpecification","valueRequired":true,"valueName":"search_term_string"}}],"inLanguage":"de"},{"@type":"Person","@id":"https:\/\/newsvirali.it\/fr\/#\/schema\/person\/4c835f7b49c9adb58b33901ee816565d","name":"Cecco Prestina","description":"Perch\u00e9 nasconderlo? Cecco Prestina \u00e8 un alias, ma dietro di lui non si cela un algoritmo di intelligenza artificiale. C'\u00e8 un giornalista che ha oltre vent'anni di esperienza tutta sul web. Da quando il primo modem ha iniziato a gracchiare sul territorio italiano con Video on Line, Cecco ha capito che da quel doppino sarebbe passato il futuro. Ha dedidicato tutta la sua carriera a capire Internet e poi i social e ora l'Ai. Una carriera in costante aggiornamento. E questa esperienza la mette in campo ogni giorno. Per\u00f2 ogni tanto Cecco ha voglia anche di non scrivere \"pipponi\" sulla politica, sull'economia. Ha voglia anche di scrivere qualcosa di divertente. Le notizie che trovate su Bake News sono le stesse che Cecco porta all'aperitivo con gli amici. Quelle di cui discutere per farsi due risate. Notizie, vere (qualche volta si fa fatica a crederlo), strane, divertenti, ma anche serie. Bake News \u00e8 nato per questo, dare al pubblico notizie croccanti e calde come il pane che esce dal forno. E Cecco Prestina \u00e8 nato con Bake News.","url":"https:\/\/newsvirali.it\/de\/autore\/cecco-prestina\/"}]}},"_links":{"self":[{"href":"https:\/\/newsvirali.it\/de\/wp-json\/wp\/v2\/posts\/10729","targetHints":{"allow":["GET"]}}],"collection":[{"href":"https:\/\/newsvirali.it\/de\/wp-json\/wp\/v2\/posts"}],"about":[{"href":"https:\/\/newsvirali.it\/de\/wp-json\/wp\/v2\/types\/post"}],"author":[{"embeddable":true,"href":"https:\/\/newsvirali.it\/de\/wp-json\/wp\/v2\/users\/4"}],"replies":[{"embeddable":true,"href":"https:\/\/newsvirali.it\/de\/wp-json\/wp\/v2\/comments?post=10729"}],"version-history":[{"count":4,"href":"https:\/\/newsvirali.it\/de\/wp-json\/wp\/v2\/posts\/10729\/revisions"}],"predecessor-version":[{"id":10766,"href":"https:\/\/newsvirali.it\/de\/wp-json\/wp\/v2\/posts\/10729\/revisions\/10766"}],"wp:featuredmedia":[{"embeddable":true,"href":"https:\/\/newsvirali.it\/de\/wp-json\/wp\/v2\/media\/10730"}],"wp:attachment":[{"href":"https:\/\/newsvirali.it\/de\/wp-json\/wp\/v2\/media?parent=10729"}],"wp:term":[{"taxonomy":"category","embeddable":true,"href":"https:\/\/newsvirali.it\/de\/wp-json\/wp\/v2\/categories?post=10729"},{"taxonomy":"post_tag","embeddable":true,"href":"https:\/\/newsvirali.it\/de\/wp-json\/wp\/v2\/tags?post=10729"}],"curies":[{"name":"wp","href":"https:\/\/api.w.org\/{rel}","templated":true}]}}